{"id":2336,"date":"2015-11-23T10:01:22","date_gmt":"2015-11-23T09:01:22","guid":{"rendered":"http:\/\/www.moravecteam.cz\/?p=2336"},"modified":"2015-11-23T19:20:27","modified_gmt":"2015-11-23T18:20:27","slug":"bomba-z-trnavy","status":"publish","type":"post","link":"https:\/\/www.moravecteam.cz\/?p=2336","title":{"rendered":"Bomba z Trnavy!!!"},"content":{"rendered":"<p style=\"text-align: justify;\"><strong><span style=\"color: #800000;\">\u017de je cyklokrosov\u00e1 sez\u00f3na v pln\u00e9m proudu, to samoz\u0159ejm\u011b na vlastn\u00ed k\u016f\u017ei v\u00edme. Trochu stranou (a zcela nepr\u00e1vem) ale z\u016fst\u00e1vaj\u00ed cyklokrosov\u00e9 z\u00e1vody kategorie Masters, ve kter\u00fdch d\u00edk bratr\u016fm Bal\u00e1kov\u00fdm, m\u00e1me\u00a0u\u017e druh\u00fd rok aktivn\u00ed zastoupen\u00ed.\u00a0 A byl to pr\u00e1v\u011b star\u0161\u00ed z obou bratr\u016f &#8211; Pavel, kter\u00fd minul\u00fd v\u00edkend p\u0159episoval bronzov\u00fdm p\u00edsmem ve slovensk\u00e9 Trnav\u011b odd\u00edlov\u00e9 d\u011bjiny&#8230;<\/span><\/strong><\/p>\n<p style=\"text-align: justify;\"><a href=\"http:\/\/www.moravecteam.cz\/?attachment_id=2354\" rel=\"attachment wp-att-2354\"><img decoding=\"async\" loading=\"lazy\" class=\"size-full wp-image-2354 alignleft\" title=\"T\u0159et\u00ed nejlep\u0161\u00ed Masters &quot;b\u00e9\u010dka\u0159&quot; v Evrop\u011b se jmenuje Pavel Bal\u00e1k a jezd\u00ed za MORAVEC!\" alt=\"DSCF4016\" src=\"http:\/\/www.moravecteam.cz\/wp-content\/uploads\/2015\/11\/DSCF4016.jpg\" width=\"235\" height=\"300\" \/><\/a>Trnavu m\u016f\u017eeme z d\u0159\u00edv\u011bj\u0161\u00edch, je\u0161t\u011b feder\u00e1ln\u00edch dob a pravd\u011bpodobn\u011b i aktu\u00e1ln\u011b pova\u017eovat sp\u00ed\u0161e za fotbalovou ba\u0161tu. Minul\u00fd v\u00edkend si zde v\u0161ak dali dostaven\u00ed\u010dko \u00a0nejlep\u0161\u00ed evrop\u0161t\u00ed &#8222;oldies&#8220;\u00a0cyklokrosa\u0159i kategorie Masters. A na z\u00e1vod sv\u00e9 kategorie se v\u00fdborn\u011b p\u0159ipravil <strong><span style=\"color: #800000;\">Pavel Bal\u00e1k<\/span><\/strong>, kter\u00fd po excelentn\u00edm v\u00fdkonu jako prvn\u00ed MORAVEC v historii, vybojoval na kontinent\u00e1ln\u00edm \u0161ampion\u00e1tu medaili &#8211; v tomto p\u0159\u00edpad\u011b se jedn\u00e1 o historick\u00fd bronz! Bombar\u010f\u00e1k Pavel Bal\u00e1k je tedy t\u0159et\u00edm nejlep\u0161\u00edm\u00a0cyklokrosa\u0159em Evropy v kategori Masters B! Docela pecka, ne? \u00a0Blahop\u0159ejeme Pavle a d\u00edky za vzorn\u00e9 repre odd\u00edlu&#8230; Ironi\u00ed osudu je, \u017ee tento excelentn\u00ed cyklista do dnes je\u0161t\u011b nem\u00e1 letn\u00ed variantu na\u0161ich odd\u00edlov\u00fdch dres\u016f&#8230; Z tohoto pohledu ale m\u016f\u017eeme Pavla ale uklidnit: sou\u010d\u00e1st\u00ed &#8222;souboru opat\u0159en\u00ed&#8220;, kter\u00e9 v pr\u016fb\u011bhu leto\u0161n\u00ed sez\u00f3ny v r\u00e1mci MORAVCE prob\u011bhly, je i v\u011bc v\u010dasn\u00e9ho od\u011bn\u00ed na\u0161ich rajdr\u016f do budoucna velmi dob\u0159e o\u0161et\u0159ena&#8230; Historickou medaili pro MORAVEC z Evropy s Pavlem oslav\u00edme p\u0159i nejbli\u017e\u0161\u00ed p\u0159\u00edle\u017eitosti a\u00a0slu\u0161\u00ed se\u00a0je\u0161t\u011b doplnit, \u017ee Pavel Bal\u00e1k letos &#8222;v\u00e1l\u00ed&#8220; i v cyklokrosa\u0159sk\u00e9m n\u00e1rodn\u00edm poh\u00e1ru: po v\u00edt\u011bzstv\u00ed v Ko\u0161umberku moment\u00e1ln\u011b ve sv\u00e9 kategorii figuruje pr\u016fb\u011b\u017en\u011b na v\u00fdborn\u00e9m, \u010dtvrt\u00e9m m\u00edst\u011b a V r\u00e1mci \u010dasov\u00fdch mo\u017enost\u00ed mu zdatn\u011b sekunduje i jeho br\u00e1cha Leo\u0161! Tak\u017ee p\u00ed\u0161eme 3xB! Bravo brat\u0159i Bal\u00e1kovi! Na\u0161e do\u010dasn\u00e1 cyklokrosa\u0159sk\u00e1 rota by se s Pavlem m\u011bla potkat v na Mikul\u00e1\u0161e v Jabkenic\u00edch, kde budou m\u00edt &#8222;Mast\u0159i&#8220; n\u00e1rodn\u00ed \u0161ampion\u00e1t. Zde si vychutnejte <strong><a href=\"http:\/\/www.masterschampionships.sk\/masters_championships_svk.html\">historick\u00fd v\u00fdsledek <\/a><\/strong>pro MORAVCE, a\u00a0tu\u0165\u00a0je\u0161t\u011b omrkn\u011bte Pavlovu spanilou j\u00edzdu v <strong><a href=\"http:\/\/www.cyklokros-masters.cz\/zavody\/\">n\u00e1rodn\u00edm cyklokrosa\u0159sk\u00e9m poh\u00e1ru<\/a>.<\/strong><\/p>\n<p style=\"text-align: justify;\">Minifotogalerie z Masters poh\u00e1rov\u00e9ho z\u00e1vodu v Poli\u010dce je zde:<\/p>\n<div id='gallery-1' class='gallery galleryid-2336 gallery-columns-6 gallery-size-thumbnail'><figure class='gallery-item'>\n\t\t\t<div class='gallery-icon landscape'>\n\t\t\t\t<a href='https:\/\/www.moravecteam.cz\/?attachment_id=2362'><img width=\"25\" height=\"25\" src=\"https:\/\/www.moravecteam.cz\/wp-content\/uploads\/2015\/11\/12144725_1042514722446809_4093582840447119627_n-25x25.jpg\" class=\"attachment-thumbnail size-thumbnail\" alt=\"\" decoding=\"async\" loading=\"lazy\" aria-describedby=\"gallery-1-2362\" \/><\/a>\n\t\t\t<\/div>\n\t\t\t\t<figcaption class='wp-caption-text gallery-caption' id='gallery-1-2362'>\n\t\t\t\tLeo\u0161 Bal\u00e1k toho \u010dasu ozdoben charismatick\u00fdm plnovousem&#8230;\n\t\t\t\t<\/figcaption><\/figure><figure class='gallery-item'>\n\t\t\t<div class='gallery-icon landscape'>\n\t\t\t\t<a href='https:\/\/www.moravecteam.cz\/?attachment_id=2363'><img width=\"25\" height=\"25\" src=\"https:\/\/www.moravecteam.cz\/wp-content\/uploads\/2015\/11\/12122468_1042518215779793_3199443431109427222_n-25x25.jpg\" class=\"attachment-thumbnail size-thumbnail\" alt=\"\" decoding=\"async\" loading=\"lazy\" aria-describedby=\"gallery-1-2363\" \/><\/a>\n\t\t\t<\/div>\n\t\t\t\t<figcaption class='wp-caption-text gallery-caption' id='gallery-1-2363'>\n\t\t\t\tPavel Bal\u00e1k dojel v Poli\u010dce na 2. m\u00edst\u011b!\n\t\t\t\t<\/figcaption><\/figure><figure class='gallery-item'>\n\t\t\t<div class='gallery-icon landscape'>\n\t\t\t\t<a href='https:\/\/www.moravecteam.cz\/?attachment_id=2364'><img width=\"25\" height=\"25\" src=\"https:\/\/www.moravecteam.cz\/wp-content\/uploads\/2015\/11\/12112318_1042502475781367_8619956058295864279_n-25x25.jpg\" class=\"attachment-thumbnail size-thumbnail\" alt=\"\" decoding=\"async\" loading=\"lazy\" aria-describedby=\"gallery-1-2364\" \/><\/a>\n\t\t\t<\/div>\n\t\t\t\t<figcaption class='wp-caption-text gallery-caption' id='gallery-1-2364'>\n\t\t\t\tBrat\u0159i si po startu hl\u00eddaj\u00ed \u010delo z\u00e1vodu.\n\t\t\t\t<\/figcaption><\/figure><figure class='gallery-item'>\n\t\t\t<div class='gallery-icon landscape'>\n\t\t\t\t<a href='https:\/\/www.moravecteam.cz\/?attachment_id=2365'><img width=\"25\" height=\"25\" src=\"https:\/\/www.moravecteam.cz\/wp-content\/uploads\/2015\/11\/12112142_1042504195781195_2982098394299544263_n-25x25.jpg\" class=\"attachment-thumbnail size-thumbnail\" alt=\"\" decoding=\"async\" loading=\"lazy\" aria-describedby=\"gallery-1-2365\" \/><\/a>\n\t\t\t<\/div>\n\t\t\t\t<figcaption class='wp-caption-text gallery-caption' id='gallery-1-2365'>\n\t\t\t\tPavel nad prknem.\n\t\t\t\t<\/figcaption><\/figure><figure class='gallery-item'>\n\t\t\t<div class='gallery-icon landscape'>\n\t\t\t\t<a href='https:\/\/www.moravecteam.cz\/?attachment_id=2366'><img width=\"25\" height=\"25\" src=\"https:\/\/www.moravecteam.cz\/wp-content\/uploads\/2015\/11\/12109206_1042514709113477_7265128062396435239_n-25x25.jpg\" class=\"attachment-thumbnail size-thumbnail\" alt=\"\" decoding=\"async\" loading=\"lazy\" aria-describedby=\"gallery-1-2366\" \/><\/a>\n\t\t\t<\/div>\n\t\t\t\t<figcaption class='wp-caption-text gallery-caption' id='gallery-1-2366'>\n\t\t\t\tLeo\u0161 po prudk\u00e9m v\u00fdjezdu.\n\t\t\t\t<\/figcaption><\/figure><figure class='gallery-item'>\n\t\t\t<div class='gallery-icon landscape'>\n\t\t\t\t<a href='https:\/\/www.moravecteam.cz\/?attachment_id=2368'><img width=\"25\" height=\"25\" src=\"https:\/\/www.moravecteam.cz\/wp-content\/uploads\/2015\/11\/12047201_1042504269114521_4281849221199846590_n-1-25x25.jpg\" class=\"attachment-thumbnail size-thumbnail\" alt=\"\" decoding=\"async\" loading=\"lazy\" aria-describedby=\"gallery-1-2368\" \/><\/a>\n\t\t\t<\/div>\n\t\t\t\t<figcaption class='wp-caption-text gallery-caption' id='gallery-1-2368'>\n\t\t\t\tPavel si letos cyklokrosovou sez\u00f3nu u\u017e\u00edv\u00e1!\n\t\t\t\t<\/figcaption><\/figure>\n\t\t<\/div>\n\n<p style=\"text-align: justify;\">\n","protected":false},"excerpt":{"rendered":"<p>\u017de je cyklokrosov\u00e1 sez\u00f3na v pln\u00e9m proudu, to samoz\u0159ejm\u011b na vlastn\u00ed k\u016f\u017ei v\u00edme. Trochu stranou (a zcela nepr\u00e1vem) ale z\u016fst\u00e1vaj\u00ed cyklokrosov\u00e9 z\u00e1vody kategorie Masters, ve kter\u00fdch d\u00edk bratr\u016fm Bal\u00e1kov\u00fdm, m\u00e1me\u00a0u\u017e druh\u00fd rok aktivn\u00ed zastoupen\u00ed.\u00a0 A byl to pr\u00e1v\u011b star\u0161\u00ed z obou bratr\u016f &#8211; Pavel, kter\u00fd minul\u00fd v\u00edkend p\u0159episoval bronzov\u00fdm p\u00edsmem ve slovensk\u00e9 Trnav\u011b odd\u00edlov\u00e9 d\u011bjiny&#8230; &hellip; <a href=\"https:\/\/www.moravecteam.cz\/?p=2336\" class=\"more-link\">Pokra\u010dov\u00e1n\u00ed textu <span class=\"screen-reader-text\">Bomba z Trnavy!!!<\/span> <span class=\"meta-nav\">&rarr;<\/span><\/a><\/p>\n","protected":false},"author":3,"featured_media":2361,"comment_status":"closed","ping_status":"closed","sticky":false,"template":"","format":"standard","meta":[],"categories":[1],"tags":[],"_links":{"self":[{"href":"https:\/\/www.moravecteam.cz\/index.php?rest_route=\/wp\/v2\/posts\/2336"}],"collection":[{"href":"https:\/\/www.moravecteam.cz\/index.php?rest_route=\/wp\/v2\/posts"}],"about":[{"href":"https:\/\/www.moravecteam.cz\/index.php?rest_route=\/wp\/v2\/types\/post"}],"author":[{"embeddable":true,"href":"https:\/\/www.moravecteam.cz\/index.php?rest_route=\/wp\/v2\/users\/3"}],"replies":[{"embeddable":true,"href":"https:\/\/www.moravecteam.cz\/index.php?rest_route=%2Fwp%2Fv2%2Fcomments&post=2336"}],"version-history":[{"count":8,"href":"https:\/\/www.moravecteam.cz\/index.php?rest_route=\/wp\/v2\/posts\/2336\/revisions"}],"predecessor-version":[{"id":2373,"href":"https:\/\/www.moravecteam.cz\/index.php?rest_route=\/wp\/v2\/posts\/2336\/revisions\/2373"}],"wp:featuredmedia":[{"embeddable":true,"href":"https:\/\/www.moravecteam.cz\/index.php?rest_route=\/wp\/v2\/media\/2361"}],"wp:attachment":[{"href":"https:\/\/www.moravecteam.cz\/index.php?rest_route=%2Fwp%2Fv2%2Fmedia&parent=2336"}],"wp:term":[{"taxonomy":"category","embeddable":true,"href":"https:\/\/www.moravecteam.cz\/index.php?rest_route=%2Fwp%2Fv2%2Fcategories&post=2336"},{"taxonomy":"post_tag","embeddable":true,"href":"https:\/\/www.moravecteam.cz\/index.php?rest_route=%2Fwp%2Fv2%2Ftags&post=2336"}],"curies":[{"name":"wp","href":"https:\/\/api.w.org\/{rel}","templated":true}]}}