{"id":2338,"date":"2015-11-23T08:28:47","date_gmt":"2015-11-23T07:28:47","guid":{"rendered":"http:\/\/www.moravecteam.cz\/?p=2338"},"modified":"2015-11-23T18:53:32","modified_gmt":"2015-11-23T17:53:32","slug":"opet-v-repechach","status":"publish","type":"post","link":"https:\/\/www.moravecteam.cz\/?p=2338","title":{"rendered":"Op\u011bt v Repech\u00e1ch!"},"content":{"rendered":"<p style=\"text-align: justify;\"><span style=\"color: #800000;\"><strong>Nen\u00ed to tak d\u00e1vno, kdy se sportovci &#8211; bike\u0159i se\u0161li v \u00fatuln\u00e9m z\u00e1zem\u00ed penzionu Lada v Repech\u00e1ch. A ne\u017e bys \u0159ekl &#8222;\u0160vec&#8220;, uskute\u010dnila se zde dal\u0161\u00ed v\u00fdznamn\u00e1 sportovn\u00ed akce. Tentokr\u00e1t B\u0159e\u0165a Usnul s Ladou Kozl\u00edkovou p\u0159edvedli svou pohostinnost atlet\u016fm &#8211; b\u011b\u017ec\u016fm. &#8222;Repe\u0161sk\u00e1 osma&#8220; se ofici\u00e1ln\u011b jmenoval b\u011b\u017eeck\u00fd z\u00e1vod, v r\u00e1mci kter\u00e9ho m\u011bl samoz\u0159ejm\u011b svoje zastoupen\u00ed i n\u00e1\u0161 odd\u00edl.<\/strong><\/span><\/p>\n<figure id=\"attachment_2359\" aria-describedby=\"caption-attachment-2359\" style=\"width: 695px\" class=\"wp-caption alignnone\"><a href=\"http:\/\/www.moravecteam.cz\/?attachment_id=2359\" rel=\"attachment wp-att-2359\"><img decoding=\"async\" loading=\"lazy\" class=\" wp-image-2359\" alt=\"P1560402\" src=\"http:\/\/www.moravecteam.cz\/wp-content\/uploads\/2015\/11\/P1560402.jpg\" width=\"695\" height=\"588\" srcset=\"https:\/\/www.moravecteam.cz\/wp-content\/uploads\/2015\/11\/P1560402.jpg 695w, https:\/\/www.moravecteam.cz\/wp-content\/uploads\/2015\/11\/P1560402-300x253.jpg 300w\" sizes=\"(max-width: 695px) 100vw, 695px\" \/><\/a><figcaption id=\"caption-attachment-2359\" class=\"wp-caption-text\">Monika Kone\u010dn\u00e1 pr\u00e1v\u011b vyrazila na tra\u0165 Repe\u0161sk\u00e9 &#8222;trojky&#8220;.<\/figcaption><\/figure>\n<p style=\"text-align: justify;\">Krom\u011b hlavn\u00edho z\u00e1vodu na 8km se zde b\u011b\u017eci pom\u011b\u0159ili i v jin\u00fdch kategori\u00edch a na jin\u00fdch distanc\u00edch. Za MORAVEC se postavila na start z\u00e1vodu na 3km i &#8222;Tyg\u0159ice z Okrouhl\u00e9&#8220;, v\u00fdborn\u00e1 b\u011b\u017ekyn\u011b <strong><span style=\"color: #800000;\">Monika Kone\u010dn\u00e1.<\/span><\/strong> A jako v\u017edy, p\u0159edvedla se v tom nejlep\u0161\u00edm sv\u011btle: ve sv\u00e9 d\u00edv\u010d\u00ed kategorii nem\u011bla konkurenci a v absolutn\u00edm po\u0159ad\u00ed\u00a0se na &#8222;trojce&#8220; ve\u0161la do elitn\u00ed\u00a0p\u011btky. Monika jednozna\u010dn\u011b lad\u00ed formu na Mikul\u00e1\u0161sk\u00fd b\u011bh na Okrouhl\u00e9, kter\u00fd se, jako druh\u00fd z\u00e1vod Brn\u011bnsk\u00e9ho b\u011b\u017eeck\u00e9ho poh\u00e1ru, u\u017e hodn\u011b p\u0159ibl\u00ed\u017eil, a\u00a0na kter\u00e9m \u00fa\u010dastnicky Monice ur\u010dit\u011b\u00a0razantn\u011b vypom\u016f\u017eeme. I kdy\u017e\u00a0n\u00e1\u0161 b\u011b\u017eeck\u00fd \u0161ik bude oslaben o\u00a0Do\u010dasnou cyklokrosa\u0159skou rotu, kter\u00e1 bude ten den potit krev v Jabkenic\u00edch na p\u0159edposledn\u00edm poh\u00e1rov\u00e9m cyklokrosu. Zde je <strong><a href=\"http:\/\/www.atletikauni.cz\/cz\/s1526\/Kalendar-akci\/Seznam-zavodu\/c2128-Detail-zavodu\/atr2865-Hlavni-zavod\">kompletn\u00ed v\u00fdsledkov\u00fd servis <\/a><\/strong>z b\u011bh\u00e1n\u00ed v Repech\u00e1ch.<\/p>\n","protected":false},"excerpt":{"rendered":"<p>Nen\u00ed to tak d\u00e1vno, kdy se sportovci &#8211; bike\u0159i se\u0161li v \u00fatuln\u00e9m z\u00e1zem\u00ed penzionu Lada v Repech\u00e1ch. A ne\u017e bys \u0159ekl &#8222;\u0160vec&#8220;, uskute\u010dnila se zde dal\u0161\u00ed v\u00fdznamn\u00e1 sportovn\u00ed akce. Tentokr\u00e1t B\u0159e\u0165a Usnul s Ladou Kozl\u00edkovou p\u0159edvedli svou pohostinnost atlet\u016fm &#8211; b\u011b\u017ec\u016fm. &#8222;Repe\u0161sk\u00e1 osma&#8220; se ofici\u00e1ln\u011b jmenoval b\u011b\u017eeck\u00fd z\u00e1vod, v r\u00e1mci kter\u00e9ho m\u011bl samoz\u0159ejm\u011b svoje zastoupen\u00ed &hellip; <a href=\"https:\/\/www.moravecteam.cz\/?p=2338\" class=\"more-link\">Pokra\u010dov\u00e1n\u00ed textu <span class=\"screen-reader-text\">Op\u011bt v Repech\u00e1ch!<\/span> <span class=\"meta-nav\">&rarr;<\/span><\/a><\/p>\n","protected":false},"author":3,"featured_media":2358,"comment_status":"closed","ping_status":"closed","sticky":false,"template":"","format":"standard","meta":[],"categories":[1],"tags":[],"_links":{"self":[{"href":"https:\/\/www.moravecteam.cz\/index.php?rest_route=\/wp\/v2\/posts\/2338"}],"collection":[{"href":"https:\/\/www.moravecteam.cz\/index.php?rest_route=\/wp\/v2\/posts"}],"about":[{"href":"https:\/\/www.moravecteam.cz\/index.php?rest_route=\/wp\/v2\/types\/post"}],"author":[{"embeddable":true,"href":"https:\/\/www.moravecteam.cz\/index.php?rest_route=\/wp\/v2\/users\/3"}],"replies":[{"embeddable":true,"href":"https:\/\/www.moravecteam.cz\/index.php?rest_route=%2Fwp%2Fv2%2Fcomments&post=2338"}],"version-history":[{"count":5,"href":"https:\/\/www.moravecteam.cz\/index.php?rest_route=\/wp\/v2\/posts\/2338\/revisions"}],"predecessor-version":[{"id":2360,"href":"https:\/\/www.moravecteam.cz\/index.php?rest_route=\/wp\/v2\/posts\/2338\/revisions\/2360"}],"wp:featuredmedia":[{"embeddable":true,"href":"https:\/\/www.moravecteam.cz\/index.php?rest_route=\/wp\/v2\/media\/2358"}],"wp:attachment":[{"href":"https:\/\/www.moravecteam.cz\/index.php?rest_route=%2Fwp%2Fv2%2Fmedia&parent=2338"}],"wp:term":[{"taxonomy":"category","embeddable":true,"href":"https:\/\/www.moravecteam.cz\/index.php?rest_route=%2Fwp%2Fv2%2Fcategories&post=2338"},{"taxonomy":"post_tag","embeddable":true,"href":"https:\/\/www.moravecteam.cz\/index.php?rest_route=%2Fwp%2Fv2%2Ftags&post=2338"}],"curies":[{"name":"wp","href":"https:\/\/api.w.org\/{rel}","templated":true}]}}