{"id":2347,"date":"2015-11-23T13:00:40","date_gmt":"2015-11-23T12:00:40","guid":{"rendered":"http:\/\/www.moravecteam.cz\/?p=2347"},"modified":"2015-11-23T13:27:25","modified_gmt":"2015-11-23T12:27:25","slug":"co-se-bude-dit-st48","status":"publish","type":"post","link":"https:\/\/www.moravecteam.cz\/?p=2347","title":{"rendered":"Co se bude d\u00edt? (ST48)"},"content":{"rendered":"<h5 style=\"text-align: justify;\"><span style=\"color: #800000;\"><strong>St\u0159eda\u00a025.11. 2015\u00a0<\/strong><\/span><\/h5>\n<p style=\"text-align: justify;\">Dal\u0161\u00ed, \u010dtvrt\u00e9\u00a0pokra\u010dov\u00e1n\u00ed brn\u011bnsk\u00fdch cyklokrosov\u00fdch st\u0159ed. Zde jsou <strong><a href=\"http:\/\/www.favoritbrno.cz\/sportovni-akce-vysledky.php\">propozice<\/a><\/strong> a v\u00edce informac\u00ed.<\/p>\n<h5><span style=\"color: #800000;\">P\u00e1tek 27.11. 2015<\/span><\/h5>\n<p style=\"text-align: justify;\">Dal\u0161\u00ed\u00a0Prudkov\u00e9 kapky &#8211; aneb\u00a0prvn\u00ed leto\u0161n\u00ed\u00a0cvi\u010den\u00ed, kone\u010dn\u011b\u00a0v bene\u0161ovsk\u00e9\u00a0t\u011blocvi\u010dn\u011b v r\u00e1mci\u00a0prob\u00edhaj\u00edc\u00ed zimn\u00ed p\u0159\u00edpravy.\u00a0Budeme cvi\u010dit\u00a0 v dob\u011b od \u00a018.00 do 20.00 hodin.<\/p>\n<h5 style=\"text-align: justify;\"><span style=\"color: #800000;\">Sobota 28.11. 2015<\/span><\/h5>\n<p style=\"text-align: justify;\">Z\u00e1vod \u010cesk\u00e9ho poh\u00e1ru v cyklokrosu v Brn\u011b. T\u00fdk\u00e1 se na\u0161\u00ed Do\u010dasn\u00e9 cyklokrosa\u0159sk\u00e9 roty, organiza\u010dn\u011b si v\u00fdpad pohl\u00eddaj\u00ed Milan s V\u00ed\u0165ou. Zde jsou <a href=\"http:\/\/www.cyklokros.cz\/cz\/toi-toi-cup-2015-2016\/toi-toi-cup-2015-16\/brno\/propozice\"><strong>propozice<\/strong>.<\/a><\/p>\n","protected":false},"excerpt":{"rendered":"<p>St\u0159eda\u00a025.11. 2015\u00a0 Dal\u0161\u00ed, \u010dtvrt\u00e9\u00a0pokra\u010dov\u00e1n\u00ed brn\u011bnsk\u00fdch cyklokrosov\u00fdch st\u0159ed. Zde jsou propozice a v\u00edce informac\u00ed. P\u00e1tek 27.11. 2015 Dal\u0161\u00ed\u00a0Prudkov\u00e9 kapky &#8211; aneb\u00a0prvn\u00ed leto\u0161n\u00ed\u00a0cvi\u010den\u00ed, kone\u010dn\u011b\u00a0v bene\u0161ovsk\u00e9\u00a0t\u011blocvi\u010dn\u011b v r\u00e1mci\u00a0prob\u00edhaj\u00edc\u00ed zimn\u00ed p\u0159\u00edpravy.\u00a0Budeme cvi\u010dit\u00a0 v dob\u011b od \u00a018.00 do 20.00 hodin. Sobota 28.11. 2015 Z\u00e1vod \u010cesk\u00e9ho poh\u00e1ru v cyklokrosu v Brn\u011b. T\u00fdk\u00e1 se na\u0161\u00ed Do\u010dasn\u00e9 cyklokrosa\u0159sk\u00e9 roty, organiza\u010dn\u011b si v\u00fdpad pohl\u00eddaj\u00ed &hellip; <a href=\"https:\/\/www.moravecteam.cz\/?p=2347\" class=\"more-link\">Pokra\u010dov\u00e1n\u00ed textu <span class=\"screen-reader-text\">Co se bude d\u00edt? (ST48)<\/span> <span class=\"meta-nav\">&rarr;<\/span><\/a><\/p>\n","protected":false},"author":3,"featured_media":2353,"comment_status":"closed","ping_status":"closed","sticky":false,"template":"","format":"standard","meta":[],"categories":[11],"tags":[],"_links":{"self":[{"href":"https:\/\/www.moravecteam.cz\/index.php?rest_route=\/wp\/v2\/posts\/2347"}],"collection":[{"href":"https:\/\/www.moravecteam.cz\/index.php?rest_route=\/wp\/v2\/posts"}],"about":[{"href":"https:\/\/www.moravecteam.cz\/index.php?rest_route=\/wp\/v2\/types\/post"}],"author":[{"embeddable":true,"href":"https:\/\/www.moravecteam.cz\/index.php?rest_route=\/wp\/v2\/users\/3"}],"replies":[{"embeddable":true,"href":"https:\/\/www.moravecteam.cz\/index.php?rest_route=%2Fwp%2Fv2%2Fcomments&post=2347"}],"version-history":[{"count":4,"href":"https:\/\/www.moravecteam.cz\/index.php?rest_route=\/wp\/v2\/posts\/2347\/revisions"}],"predecessor-version":[{"id":2351,"href":"https:\/\/www.moravecteam.cz\/index.php?rest_route=\/wp\/v2\/posts\/2347\/revisions\/2351"}],"wp:featuredmedia":[{"embeddable":true,"href":"https:\/\/www.moravecteam.cz\/index.php?rest_route=\/wp\/v2\/media\/2353"}],"wp:attachment":[{"href":"https:\/\/www.moravecteam.cz\/index.php?rest_route=%2Fwp%2Fv2%2Fmedia&parent=2347"}],"wp:term":[{"taxonomy":"category","embeddable":true,"href":"https:\/\/www.moravecteam.cz\/index.php?rest_route=%2Fwp%2Fv2%2Fcategories&post=2347"},{"taxonomy":"post_tag","embeddable":true,"href":"https:\/\/www.moravecteam.cz\/index.php?rest_route=%2Fwp%2Fv2%2Ftags&post=2347"}],"curies":[{"name":"wp","href":"https:\/\/api.w.org\/{rel}","templated":true}]}}