{"id":2375,"date":"2015-11-27T11:45:09","date_gmt":"2015-11-27T10:45:09","guid":{"rendered":"http:\/\/www.moravecteam.cz\/?p=2375"},"modified":"2015-11-27T16:42:55","modified_gmt":"2015-11-27T15:42:55","slug":"podzimni-tazeni","status":"publish","type":"post","link":"https:\/\/www.moravecteam.cz\/?p=2375","title":{"rendered":"Podzimn\u00ed ta\u017een\u00ed&#8230;"},"content":{"rendered":"<p style=\"text-align: justify;\"><span style=\"color: #993300;\"><strong>&#8230;to na\u0161e leto\u0161n\u00ed cyklokrosov\u00e9, je skute\u010dn\u011b v\u00fdsledkov\u011b pozoruhodn\u00e9!\u00a0Soustavn\u011b\u00a0ofenz\u00edvn\u011b \u00a0nalad\u011bn\u00ed vesm\u011bs mlad\u00ed\u00a0rajd\u0159i MORAVCE zakon\u010dili\u00a0minulou st\u0159edu \u00fasp\u011b\u0161n\u011b bravurn\u00edmi v\u00fdsledky minis\u00e9rii brn\u011bnsk\u00fdch cyklokros\u016f (dv\u011b zlat\u00e1 a dv\u011b bronzov\u00e1 um\u00edst\u011bn\u00ed v celkov\u00e9m hodnocen\u00ed). A proto\u017ee posledn\u00ed z\u00e1vod byl z\u00e1rove\u0148 p\u0159eborem Jihomoravsk\u00e9ho kraje, m\u016f\u017eeme se py\u0161nit hned dv\u011bma \u010derstv\u00fdmi tituly krajsk\u00fdch p\u0159eborn\u00edk\u016f!<\/strong><\/span><\/p>\n<p style=\"text-align: justify;\"><a href=\"http:\/\/www.moravecteam.cz\/?attachment_id=2384\" rel=\"attachment wp-att-2384\"><img decoding=\"async\" loading=\"lazy\" class=\"size-full wp-image-2384 alignleft\" title=\"Tom\u00e1\u0161 Tlamka &quot;Contador&quot;: po zisku titulu p\u0159eborn\u00edka JmK v z\u00e1vod\u011b horsk\u00fdch kol, se m\u016f\u017ee \u010derstv\u011b pochlubit stejnou trofej\u00ed i v cyklokrosu!\" alt=\"IMG_3130\" src=\"http:\/\/www.moravecteam.cz\/wp-content\/uploads\/2015\/11\/IMG_3130.jpg\" width=\"166\" height=\"250\" \/><\/a>P\u0159eborn\u00edkem v kategorii \u017e\u00e1k\u016f se stal s p\u0159ehledem <span style=\"color: #993300;\"><strong>Tom\u00e1\u0161 Tlamka &#8222;Contador&#8220;<\/strong><\/span>, kter\u00fd si i na sklonku leto\u0161n\u00ed dlouh\u00e9 \u00a0sez\u00f3ny nad\u00e1le udr\u017euje\u00a0obdivuhodnou \u00a0v\u00fdkonnost a z\u00e1vodnickou pohodu. Na \u0161ir\u0161\u00ed p\u0159ebornick\u00e9 p\u00f3dium ho doprovodil v c\u00edli p\u00e1t\u00fd <span style=\"color: #993300;\"><strong>Jakub Tesa\u0159<\/strong><\/span>, kter\u00fd m\u011bl u Anthroposu na cyklokrosa\u0159sk\u00e9m speci\u00e1lu \u00fasp\u011b\u0161nou premi\u00e9ru.<\/p>\n<p style=\"text-align: justify;\">Jakubova star\u0161\u00ed sestra <strong><span style=\"color: #993300;\">Jana &#8222;D\u017eejn&#8220; Tesa\u0159ov\u00e1<\/span><\/strong> pak v z\u00e1vod\u011b <a href=\"http:\/\/www.moravecteam.cz\/?attachment_id=2385\" rel=\"attachment wp-att-2385\"><img decoding=\"async\" loading=\"lazy\" class=\"size-full wp-image-2385 alignright\" title=\"P\u0159ed z\u00e1v\u011bre\u010dn\u00fdmi z\u00e1vody \u010cesk\u00e9ho poh\u00e1ru poslala Jana Tesa\u0159ov\u00e1 sv\u00fdm soupe\u0159k\u00e1m pat\u0159i\u010dnou vizitku!\" alt=\"IMG_3131\" src=\"http:\/\/www.moravecteam.cz\/wp-content\/uploads\/2015\/11\/IMG_3131.jpg\" width=\"169\" height=\"250\" \/><\/a>kadetek potvrdila jist\u00fdm v\u00edt\u011bzstv\u00edm pov\u011bst cyklokrosa\u0159sk\u00e9ho objevu podzimu \u00a0\u00a0a i ona m\u011bla v z\u00e1vod\u011b zdatnou sekundantku: jej\u00ed t\u00fdmov\u00e1 kolegyn\u011b<span style=\"color: #993300;\"><strong> Anna\u00a0\u00a0Zem\u00e1nkov\u00e1<\/strong><\/span>\u00a0dojela v z\u00e1v\u011bsu za Janou na druh\u00e9m m\u00edst\u011b! Tak\u017ee &#8222;double&#8220;\u00a0pro MORAVEC!<\/p>\n<p style=\"text-align: justify;\"><a href=\"http:\/\/www.moravecteam.cz\/?attachment_id=2387\" rel=\"attachment wp-att-2387\"><img decoding=\"async\" loading=\"lazy\" class=\"size-full wp-image-2387 alignleft\" title=\"Jakub Tesa\u0159 a jeho prvn\u00ed kontakt s cyklokrosov\u00fdm speci\u00e1lem. Kuba to zvl\u00e1dl na v\u00fdbornou!\" alt=\"IMG_3145\" src=\"http:\/\/www.moravecteam.cz\/wp-content\/uploads\/2015\/11\/IMG_3145.jpg\" width=\"145\" height=\"250\" \/><\/a>Ve st\u0159edu sice na trat\u00edch u Anthroposu sice chyb\u011bl <span style=\"color: #993300;\"><strong>Dominik Prudek<\/strong><\/span>, nicm\u00e9n\u011b t\u0159i p\u0159edchoz\u00ed suver\u00e9nn\u00ed prvenstv\u00ed mu posta\u010dila na udr\u017een\u00ed pozice celkov\u00e9ho v\u00edt\u011bze Brn\u011bnsk\u00e9ho cyklokrosov\u00e9ho poh\u00e1ru, jak v kategorii mu\u017e\u016f, tak i v kategorii junior\u016f! A stejn\u011b jako\u00a0Dominik,\u00a0se<a href=\"http:\/\/www.moravecteam.cz\/?attachment_id=2386\" rel=\"attachment wp-att-2386\"><img decoding=\"async\" loading=\"lazy\" class=\"size-full wp-image-2386 alignright\" title=\"Cyklokros je taky o b\u011bh\u00e1n\u00ed... Nad brn\u011bnsk\u00fdmi p\u0159ek\u00e1\u017ekami vicemistryn\u011b JmK v kategorii kadetek, Anna Zem\u00e1nkov\u00e1.\" alt=\"IMG_3139\" src=\"http:\/\/www.moravecteam.cz\/wp-content\/uploads\/2015\/11\/IMG_3139.jpg\" width=\"123\" height=\"250\" \/><\/a> z celkov\u00e9ho prvenstv\u00ed \u00a0raduje mezi kadetkami i Jana Tesa\u0159ov\u00e1, p\u0159i\u010dem\u017e celkov\u00e9 t\u0159et\u00ed m\u00edsto v t\u00e9to kategorii pat\u0159\u00ed Ani\u010dce Zem\u00e1nkov\u00e9! A\u00a0stejn\u011b tak skon\u010dil celkov\u011b t\u0159et\u00ed mezi \u017e\u00e1ky i Tom\u00e1\u0161 Tlamka &#8222;Contador&#8220;. K\u00a0\u00a0absolutn\u00edmu v\u00fdsledku Ani\u010dky a Toma je t\u0159eba poznamenat, \u017ee neabsolvovali v\u0161echny z\u00e1vody seri\u00e1lu. Pro \u00faplnost dodejme, \u017ee v\u00a0absolutn\u00edm po\u0159ad\u00ed mu\u017e\u016f figuruj\u00ed i na\u0161i veter\u00e1ni na t\u011bchto pozic\u00edch: 11. Pavel Bal\u00e1k, 23. V\u00ed\u0165a Prudek, 40. Leo\u0161 Bal\u00e1k, a \u017ee p\u0159es pouh\u00fd jedin\u00fd start dos\u00e1hla ne celkov\u00e9 prvenstv\u00ed i na\u0161e odchovankyn\u011b, juniorka <strong><span style=\"color: #993300;\">Ad\u00e9la \u0160af\u00e1\u0159ov\u00e1<\/span> <\/strong>(Nutrend Spcialized).<\/p>\n<p><a href=\"http:\/\/www.moravecteam.cz\/?attachment_id=2389\" rel=\"attachment wp-att-2389\"><img decoding=\"async\" loading=\"lazy\" class=\"size-full wp-image-2389 alignnone\" title=\"Tom\u00e1\u0161 Tlamka &quot;Contador&quot; je letos na\u0161\u00edm spolehliv\u00fdm &quot;bedn\u00e1\u0159em&quot;!\" alt=\"IMG_3149\" src=\"http:\/\/www.moravecteam.cz\/wp-content\/uploads\/2015\/11\/IMG_3149.jpg\" width=\"178\" height=\"250\" \/><\/a><a href=\"http:\/\/www.moravecteam.cz\/?attachment_id=2388\" rel=\"attachment wp-att-2388\"><img decoding=\"async\" loading=\"lazy\" class=\"alignnone size-full wp-image-2388\" title=\"Cyklokrosov\u00fd objev podzimu Jana Tesa\u0159ov\u00e1 sb\u00edr\u00e1 jednu cennou trofej za druhou!\" alt=\"IMG_3146\" src=\"http:\/\/www.moravecteam.cz\/wp-content\/uploads\/2015\/11\/IMG_3146.jpg\" width=\"179\" height=\"250\" \/><\/a><\/p>\n<p style=\"text-align: justify;\">Opravdu vyda\u0159en\u00e1 brn\u011bnsk\u00e1 vsuvka mezi z\u00e1vody \u010desk\u00e9ho poh\u00e1ru! <a href=\"http:\/\/www.moravecteam.cz\/?attachment_id=2390\" rel=\"attachment wp-att-2390\"><img decoding=\"async\" loading=\"lazy\" class=\"size-full wp-image-2390 alignleft\" title=\"Suver\u00e9nn\u00ed v\u00edt\u011bz brn\u011bnsk\u00e9 cyklokrosov\u00e9 s\u00e9rie kategori\u00ed mu\u017ei a junio\u0159i Dominik Prudek!\" alt=\"IMG_3154\" src=\"http:\/\/www.moravecteam.cz\/wp-content\/uploads\/2015\/11\/IMG_3154.jpg\" width=\"164\" height=\"250\" \/><\/a>Ten bude vrcholit v nejbli\u017e\u0161\u00edch dnech t\u0159emi z\u00e1vody: v Brn\u011b, Jabkenic\u00edch a Mlad\u00e9 Boleslavi. Posledn\u00ed z\u00e1vod pak bude Mistrovstv\u00edm \u010cR a soud\u011b podle a aktu\u00e1ln\u00ed formy borc\u016f a borek z na\u0161\u00ed do\u010dasn\u00e9 cyklokrosa\u0159sk\u00e9 roty, m\u016f\u017eeme sed na tyto z\u00e1v\u011bre\u010dn\u00e9 z\u00e1vody\u00a0t\u011b\u0161it! Zde je <strong><a href=\"http:\/\/moravecteam.rajce.idnes.cz\/2015.11.25_Brnensky_cyklokrosovy_pohar_a_prebor_JmK\/\">fotogalerie<\/a><\/strong> s posledn\u00ed cyklokrosa\u0159sk\u00e9 st\u0159edy a zde jsou <strong><a href=\"http:\/\/moravecteam.rajce.idnes.cz\/2015.11.26_Vyhlaseni_BPHK%2C_BCP_a_preboru_JmK_v_CC\/\">fotky<\/a><\/strong> ze slavnostn\u00edho p\u0159ed\u00e1v\u00e1n\u00ed cen. Kompletn\u00ed <strong><a href=\"http:\/\/www.jihomoravskacyklistika.cz\/\">v\u00fdsledkov\u00fd servis <\/a><\/strong>je pak tu\u0165&#8230;<\/p>\n","protected":false},"excerpt":{"rendered":"<p>&#8230;to na\u0161e leto\u0161n\u00ed cyklokrosov\u00e9, je skute\u010dn\u011b v\u00fdsledkov\u011b pozoruhodn\u00e9!\u00a0Soustavn\u011b\u00a0ofenz\u00edvn\u011b \u00a0nalad\u011bn\u00ed vesm\u011bs mlad\u00ed\u00a0rajd\u0159i MORAVCE zakon\u010dili\u00a0minulou st\u0159edu \u00fasp\u011b\u0161n\u011b bravurn\u00edmi v\u00fdsledky minis\u00e9rii brn\u011bnsk\u00fdch cyklokros\u016f (dv\u011b zlat\u00e1 a dv\u011b bronzov\u00e1 um\u00edst\u011bn\u00ed v celkov\u00e9m hodnocen\u00ed). A proto\u017ee posledn\u00ed z\u00e1vod byl z\u00e1rove\u0148 p\u0159eborem Jihomoravsk\u00e9ho kraje, m\u016f\u017eeme se py\u0161nit hned dv\u011bma \u010derstv\u00fdmi tituly krajsk\u00fdch p\u0159eborn\u00edk\u016f! P\u0159eborn\u00edkem v kategorii \u017e\u00e1k\u016f se stal s p\u0159ehledem &hellip; <a href=\"https:\/\/www.moravecteam.cz\/?p=2375\" class=\"more-link\">Pokra\u010dov\u00e1n\u00ed textu <span class=\"screen-reader-text\">Podzimn\u00ed ta\u017een\u00ed&#8230;<\/span> <span class=\"meta-nav\">&rarr;<\/span><\/a><\/p>\n","protected":false},"author":3,"featured_media":2383,"comment_status":"closed","ping_status":"closed","sticky":false,"template":"","format":"standard","meta":[],"categories":[1],"tags":[],"_links":{"self":[{"href":"https:\/\/www.moravecteam.cz\/index.php?rest_route=\/wp\/v2\/posts\/2375"}],"collection":[{"href":"https:\/\/www.moravecteam.cz\/index.php?rest_route=\/wp\/v2\/posts"}],"about":[{"href":"https:\/\/www.moravecteam.cz\/index.php?rest_route=\/wp\/v2\/types\/post"}],"author":[{"embeddable":true,"href":"https:\/\/www.moravecteam.cz\/index.php?rest_route=\/wp\/v2\/users\/3"}],"replies":[{"embeddable":true,"href":"https:\/\/www.moravecteam.cz\/index.php?rest_route=%2Fwp%2Fv2%2Fcomments&post=2375"}],"version-history":[{"count":11,"href":"https:\/\/www.moravecteam.cz\/index.php?rest_route=\/wp\/v2\/posts\/2375\/revisions"}],"predecessor-version":[{"id":2394,"href":"https:\/\/www.moravecteam.cz\/index.php?rest_route=\/wp\/v2\/posts\/2375\/revisions\/2394"}],"wp:featuredmedia":[{"embeddable":true,"href":"https:\/\/www.moravecteam.cz\/index.php?rest_route=\/wp\/v2\/media\/2383"}],"wp:attachment":[{"href":"https:\/\/www.moravecteam.cz\/index.php?rest_route=%2Fwp%2Fv2%2Fmedia&parent=2375"}],"wp:term":[{"taxonomy":"category","embeddable":true,"href":"https:\/\/www.moravecteam.cz\/index.php?rest_route=%2Fwp%2Fv2%2Fcategories&post=2375"},{"taxonomy":"post_tag","embeddable":true,"href":"https:\/\/www.moravecteam.cz\/index.php?rest_route=%2Fwp%2Fv2%2Ftags&post=2375"}],"curies":[{"name":"wp","href":"https:\/\/api.w.org\/{rel}","templated":true}]}}