{"id":2395,"date":"2015-11-28T16:01:34","date_gmt":"2015-11-28T15:01:34","guid":{"rendered":"http:\/\/www.moravecteam.cz\/?p=2395"},"modified":"2015-11-29T08:29:00","modified_gmt":"2015-11-29T07:29:00","slug":"poprve-v-telocvicne","status":"publish","type":"post","link":"https:\/\/www.moravecteam.cz\/?p=2395","title":{"rendered":"Poprv\u00e9 v t\u011blocvi\u010dn\u011b!"},"content":{"rendered":"<p style=\"text-align: justify;\"><span style=\"color: #993300;\"><strong>Tak jsme se tedy na podzim kone\u010dn\u011b do\u010dkali. Po \u010dty\u0159ech &#8222;prostydl\u00fdch sokolovn\u00e1ch&#8220; jsme p\u00e1te\u010dn\u00ed cvi\u010den\u00ed poprv\u00e9 letos na podzim odmakali v nov\u011b zateplen\u00e9 bene\u0161ovsk\u00e9 t\u011blocvi\u010dn\u011b. A v\u011bru, \u017ee jsme se zapotili! T\u011b\u017eko \u0159\u00edct, co k tomu p\u0159isp\u011blo v\u00edc: zda bezva Ivanino cvi\u010dko a nebo precizn\u011b nov\u011b zateplen\u00fd objekt&#8230; Asi k tomu p\u0159isp\u011blo oboj\u00ed z\u00e1rove\u0148 sv\u00fdm d\u00edlem&#8230; Ka\u017edop\u00e1dn\u011b \u00a0pot se z n\u00e1s jen lil&#8230; A ka\u017edop\u00e1dn\u011b: d\u00edky Bene\u0161ove, d\u00edky pane starosto!<\/strong><\/span><\/p>\n<p style=\"text-align: justify;\">V objektu jsme se i v hodinu &#8222;H&#8220; p\u0159ekvapiv\u011b potkali se t\u0159emi \u0159emesln\u00edky, kte\u0159\u00ed v r\u00e1mci kontraktu (Obec Bene\u0161ov &#8211; STAVKOM Boskovice) \u0159e\u0161ili n\u011bjak\u00e9 dokon\u010dovac\u00ed drobn\u00e9 stavebn\u00ed pr\u00e1ce, kter\u00e9 &#8211; jak jist\u011b zn\u00e1te z vlastn\u00ed zku\u0161enosti &#8211; zpravidla neberou v takov\u00fdch p\u0159\u00edpadech konce&#8230; S\u00e1l pro cvi\u010den\u00ed je u\u017e ale OK, hlavn\u011b v\u011btry exponovan\u00e1 severn\u00ed prosklen\u00e1 strana doznala v\u00fdznamn\u00e9 stavebn\u00ed konstruk\u010dn\u00ed zm\u011bny, p\u0159edev\u0161\u00edm v podob\u011b v\u00fdm\u011bny u\u017e net\u011bsn\u00fdch pr\u016fhledn\u00fdch \u00a0polykarbon\u00e1tov\u00fdch kopilit\u016f za klasick\u00e1 plastov\u00e1 okna.<\/p>\n<figure id=\"attachment_2453\" aria-describedby=\"caption-attachment-2453\" style=\"width: 4608px\" class=\"wp-caption alignnone\"><a href=\"http:\/\/www.moravecteam.cz\/?attachment_id=2453\" rel=\"attachment wp-att-2453\"><img decoding=\"async\" loading=\"lazy\" class=\" wp-image-2453 \" title=\"Jedin\u011b tudy vede cesta MORAVCE vp\u0159ed, ukazuje Ivana Prudkov\u00e1, kter\u00e1 n\u00e1s v p\u00e1tek letos podruj\u00e9 supr prot\u00e1hla...\" alt=\"DSCN4942\" src=\"http:\/\/www.moravecteam.cz\/wp-content\/uploads\/2015\/11\/DSCN49421.jpg\" width=\"4608\" height=\"2592\" srcset=\"https:\/\/www.moravecteam.cz\/wp-content\/uploads\/2015\/11\/DSCN49421.jpg 4608w, https:\/\/www.moravecteam.cz\/wp-content\/uploads\/2015\/11\/DSCN49421-300x168.jpg 300w, https:\/\/www.moravecteam.cz\/wp-content\/uploads\/2015\/11\/DSCN49421-1024x576.jpg 1024w\" sizes=\"(max-width: 4608px) 100vw, 4608px\" \/><\/a><figcaption id=\"caption-attachment-2453\" class=\"wp-caption-text\">Jedin\u011b tudy vede cesta MORAVCE vp\u0159ed, ukazuje Ivana Prudkov\u00e1, kter\u00e1 n\u00e1s v p\u00e1tek letos podruh\u00e9 supr prot\u00e1hla&#8230;<\/figcaption><\/figure>\n<p style=\"text-align: justify;\">Iv\u010da Prudkov\u00e1 se do n\u00e1s v r\u00e1mci cvi\u010den\u00ed pustila, bl\u00ed\u017e\u00edc\u00ed se Advent-neAdvent&#8230; M\u011bl jsem \u010dest za\u017e\u00edt ob\u00e1van\u00e9 &#8222;Prudkov\u00e9 kapky&#8220;, ve zkr\u00e1cen\u00e9 podob\u011b a m\u016f\u017eu \u0159\u00edct, \u017ee Ivana od jara ze sv\u00e9 pov\u011bsti veskrze erudovan\u00e9 tren\u00e9rky nic neztratila, opak je sp\u00ed\u0161e pravdou&#8230; Ani nev\u00edm, kolik se n\u00e1s p\u0159esn\u011b p\u0159i premi\u00e9\u0159e na bene\u0161ovsk\u00e9 t\u011blocvi\u010dnov\u00e9 palubce &#8222;mrskalo&#8220;&#8230; Ka\u017edop\u00e1dn\u011b, cvi\u010den\u00ed pod Ivaninou kuratelou bylo, jak jsme ho znali z minula bezprecedentn\u011b \u00a0intenzivn\u00ed, vydatn\u00e9, veskrze prosp\u011b\u0161n\u00e9&#8230; \u00a0A na poprvn\u011b v t\u011blocvi\u010dn\u011b &#8211; citliv\u011b sestaven\u00e9&#8230; Pevn\u011b v\u011b\u0159\u00edm, \u017ee se na m\u00e9m n\u00e1zoru shodnou i v\u0161echny cvi\u010d\u00edc\u00ed hv\u011bzdy a hv\u011bzdi\u010dky p\u00e1te\u010dn\u00edho podve\u010dera. Soudob\u00fdmi cyklokrosa\u0159sk\u00fdmi &#8222;D\u017eejn&#8220; Tesa\u0159ovou, Tomem &#8222;Contadorem&#8220; a Ani\u010dkou Zem\u00e1nkovou po\u010d\u00ednaje, R\u00e1\u010fou &#8222;Nino \u00a0Schurterem&#8220; Kov\u00e1\u0159em s &#8222;Jolandou&#8220;, Adamem &#8222;J\u00e1nem Svoradou&#8220; Sekaninou \u010di Martinem Gottwaldem kon\u010de&#8230; State\u010dn\u011b se s Ivanou srovnala i Magdal\u00e9nka Barto\u0161ov\u00e1, kterou od jej\u00ed sestsry Maru\u0161ky odd\u011blila \u00a0pouze nemoc \u00a0(zapla\u0165 p\u00e1n B\u016fh, v tomto p\u0159\u00edpad\u011b jde o jedinou ob\u011b\u0165 z \u0159ad MORAVCE, kter\u00e1 &#8222;odnesla&#8220; komplikovan\u00e9 teplotn\u00ed podm\u00ednky v \u016fvodn\u00edch \u010dty\u0159ech tr\u00e9ninkov\u00fdch cyklech &#8211; co\u017e je z hlediska odolnosti na\u0161ich rajdr\u016f &#8222;dost dobr\u00fd&#8220;&#8230;). V\u011b\u0159\u00edm, \u017ee p\u0159\u00ed\u0161t\u00ed \u00fater\u00fd a p\u00e1tek p\u0159it\u00e1hnou \u00a0v pravd\u011b luxusn\u00ed teplotn\u00ed podm\u00ednky do t\u011blocvi\u010dny z \u0159ad MORAVCEi i dal\u0161\u00ed cvi\u010dence&#8230; <span style=\"color: #993300;\"><strong>Zde omrkn\u011bte, jak z n\u00e1s v prvn\u00ed T.C. kapal pot:<\/strong><\/span><div id='gallery-1' class='gallery galleryid-2395 gallery-columns-9 gallery-size-thumbnail'><figure class='gallery-item'>\n\t\t\t<div class='gallery-icon landscape'>\n\t\t\t\t<a href='https:\/\/www.moravecteam.cz\/?attachment_id=2401'><img width=\"25\" height=\"25\" src=\"https:\/\/www.moravecteam.cz\/wp-content\/uploads\/2015\/11\/DSCN4895-25x25.jpg\" class=\"attachment-thumbnail size-thumbnail\" alt=\"\" decoding=\"async\" loading=\"lazy\" aria-describedby=\"gallery-1-2401\" \/><\/a>\n\t\t\t<\/div>\n\t\t\t\t<figcaption class='wp-caption-text gallery-caption' id='gallery-1-2401'>\n\t\t\t\tA \u0161ampi\u00f3ni ji poslouchaj\u00ed na slovo!\n\t\t\t\t<\/figcaption><\/figure><figure class='gallery-item'>\n\t\t\t<div class='gallery-icon landscape'>\n\t\t\t\t<a href='https:\/\/www.moravecteam.cz\/?attachment_id=2402'><img width=\"25\" height=\"25\" src=\"https:\/\/www.moravecteam.cz\/wp-content\/uploads\/2015\/11\/DSCN4897-25x25.jpg\" class=\"attachment-thumbnail size-thumbnail\" alt=\"\" decoding=\"async\" loading=\"lazy\" aria-describedby=\"gallery-1-2402\" \/><\/a>\n\t\t\t<\/div>\n\t\t\t\t<figcaption class='wp-caption-text gallery-caption' id='gallery-1-2402'>\n\t\t\t\tV\u010detn\u011b Mat\u011bje Maz\u00e1nka&#8230;\n\t\t\t\t<\/figcaption><\/figure><figure class='gallery-item'>\n\t\t\t<div class='gallery-icon landscape'>\n\t\t\t\t<a href='https:\/\/www.moravecteam.cz\/?attachment_id=2403'><img width=\"25\" height=\"25\" src=\"https:\/\/www.moravecteam.cz\/wp-content\/uploads\/2015\/11\/DSCN4899-25x25.jpg\" class=\"attachment-thumbnail size-thumbnail\" alt=\"\" decoding=\"async\" loading=\"lazy\" aria-describedby=\"gallery-1-2403\" \/><\/a>\n\t\t\t<\/div>\n\t\t\t\t<figcaption class='wp-caption-text gallery-caption' id='gallery-1-2403'>\n\t\t\t\t&#8230;a Radima &#8222;Nino Schurtera&#8220; Kov\u00e1\u0159e&#8220;\n\t\t\t\t<\/figcaption><\/figure><figure class='gallery-item'>\n\t\t\t<div class='gallery-icon landscape'>\n\t\t\t\t<a href='https:\/\/www.moravecteam.cz\/?attachment_id=2404'><img width=\"25\" height=\"25\" src=\"https:\/\/www.moravecteam.cz\/wp-content\/uploads\/2015\/11\/DSCN4901-25x25.jpg\" class=\"attachment-thumbnail size-thumbnail\" alt=\"\" decoding=\"async\" loading=\"lazy\" aria-describedby=\"gallery-1-2404\" \/><\/a>\n\t\t\t<\/div>\n\t\t\t\t<figcaption class='wp-caption-text gallery-caption' id='gallery-1-2404'>\n\t\t\t\tDCR: dnes relax&#8230;\n\t\t\t\t<\/figcaption><\/figure><figure class='gallery-item'>\n\t\t\t<div class='gallery-icon landscape'>\n\t\t\t\t<a href='https:\/\/www.moravecteam.cz\/?attachment_id=2405'><img width=\"25\" height=\"25\" src=\"https:\/\/www.moravecteam.cz\/wp-content\/uploads\/2015\/11\/DSCN4904-25x25.jpg\" class=\"attachment-thumbnail size-thumbnail\" alt=\"\" decoding=\"async\" loading=\"lazy\" aria-describedby=\"gallery-1-2405\" \/><\/a>\n\t\t\t<\/div>\n\t\t\t\t<figcaption class='wp-caption-text gallery-caption' id='gallery-1-2405'>\n\t\t\t\tProta\u017een\u00ed  no\u017ei\u010dek nechyb\u011blo&#8230;\n\t\t\t\t<\/figcaption><\/figure><figure class='gallery-item'>\n\t\t\t<div class='gallery-icon landscape'>\n\t\t\t\t<a href='https:\/\/www.moravecteam.cz\/?attachment_id=2406'><img width=\"25\" height=\"25\" src=\"https:\/\/www.moravecteam.cz\/wp-content\/uploads\/2015\/11\/DSCN4916-25x25.jpg\" class=\"attachment-thumbnail size-thumbnail\" alt=\"\" decoding=\"async\" loading=\"lazy\" aria-describedby=\"gallery-1-2406\" \/><\/a>\n\t\t\t<\/div>\n\t\t\t\t<figcaption class='wp-caption-text gallery-caption' id='gallery-1-2406'>\n\t\t\t\tJde se p\u0159es halu&#8230; Po  jedn\u00e9 noze&#8230;\n\t\t\t\t<\/figcaption><\/figure><figure class='gallery-item'>\n\t\t\t<div class='gallery-icon landscape'>\n\t\t\t\t<a href='https:\/\/www.moravecteam.cz\/?attachment_id=2407'><img width=\"25\" height=\"25\" src=\"https:\/\/www.moravecteam.cz\/wp-content\/uploads\/2015\/11\/DSCN4918-25x25.jpg\" class=\"attachment-thumbnail size-thumbnail\" alt=\"\" decoding=\"async\" loading=\"lazy\" aria-describedby=\"gallery-1-2407\" \/><\/a>\n\t\t\t<\/div>\n\t\t\t\t<figcaption class='wp-caption-text gallery-caption' id='gallery-1-2407'>\n\t\t\t\tKa\u010denky&#8230;Taky m\u00e1me r\u00e1di&#8230;.\n\t\t\t\t<\/figcaption><\/figure><figure class='gallery-item'>\n\t\t\t<div class='gallery-icon landscape'>\n\t\t\t\t<a href='https:\/\/www.moravecteam.cz\/?attachment_id=2408'><img width=\"25\" height=\"25\" src=\"https:\/\/www.moravecteam.cz\/wp-content\/uploads\/2015\/11\/DSCN4919-25x25.jpg\" class=\"attachment-thumbnail size-thumbnail\" alt=\"\" decoding=\"async\" loading=\"lazy\" aria-describedby=\"gallery-1-2408\" \/><\/a>\n\t\t\t<\/div>\n\t\t\t\t<figcaption class='wp-caption-text gallery-caption' id='gallery-1-2408'>\n\t\t\t\tMouchy&#8230; Taky m\u016f\u017eem&#8230;\n\t\t\t\t<\/figcaption><\/figure><figure class='gallery-item'>\n\t\t\t<div class='gallery-icon landscape'>\n\t\t\t\t<a href='https:\/\/www.moravecteam.cz\/?attachment_id=2409'><img width=\"25\" height=\"25\" src=\"https:\/\/www.moravecteam.cz\/wp-content\/uploads\/2015\/11\/DSCN4921-25x25.jpg\" class=\"attachment-thumbnail size-thumbnail\" alt=\"\" decoding=\"async\" loading=\"lazy\" aria-describedby=\"gallery-1-2409\" \/><\/a>\n\t\t\t<\/div>\n\t\t\t\t<figcaption class='wp-caption-text gallery-caption' id='gallery-1-2409'>\n\t\t\t\t\u010clen\u016fm DCR ud\u011blil v p\u00e1tek tren\u00e9r celib\u00e1t&#8230;\n\t\t\t\t<\/figcaption><\/figure><figure class='gallery-item'>\n\t\t\t<div class='gallery-icon portrait'>\n\t\t\t\t<a href='https:\/\/www.moravecteam.cz\/?attachment_id=2411'><img width=\"25\" height=\"25\" src=\"https:\/\/www.moravecteam.cz\/wp-content\/uploads\/2015\/11\/DSCN4926-25x25.jpg\" class=\"attachment-thumbnail size-thumbnail\" alt=\"\" decoding=\"async\" loading=\"lazy\" aria-describedby=\"gallery-1-2411\" \/><\/a>\n\t\t\t<\/div>\n\t\t\t\t<figcaption class='wp-caption-text gallery-caption' id='gallery-1-2411'>\n\t\t\t\tPup\u00edk!Radima &#8222;Nino Schurtera&#8220; Kov\u00e1\u0159e! \n\t\t\t\t<\/figcaption><\/figure><figure class='gallery-item'>\n\t\t\t<div class='gallery-icon landscape'>\n\t\t\t\t<a href='https:\/\/www.moravecteam.cz\/?attachment_id=2412'><img width=\"25\" height=\"25\" src=\"https:\/\/www.moravecteam.cz\/wp-content\/uploads\/2015\/11\/DSCN4927-25x25.jpg\" class=\"attachment-thumbnail size-thumbnail\" alt=\"\" decoding=\"async\" loading=\"lazy\" aria-describedby=\"gallery-1-2412\" \/><\/a>\n\t\t\t<\/div>\n\t\t\t\t<figcaption class='wp-caption-text gallery-caption' id='gallery-1-2412'>\n\t\t\t\tVybi\u0161ka: Mon\u010din smrteln\u00fd odpal&#8230;\n\t\t\t\t<\/figcaption><\/figure><figure class='gallery-item'>\n\t\t\t<div class='gallery-icon landscape'>\n\t\t\t\t<a href='https:\/\/www.moravecteam.cz\/?attachment_id=2413'><img width=\"25\" height=\"25\" src=\"https:\/\/www.moravecteam.cz\/wp-content\/uploads\/2015\/11\/DSCN4928-25x25.jpg\" class=\"attachment-thumbnail size-thumbnail\" alt=\"\" decoding=\"async\" loading=\"lazy\" aria-describedby=\"gallery-1-2413\" \/><\/a>\n\t\t\t<\/div>\n\t\t\t\t<figcaption class='wp-caption-text gallery-caption' id='gallery-1-2413'>\n\t\t\t\tKdo je na kolenou?\n\t\t\t\t<\/figcaption><\/figure><figure class='gallery-item'>\n\t\t\t<div class='gallery-icon landscape'>\n\t\t\t\t<a href='https:\/\/www.moravecteam.cz\/?attachment_id=2414'><img width=\"25\" height=\"25\" src=\"https:\/\/www.moravecteam.cz\/wp-content\/uploads\/2015\/11\/DSCN4933-25x25.jpg\" class=\"attachment-thumbnail size-thumbnail\" alt=\"\" decoding=\"async\" loading=\"lazy\" aria-describedby=\"gallery-1-2414\" \/><\/a>\n\t\t\t<\/div>\n\t\t\t\t<figcaption class='wp-caption-text gallery-caption' id='gallery-1-2414'>\n\t\t\t\tDo Ivany jsme p\u0159i vybi\u0161ce taky bu\u0161ili&#8230;\n\t\t\t\t<\/figcaption><\/figure><figure class='gallery-item'>\n\t\t\t<div class='gallery-icon landscape'>\n\t\t\t\t<a href='https:\/\/www.moravecteam.cz\/?attachment_id=2415'><img width=\"25\" height=\"25\" src=\"https:\/\/www.moravecteam.cz\/wp-content\/uploads\/2015\/11\/DSCN4934-25x25.jpg\" class=\"attachment-thumbnail size-thumbnail\" alt=\"\" decoding=\"async\" loading=\"lazy\" aria-describedby=\"gallery-1-2415\" \/><\/a>\n\t\t\t<\/div>\n\t\t\t\t<figcaption class='wp-caption-text gallery-caption' id='gallery-1-2415'>\n\t\t\t\t\u010c\u00ed jsou to, (no\u017eky), \u010d\u00ed?\n\t\t\t\t<\/figcaption><\/figure><figure class='gallery-item'>\n\t\t\t<div class='gallery-icon landscape'>\n\t\t\t\t<a href='https:\/\/www.moravecteam.cz\/?attachment_id=2416'><img width=\"25\" height=\"25\" src=\"https:\/\/www.moravecteam.cz\/wp-content\/uploads\/2015\/11\/DSCN4941-25x25.jpg\" class=\"attachment-thumbnail size-thumbnail\" alt=\"\" decoding=\"async\" loading=\"lazy\" aria-describedby=\"gallery-1-2416\" \/><\/a>\n\t\t\t<\/div>\n\t\t\t\t<figcaption class='wp-caption-text gallery-caption' id='gallery-1-2416'>\n\t\t\t\tN\u00e1stup jedna&#8230;\n\t\t\t\t<\/figcaption><\/figure><figure class='gallery-item'>\n\t\t\t<div class='gallery-icon landscape'>\n\t\t\t\t<a href='https:\/\/www.moravecteam.cz\/?attachment_id=2417'><img width=\"25\" height=\"25\" src=\"https:\/\/www.moravecteam.cz\/wp-content\/uploads\/2015\/11\/DSCN4942-25x25.jpg\" class=\"attachment-thumbnail size-thumbnail\" alt=\"\" decoding=\"async\" loading=\"lazy\" aria-describedby=\"gallery-1-2417\" \/><\/a>\n\t\t\t<\/div>\n\t\t\t\t<figcaption class='wp-caption-text gallery-caption' id='gallery-1-2417'>\n\t\t\t\tN\u00e1stup dva&#8230;\n\t\t\t\t<\/figcaption><\/figure><figure class='gallery-item'>\n\t\t\t<div class='gallery-icon landscape'>\n\t\t\t\t<a href='https:\/\/www.moravecteam.cz\/?attachment_id=2418'><img width=\"25\" height=\"25\" src=\"https:\/\/www.moravecteam.cz\/wp-content\/uploads\/2015\/11\/DSCN4943-25x25.jpg\" class=\"attachment-thumbnail size-thumbnail\" alt=\"\" decoding=\"async\" loading=\"lazy\" aria-describedby=\"gallery-1-2418\" \/><\/a>\n\t\t\t<\/div>\n\t\t\t\t<figcaption class='wp-caption-text gallery-caption' id='gallery-1-2418'>\n\t\t\t\tN\u00e1stup  t\u0159i&#8230;\n\t\t\t\t<\/figcaption><\/figure><figure class='gallery-item'>\n\t\t\t<div class='gallery-icon portrait'>\n\t\t\t\t<a href='https:\/\/www.moravecteam.cz\/?attachment_id=2400'><img width=\"25\" height=\"25\" src=\"https:\/\/www.moravecteam.cz\/wp-content\/uploads\/2015\/11\/DSCN48941-25x25.jpg\" class=\"attachment-thumbnail size-thumbnail\" alt=\"\" decoding=\"async\" loading=\"lazy\" aria-describedby=\"gallery-1-2400\" \/><\/a>\n\t\t\t<\/div>\n\t\t\t\t<figcaption class='wp-caption-text gallery-caption' id='gallery-1-2400'>\n\t\t\t\tIvana n\u00e1s oko\u010d\u00edrovala bez chybn\u011b&#8230;\n\t\t\t\t<\/figcaption><\/figure>\n\t\t<\/div>\n<\/p>\n<p style=\"text-align: justify;\">\n","protected":false},"excerpt":{"rendered":"<p>Tak jsme se tedy na podzim kone\u010dn\u011b do\u010dkali. Po \u010dty\u0159ech &#8222;prostydl\u00fdch sokolovn\u00e1ch&#8220; jsme p\u00e1te\u010dn\u00ed cvi\u010den\u00ed poprv\u00e9 letos na podzim odmakali v nov\u011b zateplen\u00e9 bene\u0161ovsk\u00e9 t\u011blocvi\u010dn\u011b. A v\u011bru, \u017ee jsme se zapotili! T\u011b\u017eko \u0159\u00edct, co k tomu p\u0159isp\u011blo v\u00edc: zda bezva Ivanino cvi\u010dko a nebo precizn\u011b nov\u011b zateplen\u00fd objekt&#8230; Asi k tomu p\u0159isp\u011blo oboj\u00ed z\u00e1rove\u0148 sv\u00fdm &hellip; <a href=\"https:\/\/www.moravecteam.cz\/?p=2395\" class=\"more-link\">Pokra\u010dov\u00e1n\u00ed textu <span class=\"screen-reader-text\">Poprv\u00e9 v t\u011blocvi\u010dn\u011b!<\/span> <span class=\"meta-nav\">&rarr;<\/span><\/a><\/p>\n","protected":false},"author":3,"featured_media":2401,"comment_status":"closed","ping_status":"closed","sticky":false,"template":"","format":"standard","meta":[],"categories":[9],"tags":[],"_links":{"self":[{"href":"https:\/\/www.moravecteam.cz\/index.php?rest_route=\/wp\/v2\/posts\/2395"}],"collection":[{"href":"https:\/\/www.moravecteam.cz\/index.php?rest_route=\/wp\/v2\/posts"}],"about":[{"href":"https:\/\/www.moravecteam.cz\/index.php?rest_route=\/wp\/v2\/types\/post"}],"author":[{"embeddable":true,"href":"https:\/\/www.moravecteam.cz\/index.php?rest_route=\/wp\/v2\/users\/3"}],"replies":[{"embeddable":true,"href":"https:\/\/www.moravecteam.cz\/index.php?rest_route=%2Fwp%2Fv2%2Fcomments&post=2395"}],"version-history":[{"count":14,"href":"https:\/\/www.moravecteam.cz\/index.php?rest_route=\/wp\/v2\/posts\/2395\/revisions"}],"predecessor-version":[{"id":2458,"href":"https:\/\/www.moravecteam.cz\/index.php?rest_route=\/wp\/v2\/posts\/2395\/revisions\/2458"}],"wp:featuredmedia":[{"embeddable":true,"href":"https:\/\/www.moravecteam.cz\/index.php?rest_route=\/wp\/v2\/media\/2401"}],"wp:attachment":[{"href":"https:\/\/www.moravecteam.cz\/index.php?rest_route=%2Fwp%2Fv2%2Fmedia&parent=2395"}],"wp:term":[{"taxonomy":"category","embeddable":true,"href":"https:\/\/www.moravecteam.cz\/index.php?rest_route=%2Fwp%2Fv2%2Fcategories&post=2395"},{"taxonomy":"post_tag","embeddable":true,"href":"https:\/\/www.moravecteam.cz\/index.php?rest_route=%2Fwp%2Fv2%2Ftags&post=2395"}],"curies":[{"name":"wp","href":"https:\/\/api.w.org\/{rel}","templated":true}]}}