{"id":2547,"date":"2015-12-05T21:55:38","date_gmt":"2015-12-05T20:55:38","guid":{"rendered":"http:\/\/www.moravecteam.cz\/?p=2547"},"modified":"2015-12-07T22:19:59","modified_gmt":"2015-12-07T21:19:59","slug":"okrouhla-boril-zaril","status":"publish","type":"post","link":"https:\/\/www.moravecteam.cz\/?p=2547","title":{"rendered":"Okrouhl\u00e1: Bo\u0159il z\u00e1\u0159il!"},"content":{"rendered":"<p style=\"text-align: justify;\"><span style=\"color: #800000;\"><strong>Prvn\u00ed prosincovou sobotu byla na\u0161e pozornost up\u0159ena v\u00edce do Jabkenic u Mlad\u00e9 Boleslavi (jel se zde p\u0159eposledn\u00ed poh\u00e1rov\u00fd cyklokros) ne\u017e na Okrouhlu, kde druh\u00fdm z\u00e1vodem pokra\u010doval rozb\u00edhaj\u00edc\u00ed se Brn\u011bnsk\u00fd b\u011b\u017eeck\u00fd poh\u00e1r. P\u0159esto: celkem osm state\u010dn\u00fdch MORAVC\u016e jsem vy\u010detl (snad jsem nikoho nep\u0159ehl\u00e9dl &#8211; kdy\u017e tak se mi, pros\u00edm, ozv\u011bte) ve v\u00fdsledkov\u00fdch listin\u00e1ch ji\u017e tradi\u010dn\u00edho Mikul\u00e1\u0161sk\u00e9ho b\u011bhu a hned t\u0159i z nich se dok\u00e1zali prosadit v po\u0159ad\u00ed ve sv\u00fdch kategori\u00edch do elitn\u00ed des\u00edtky!\u00a0<\/strong><\/span><\/p>\n<p style=\"text-align: justify;\"><a href=\"http:\/\/www.moravecteam.cz\/?attachment_id=2603\" rel=\"attachment wp-att-2603\"><img decoding=\"async\" loading=\"lazy\" class=\"size-full wp-image-2603 alignleft\" title=\"Petr Bo\u0159il v Okrouhl\u00e9 uk\u00e1zal v\u00fdbornou b\u011b\u017eeckou formu!\" alt=\"IMG_2126\" src=\"http:\/\/www.moravecteam.cz\/wp-content\/uploads\/2015\/12\/IMG_2126.jpg\" width=\"138\" height=\"300\" \/><\/a>P\u0159edev\u0161\u00edm <span style=\"color: #800000;\"><strong>Petr Bo\u0159il<\/strong><\/span>, des\u00e1t\u00fd v z\u00e1vod\u011b mu\u017e\u016f na velk\u00e9, osmikilometrov\u00e9 trati, potvrdil trvale vysokou v\u00fdkonnost a i kdy\u017e jsme ho letos na horsk\u00e9m kole m\u011bli mo\u017enost vid\u011bt minim\u00e1ln\u011b (startoval v r\u00e1mci MTB PDV pouze na Bene\u0161ov\u011b), v\u00fdsledkem na Okrouhl\u00e9 uk\u00e1zal, \u017ee je st\u00e1le ve v\u00fdborn\u00e9 kondici! Petr se letos v\u011bnoval pon\u011bkud jin\u00e9, v\u00edce adrenalinov\u00e9 sportovn\u00ed discipl\u00edn\u011b a jeho aktivity v r.2015 V\u00e1m ur\u010do je\u0161t\u011b do konce roku stihnu p\u0159ibl\u00ed\u017eit v samostatn\u00e9m \u010dl\u00e1nku, kter\u00fd si Pe\u0165a ur\u010dit\u011b zaslou\u017e\u00ed. Vyzvednout je t\u0159eba i sedm\u00e9 m\u00edsto <span style=\"color: #800000;\"><strong>Jirky \u0160t\u011bpan\u00edka<\/strong><\/span> v juniorech na mal\u00e9 trati a osmou p\u0159\u00ed\u010dku dom\u00e1c\u00ed borky &#8211; <span style=\"color: #800000;\"><strong>Barbory Tlamkov\u00e9<\/strong><\/span> (p\u0159\u00edpravka mlad\u0161\u00edch d\u011bv\u010dat), kter\u00e1 sv\u016fj p\u00e1te\u010dn\u00ed sv\u00e1tek oslavila, jak se pat\u0159\u00ed.<\/p>\n<p style=\"text-align: justify;\"><a href=\"http:\/\/www.moravecteam.cz\/?attachment_id=2604\" rel=\"attachment wp-att-2604\"><img decoding=\"async\" loading=\"lazy\" class=\"size-full wp-image-2604 alignright\" title=\"Sedm\u00fd junior z &quot;Kodlenke&quot; - Jirka \u0160t\u011bpan\u00edk.\" alt=\"IMG_2080 (1)\" src=\"http:\/\/www.moravecteam.cz\/wp-content\/uploads\/2015\/12\/IMG_2080-1.jpg\" width=\"157\" height=\"300\" \/><\/a>Ale ani dal\u0161\u00ed na\u0161i se v\u00fdsledkov\u011b neztratili. V kategorii p\u0159\u00edpravka mlad\u0161\u00ed chlapci se n\u00e1s v\u00fdborn\u011b reprezentoval v c\u00edli 16. <span style=\"color: #800000;\"><strong>Tom\u00e1\u0161 Zatloukal<\/strong><\/span>. Na mal\u00e9 trati na startu nechyb\u011bla dal\u0161\u00ed dom\u00e1c\u00ed z\u00e1vodnice, na\u0161e ost\u0159\u00edlen\u00e1, spolehliv\u00e1 reprezentantka <strong><span style=\"color: #800000;\">Monika &#8222;Tyg\u0159ice&#8220; Kone\u010dn\u00e1<\/span><\/strong>. Dob\u011bhla v dorostenkch 17. a jej\u00ed v\u00fdsledkov\u00fd posun od z\u00e1vodu v Jehnic\u00edch je pozoruhodn\u00fd! Dal\u0161\u00edm na\u0161im jsme dr\u017eeli palce na velk\u00e9, osmikilometrov\u00e9 trati. T\u0159i mu\u0161ket\u00fd\u0159i odvedli &#8222;podlahov\u00e9&#8220; v\u00fdkony a odm\u011bnou jsou jim i kvalitn\u00ed v\u00fdsledky. posu\u010fte sami: <strong><span style=\"color: #800000;\">Tom\u00e1\u0161 Tlamka<\/span><\/strong> byl v mu\u017e\u00edch klasifikov\u00e1n jako 67., <span style=\"color: #800000;\"><strong>Standa Sekanina<\/strong><\/span> dob\u011bhl v &#8222;prvn\u00edch veter\u00e1nech&#8220; 51. a v\u00fdborn\u00e9 vystoupen\u00ed MORAVC\u016e na Mikul\u00e1\u0161sk\u00e9m b\u011bhu zavr\u0161il <span style=\"color: #800000;\"><strong>Pavel Tlamka<\/strong><\/span>, v c\u00edli 35. v kategorii &#8222;veter\u00e1n\u016f dvojka\u0159\u016f&#8220;. Bravo MORAVEC! D\u00edky v\u0161em za vzorn\u00e9 repre odd\u00edlu! Neklame-li m\u011b pam\u011b\u0165, BBP bude pokra\u010dovat t\u0159et\u00edm z\u00e1vodem na \u0160t\u011bp\u00e1na v Syrovic\u00edch. Zde hledejte kompletn\u00ed <strong><a href=\"http:\/\/www.atletikauni.cz\/cz\/s1522\/Kalendar-akci\/Seznam-akci\/c2130-Detail-akce\/ata229-BBP-2-Mikulassky-beh-Okrouhla\">v\u00fdsledkov\u00fd servis<\/a><\/strong>.<\/p>\n","protected":false},"excerpt":{"rendered":"<p>Prvn\u00ed prosincovou sobotu byla na\u0161e pozornost up\u0159ena v\u00edce do Jabkenic u Mlad\u00e9 Boleslavi (jel se zde p\u0159eposledn\u00ed poh\u00e1rov\u00fd cyklokros) ne\u017e na Okrouhlu, kde druh\u00fdm z\u00e1vodem pokra\u010doval rozb\u00edhaj\u00edc\u00ed se Brn\u011bnsk\u00fd b\u011b\u017eeck\u00fd poh\u00e1r. P\u0159esto: celkem osm state\u010dn\u00fdch MORAVC\u016e jsem vy\u010detl (snad jsem nikoho nep\u0159ehl\u00e9dl &#8211; kdy\u017e tak se mi, pros\u00edm, ozv\u011bte) ve v\u00fdsledkov\u00fdch listin\u00e1ch ji\u017e tradi\u010dn\u00edho Mikul\u00e1\u0161sk\u00e9ho &hellip; <a href=\"https:\/\/www.moravecteam.cz\/?p=2547\" class=\"more-link\">Pokra\u010dov\u00e1n\u00ed textu <span class=\"screen-reader-text\">Okrouhl\u00e1: Bo\u0159il z\u00e1\u0159il!<\/span> <span class=\"meta-nav\">&rarr;<\/span><\/a><\/p>\n","protected":false},"author":3,"featured_media":2601,"comment_status":"open","ping_status":"closed","sticky":false,"template":"","format":"standard","meta":[],"categories":[1],"tags":[],"_links":{"self":[{"href":"https:\/\/www.moravecteam.cz\/index.php?rest_route=\/wp\/v2\/posts\/2547"}],"collection":[{"href":"https:\/\/www.moravecteam.cz\/index.php?rest_route=\/wp\/v2\/posts"}],"about":[{"href":"https:\/\/www.moravecteam.cz\/index.php?rest_route=\/wp\/v2\/types\/post"}],"author":[{"embeddable":true,"href":"https:\/\/www.moravecteam.cz\/index.php?rest_route=\/wp\/v2\/users\/3"}],"replies":[{"embeddable":true,"href":"https:\/\/www.moravecteam.cz\/index.php?rest_route=%2Fwp%2Fv2%2Fcomments&post=2547"}],"version-history":[{"count":7,"href":"https:\/\/www.moravecteam.cz\/index.php?rest_route=\/wp\/v2\/posts\/2547\/revisions"}],"predecessor-version":[{"id":2624,"href":"https:\/\/www.moravecteam.cz\/index.php?rest_route=\/wp\/v2\/posts\/2547\/revisions\/2624"}],"wp:featuredmedia":[{"embeddable":true,"href":"https:\/\/www.moravecteam.cz\/index.php?rest_route=\/wp\/v2\/media\/2601"}],"wp:attachment":[{"href":"https:\/\/www.moravecteam.cz\/index.php?rest_route=%2Fwp%2Fv2%2Fmedia&parent=2547"}],"wp:term":[{"taxonomy":"category","embeddable":true,"href":"https:\/\/www.moravecteam.cz\/index.php?rest_route=%2Fwp%2Fv2%2Fcategories&post=2547"},{"taxonomy":"post_tag","embeddable":true,"href":"https:\/\/www.moravecteam.cz\/index.php?rest_route=%2Fwp%2Fv2%2Ftags&post=2547"}],"curies":[{"name":"wp","href":"https:\/\/api.w.org\/{rel}","templated":true}]}}