{"id":2572,"date":"2015-12-07T08:04:33","date_gmt":"2015-12-07T07:04:33","guid":{"rendered":"http:\/\/www.moravecteam.cz\/?p=2572"},"modified":"2015-12-08T06:27:34","modified_gmt":"2015-12-08T05:27:34","slug":"pohodovy-den-v-brne","status":"publish","type":"post","link":"https:\/\/www.moravecteam.cz\/?p=2572","title":{"rendered":"Pohodov\u00fd den v Brn\u011b."},"content":{"rendered":"<p style=\"text-align: justify;\"><span style=\"color: #800000;\"><strong>N\u00e1v\u0161t\u011bva hrobu Vlastimila MORAVCE pat\u0159\u00ed u\u017e po l\u00e9ta k akc\u00edm, kter\u00e9 m\u016f\u017eeme v r\u00e1mci odd\u00edlu ozna\u010dit sm\u011ble za tradi\u010dn\u00ed. Letos n\u00e1m v\u00fdlet do jihomoravsk\u00e9 metropole vy\u0161el na druhou Adventn\u00ed ned\u011bli a n\u00e1\u0161 u\u017e tak siln\u00fd\u00a0t\u00fdm pos\u00edlilo nav\u00edc hned p\u011bt \u010dlen\u016f na\u0161\u00ed do\u010dasn\u00e9 cyklokrosov\u00e9 roty, v\u010detn\u011b dvou medailov\u00fdch hv\u011bzdi\u010dek z Jabkenic. Nev\u00e1hali s n\u00e1mi vyrazit, by\u0165 m\u011bli v noh\u00e1ch i ruk\u00e1ch t\u011b\u017ekou cyklokrosovou race z p\u0159ede\u0161l\u00e9ho dne. I kdy\u017e byla prvn\u00ed prosincov\u00e1 ned\u011ble ve znamen\u00ed po\u010das\u00ed sp\u00ed\u0161e du\u0161i\u010dkov\u00e9ho, na\u0161e tv\u00e1\u0159e z\u00e1\u0159ily po cel\u00fd den \u00fasm\u011bvy a &#8222;Nuda v Brn\u011b&#8220; se v\u016fbec nekonala&#8230;<\/strong><\/span><\/p>\n<figure id=\"attachment_2597\" aria-describedby=\"caption-attachment-2597\" style=\"width: 2294px\" class=\"wp-caption alignnone\"><a href=\"http:\/\/www.moravecteam.cz\/?attachment_id=2597\" rel=\"attachment wp-att-2597\"><img decoding=\"async\" loading=\"lazy\" class=\" wp-image-2597\" title=\"Runway \u010d.2 - \u010dek\u00e1me na Prudkovic &quot;Avelange&quot;.\" alt=\"DSCN5028\" src=\"http:\/\/www.moravecteam.cz\/wp-content\/uploads\/2015\/12\/DSCN5028.jpg\" width=\"2294\" height=\"1906\" srcset=\"https:\/\/www.moravecteam.cz\/wp-content\/uploads\/2015\/12\/DSCN5028.jpg 2294w, https:\/\/www.moravecteam.cz\/wp-content\/uploads\/2015\/12\/DSCN5028-300x249.jpg 300w, https:\/\/www.moravecteam.cz\/wp-content\/uploads\/2015\/12\/DSCN5028-1024x850.jpg 1024w\" sizes=\"(max-width: 2294px) 100vw, 2294px\" \/><\/a><figcaption id=\"caption-attachment-2597\" class=\"wp-caption-text\">Runway \u010d.2 &#8211; \u010dek\u00e1me na Prudkovic &#8222;Avelange&#8220;.<\/figcaption><\/figure>\n<p style=\"text-align: justify;\">Osv\u011bd\u010den\u00fd v\u00fdletn\u00ed sc\u00e9n\u00e1\u0159 \u00a0z minul\u00fdch let nem\u00e1me d\u016fvod m\u011bnit ani letos. Boskovicko-Skalick\u00fd UNION PACIFIC spole\u010dnosti Great Western s pozd\u011bji a\u017e t\u0159in\u00e1cti MORAVCI na &#8222;palub\u011b&#8220; s n\u00e1mi za\u010dal zrychlovat p\u0159esn\u011b v 10.01 hodin, abychom\u00a0s kr\u00e1tk\u00fdm mezip\u0159ist\u00e1n\u00edm v d\u016fle\u017eit\u00e9m region\u00e1ln\u00edm \u017eelezni\u010dn\u00edm uzlu vyrazili skoro Pendolinem ji\u017en\u00edm sm\u011brem do c\u00edlov\u00e9ho m\u011bsta &#8211; \u00a0do na\u0161\u00ed krajsk\u00e9 metropole. Ve vesnici\u00a0&#8222;Down Lhota&#8220;\u00a0si n\u00e1s ve vag\u00f3nu nach\u00e1z\u00ed jedna ze\u00a0zm\u00edn\u011bn\u00fdch hv\u011bzdi\u010dek z Jabkenic &#8211; Jana Tesa\u0159ov\u00e1\u00a0a v ji\u017e\u00a0stabiln\u00ed sestav\u011b zakon\u010dujeme prvn\u00ed vlakov\u00fd p\u0159esun hodinu p\u0159ed polednem na brn\u011bnsk\u00e9m hlavn\u00edm n\u00e1dra\u017e\u00ed. &#8222;\u0160alinama&#8220; pak vykli\u010dkov\u00e1v\u00e1me z centra a pl\u00e1novan\u011b tak\u0159ka na minutu p\u0159esn\u011b (11.32) stoj\u00edme u budovy krematoria.\u00a0Tro\u0161ku s nap\u011bt\u00edm, nebo\u0165 nev\u00edme p\u0159esn\u011b, kdo se k n\u00e1m je\u0161t\u011b p\u0159ipoj\u00ed. Sestry Koudelkovic jsou\u00a0hl\u00e1\u0161eny a ji\u017e na n\u00e1s \u010dekaj\u00ed. <a href=\"http:\/\/www.moravecteam.cz\/?attachment_id=2595\" rel=\"attachment wp-att-2595\"><img decoding=\"async\" loading=\"lazy\" class=\"size-full wp-image-2595 alignright\" title=\"Poledn\u00ed slun\u00ed\u010dko - Zitu\u0161ka Bartol\u0161ic-MORAVCOV\u00c1.\" alt=\"DSCN5062\" src=\"http:\/\/www.moravecteam.cz\/wp-content\/uploads\/2015\/12\/DSCN5062.jpg\" width=\"243\" height=\"300\" \/><\/a>Prvn\u00edm mil\u00fdm p\u0159ekvapen\u00edm ale je pro n\u00e1s p\u0159\u00edtomnost Pavl\u00ednky, dcery Vlastimila MORAVCE z jeho prvn\u00edho man\u017eelsk\u00e9ho vztahu, se kterou jsme se zas tak moc \u010dasto dosud nev\u00eddali (poprv\u00e9 letos na ja\u0159e p\u0159i zah\u00e1jen\u00ed cyklistick\u00e9 sez\u00f3ny v Brn\u011b &#8211; Kouhoutovic\u00edch). P\u0159i\u0161la i s man\u017eelem a oba bezvadn\u011b \u00a0doplnili rodinu Bartol\u0161ic-MORAVCOVU, kter\u00e1 se k n\u00e1m v sestav\u011b &#8222;Mal\u00e1&#8220; Eva, V\u00edtek a Zitu\u0161ka u hrobu na\u0161\u00ed Ikony p\u0159ipojuje z\u00e1hy. A nechyb\u00ed ani dva &#8222;Koh\u00f3ti Mirin a Blagyn&#8220;, p\u0159i\u010dem\u017e Jarda Blagyn Blaha\u00a0n\u00e1s\u00a0informuje o skute\u010dnosti, \u017ee v &#8222;Koh\u00f3tk\u00e1ch&#8220; na n\u00e1s u Vlast\u00edkov\u00e9 pam\u011btn\u00ed desky po\u010dk\u00e1 je\u0161t\u011b Rudla Labus zvan\u00fd &#8222;Piccollo El Bandito&#8220;. U Vlast\u00edkova hrobu obdivujeme, jak n\u00e1m povyrostla mal\u00e1 Zitu\u0161ka. Nevejde se u\u017e skoro v\u016fbec do ko\u010d\u00e1rku a dva zoubky, kter\u00e9 dokresluj\u00ed jej\u00ed kouzeln\u00fd \u00fasm\u011bv nazna\u010duj\u00ed, \u017ee Poh\u00e1r Drahansk\u00e9 vrchoviny 2016 se m\u016f\u017ee t\u011b\u0161it v kategorii odr\u00e1\u017eedel na novou bikerku. Na n\u00e1hrobku zapalujeme sv\u00ed\u010dky, dozdobujeme ho \u010derstv\u00fdmi medailemi a po\u00a0nafocen\u00ed spole\u010dn\u00e9ho obr\u00e1zku vyr\u00e1\u017e\u00edme sm\u011br Kohoutovice. U\u017e ov\u0161em v redukovan\u00e9 sestav\u011b: odd\u011bluje se od n\u00e1s pl\u00e1novit\u011b Terka Koudelkov\u00e1, Eva, V\u00edtek a Zitu\u0161ka a taky man\u017eel Pavl\u00ednky.<\/p>\n<p style=\"text-align: justify;\"><a href=\"http:\/\/www.moravecteam.cz\/?attachment_id=2596\" rel=\"attachment wp-att-2596\"><img decoding=\"async\" loading=\"lazy\" class=\"size-full wp-image-2596 alignleft\" title=\"Kompletn\u00ed Bartol\u0161ic\u016fv \u00fatok: Lev\u00e9 k\u0159\u00eddlo V\u00edtek, na centru Zitu\u0161ka, zprava to d\u00e1v\u00e1 Evi\u010dka.\" alt=\"DSCN5048\" src=\"http:\/\/www.moravecteam.cz\/wp-content\/uploads\/2015\/12\/DSCN5048.jpg\" width=\"222\" height=\"300\" \/><\/a>Jak Jarda Blaha sl\u00edbil, tak se i stalo: u pam\u011btn\u00ed desky na m\u00edst\u011b MORAVCOVY trag\u00e9die na n\u00e1s \u010dek\u00e1 \u010desk\u00e1 cyklistick\u00e1 legenda, \u00a0&#8222;MegaStar&#8220; sedmdes\u00e1t\u00fdch let minul\u00e9ho stolet\u00ed &#8211; Rudolf Labus. Setk\u00e1n\u00ed ale p\u0159edch\u00e1z\u00ed Petr\u016fv m\u00edrn\u00fd cestovn\u00ed &#8222;kufr&#8220;. Dv\u011b po sob\u011b jdouc\u00ed trolejbusov\u00e9 zast\u00e1vky v Kohoutovic\u00edch maj\u00ed tak\u0159ka shodn\u00fd n\u00e1zev: &#8222;Libu\u0161ino \u00fadol\u00ed&#8220; a &#8222;Libu\u0161ina t\u0159\u00edda&#8220;. Petr omylem vel\u00ed k v\u00fdstupu na t\u00e9 prvn\u00ed, tak\u017ee k pam\u011btn\u00ed desce mus\u00edme asi 0,5 km uj\u00edt po sv\u00fdch&#8230; Ani\u017e bychom to cht\u011bli, m\u00e1me v r\u00e1mci v\u00fdletu do Brna d\u00edk Petrov\u011b omylu za sebou i prvn\u00ed (mal\u00fd) zimn\u00ed kondi\u010dn\u00ed pochod&#8230;<\/p>\n<p style=\"text-align: justify;\"><a href=\"http:\/\/www.moravecteam.cz\/?attachment_id=2593\" rel=\"attachment wp-att-2593\"><img decoding=\"async\" loading=\"lazy\" class=\"size-full wp-image-2593 alignright\" title=\"Za spole\u010dnost Pavl\u00ednky jsme byli r\u00e1di.\" alt=\"DSCN5086\" src=\"http:\/\/www.moravecteam.cz\/wp-content\/uploads\/2015\/12\/DSCN5086.jpg\" width=\"213\" height=\"300\" \/><\/a>Na m\u00edst\u011b ne\u0161t\u011bst\u00ed (v dubnu tomu u\u017e bylo 29 let) op\u011bt zapalujeme sv\u00ed\u010dky, p\u0159id\u00e1v\u00e1me medaili, \u0159e\u0161\u00edme spole\u010dn\u00e9 foto&#8230; N\u00e1sledn\u011b si u\u017e, s docela hlasit\u00fdmi odezvami v na\u0161ich \u017ealudc\u00edch, u\u017e\u00edv\u00e1me p\u0159\u00edjemn\u00e9ho prost\u0159ed\u00ed kohoutovick\u00e9 hosp\u016fdky, kter\u00e1 je \u0159e\u0161ena\u00a0\u00a0v anglik\u00e1nsk\u00e9m stylu, a j\u00ed\u017e v\u00e9vod\u00ed v jej\u00edm interi\u00e9ru zmen\u0161enina slavn\u00e9ho Big Benu. Jako loni, ani letos se n\u00e1m z p\u0159\u00edjemn\u00e9ho hostince moc necht\u011blo, zvl\u00e1\u0161t\u011b kdy\u017e na\u0161i kamar\u00e1di z Kohoutovic op\u011bt poutav\u011b vypr\u00e1v\u011bli p\u0159\u00edhody, kter\u00e9 v r\u00e1mci sv\u00fdch cyklistick\u00fdch aktivit s (nejen) Vlast\u00edkem MORAVCEM pro\u017eili&#8230; Dojati jsem z dar\u016f, kter\u00e9 n\u00e1m Jarda p\u0159ed\u00e1v\u00e1&#8230; Krom\u011b kn\u00ed\u017eek s cyklistickou t\u00e9matikou s kapitolami, t\u00e1kaj\u00edc\u00edch se Vlastimila MORAVCE je to obr\u00e1zek s Vlasov\u00fdmi fotkami a s jeho origin\u00e1ln\u00edm starovn\u00edm \u010d\u00edslem z jednoho z ro\u010dn\u00edk\u016f Z\u00e1vodu m\u00edru (23)&#8230; Dojat\u00fd Petr slibuje revan\u0161 a p\u0159i t\u00e9top\u0159\u00edle\u017eitosti zveme na\u0161e kamar\u00e1dy na bl\u00ed\u017e\u00edc\u00ed se v\u00fdro\u010dn\u00ed ro(c)kov\u00e1n\u00ed&#8230;<\/p>\n<p style=\"text-align: justify;\"><a href=\"http:\/\/www.moravecteam.cz\/?attachment_id=2594\" rel=\"attachment wp-att-2594\"><img decoding=\"async\" loading=\"lazy\" class=\"size-full wp-image-2594 alignleft\" title=\"Svou p\u0159\u00edtomnost\u00ed n\u00e1s Rudla Labus moc pot\u011b\u0161il.\" alt=\"DSCN5081\" src=\"http:\/\/www.moravecteam.cz\/wp-content\/uploads\/2015\/12\/DSCN5081.jpg\" width=\"265\" height=\"300\" \/><\/a>Zp\u011bt do centra se vyd\u00e1v\u00e1me se samou tmou, MHD n\u00e1s p\u0159epravila na ulici \u010ceskou a odtud &#8222;\u0161tatlujeme&#8220; na &#8222;rolu&#8220; Adventn\u00edm Brnem u\u017e &#8222;po sv\u00fdch&#8220;. Na n\u00e1m\u011bst\u00ed Svobody obdivujeme velk\u00fd Betl\u00e9m a &#8222;slzav\u00fd&#8220; v\u00e1no\u010dn\u00ed strom, jako\u017e i chutnou medovinu pro zah\u0159\u00e1t\u00ed. Pokra\u010dujeme &#8222;vanglem&#8220; na &#8222;Zel\u0148\u00e1k&#8220;, i zde obdivujeme v\u00e1no\u010dn\u00ed strom, zd\u00e1 se n\u00e1m je\u0161t\u011b hez\u010d\u00ed, ne\u017e ten na &#8222;Svobo\u010f\u00e1ku&#8220;&#8230; Po p\u0159esn\u011b osmi hodin\u00e1ch trv\u00e1n\u00ed sv\u00e1te\u010dn\u00edho v\u00fdletu (18.01) nab\u00edr\u00e1me z brn\u011bnsk\u00e9ho vlakov\u00e9ho n\u00e1dra\u017e\u00ed vl\u00e1\u010dkem, s pocitem fajn str\u00e1ven\u00e9ho dne, severn\u00ed kurz &#8211; sm\u011br Drahansk\u00e1 vrchovina&#8230; Zde je u\u017e k omrknut\u00ed <strong><a href=\"http:\/\/moravecteam.rajce.idnes.cz\/2015.12.06._U_hrobu_Vlastimila_MORAVCE\/\">fotogalerie<\/a>&#8230;<\/strong><\/p>\n","protected":false},"excerpt":{"rendered":"<p>N\u00e1v\u0161t\u011bva hrobu Vlastimila MORAVCE pat\u0159\u00ed u\u017e po l\u00e9ta k akc\u00edm, kter\u00e9 m\u016f\u017eeme v r\u00e1mci odd\u00edlu ozna\u010dit sm\u011ble za tradi\u010dn\u00ed. Letos n\u00e1m v\u00fdlet do jihomoravsk\u00e9 metropole vy\u0161el na druhou Adventn\u00ed ned\u011bli a n\u00e1\u0161 u\u017e tak siln\u00fd\u00a0t\u00fdm pos\u00edlilo nav\u00edc hned p\u011bt \u010dlen\u016f na\u0161\u00ed do\u010dasn\u00e9 cyklokrosov\u00e9 roty, v\u010detn\u011b dvou medailov\u00fdch hv\u011bzdi\u010dek z Jabkenic. Nev\u00e1hali s n\u00e1mi vyrazit, by\u0165 &hellip; <a href=\"https:\/\/www.moravecteam.cz\/?p=2572\" class=\"more-link\">Pokra\u010dov\u00e1n\u00ed textu <span class=\"screen-reader-text\">Pohodov\u00fd den v Brn\u011b.<\/span> <span class=\"meta-nav\">&rarr;<\/span><\/a><\/p>\n","protected":false},"author":3,"featured_media":2589,"comment_status":"open","ping_status":"closed","sticky":false,"template":"","format":"standard","meta":[],"categories":[13],"tags":[],"_links":{"self":[{"href":"https:\/\/www.moravecteam.cz\/index.php?rest_route=\/wp\/v2\/posts\/2572"}],"collection":[{"href":"https:\/\/www.moravecteam.cz\/index.php?rest_route=\/wp\/v2\/posts"}],"about":[{"href":"https:\/\/www.moravecteam.cz\/index.php?rest_route=\/wp\/v2\/types\/post"}],"author":[{"embeddable":true,"href":"https:\/\/www.moravecteam.cz\/index.php?rest_route=\/wp\/v2\/users\/3"}],"replies":[{"embeddable":true,"href":"https:\/\/www.moravecteam.cz\/index.php?rest_route=%2Fwp%2Fv2%2Fcomments&post=2572"}],"version-history":[{"count":11,"href":"https:\/\/www.moravecteam.cz\/index.php?rest_route=\/wp\/v2\/posts\/2572\/revisions"}],"predecessor-version":[{"id":2629,"href":"https:\/\/www.moravecteam.cz\/index.php?rest_route=\/wp\/v2\/posts\/2572\/revisions\/2629"}],"wp:featuredmedia":[{"embeddable":true,"href":"https:\/\/www.moravecteam.cz\/index.php?rest_route=\/wp\/v2\/media\/2589"}],"wp:attachment":[{"href":"https:\/\/www.moravecteam.cz\/index.php?rest_route=%2Fwp%2Fv2%2Fmedia&parent=2572"}],"wp:term":[{"taxonomy":"category","embeddable":true,"href":"https:\/\/www.moravecteam.cz\/index.php?rest_route=%2Fwp%2Fv2%2Fcategories&post=2572"},{"taxonomy":"post_tag","embeddable":true,"href":"https:\/\/www.moravecteam.cz\/index.php?rest_route=%2Fwp%2Fv2%2Ftags&post=2572"}],"curies":[{"name":"wp","href":"https:\/\/api.w.org\/{rel}","templated":true}]}}