{"id":2579,"date":"2015-12-07T12:31:49","date_gmt":"2015-12-07T11:31:49","guid":{"rendered":"http:\/\/www.moravecteam.cz\/?p=2579"},"modified":"2015-12-07T20:20:53","modified_gmt":"2015-12-07T19:20:53","slug":"co-se-bude-dit-st50","status":"publish","type":"post","link":"https:\/\/www.moravecteam.cz\/?p=2579","title":{"rendered":"Co se bude d\u00edt? (ST50)"},"content":{"rendered":"<h5><span style=\"color: #800000;\">\u00dater\u00fd 8.12. 2015\u00a0<\/span><\/h5>\n<p style=\"text-align: justify;\">V r\u00e1mci prob\u00edhaj\u00edc\u00ed zimn\u00ed p\u0159\u00edpravy &#8211; od 18.00 hodin cvi\u010den\u00ed v t\u011blocvi\u010dn\u011b pro &#8222;mr\u0148ata&#8220; MORAVCE (vhodn\u00e9 pro d\u011bti do 12-ti let). Atletick\u00e1 t\u00edlka V\u00e1m (i sob\u011b) prot\u00e1hne Petr. <span style=\"color: #ff0000;\">POZOR! P\u00e1te\u010dn\u00ed cvi\u010den\u00ed kv\u016fli cyklokrosa\u0159sk\u00e9mu M\u010cR v Mlad\u00e9 Boleslavi\u00a0odpad\u00e1!<\/span><\/p>\n<h5><span style=\"color: #800000;\">P\u00e1tek 11.12. 2015<\/span><\/h5>\n<p style=\"text-align: justify;\">Odjezd Do\u010dasn\u00e9 cyklokrosa\u0159sk\u00e9 roty MORAVCE na posledn\u00ed z\u00e1vod \u010cesk\u00e9ho poh\u00e1ru do Mlad\u00e9 Boleslavi, kter\u00fd je z\u00e1rove\u0148 Mistrovstv\u00edm \u010cR. Organiza\u010dn\u011b pohl\u00eddaj\u00ed Milan Tlamka s V\u00ed\u0165ou Prudkem.<\/p>\n<h5><span style=\"color: #800000;\">Sobota 12.12.2015<\/span><\/h5>\n<p>M\u010cR v cyklokrosu a posledn\u00ed z\u00e1vod \u010cP \u010cesk\u00e9ho poh\u00e1ru v\u00a0\u00a0Mlad\u00e9 Boleslavi.\u00a0T\u00fdk\u00e1 se na\u0161\u00ed Do\u010dasn\u00e9 cyklokrosa\u0159sk\u00e9 roty, organiza\u010dn\u011b si v\u00fdpad pohl\u00eddaj\u00ed op\u011bt Milan s V\u00ed\u0165ou. Zde omrkn\u011bte <strong><a href=\"http:\/\/www.cyklokros.cz\/data\/web\/toitoicup\/15-16\/mlada_boleslav_propozice_2015.pdf\">propozice<\/a>&#8230;<\/strong><\/p>\n<p>&nbsp;<\/p>\n","protected":false},"excerpt":{"rendered":"<p>\u00dater\u00fd 8.12. 2015\u00a0 V r\u00e1mci prob\u00edhaj\u00edc\u00ed zimn\u00ed p\u0159\u00edpravy &#8211; od 18.00 hodin cvi\u010den\u00ed v t\u011blocvi\u010dn\u011b pro &#8222;mr\u0148ata&#8220; MORAVCE (vhodn\u00e9 pro d\u011bti do 12-ti let). Atletick\u00e1 t\u00edlka V\u00e1m (i sob\u011b) prot\u00e1hne Petr. POZOR! P\u00e1te\u010dn\u00ed cvi\u010den\u00ed kv\u016fli cyklokrosa\u0159sk\u00e9mu M\u010cR v Mlad\u00e9 Boleslavi\u00a0odpad\u00e1! P\u00e1tek 11.12. 2015 Odjezd Do\u010dasn\u00e9 cyklokrosa\u0159sk\u00e9 roty MORAVCE na posledn\u00ed z\u00e1vod \u010cesk\u00e9ho poh\u00e1ru do Mlad\u00e9 &hellip; <a href=\"https:\/\/www.moravecteam.cz\/?p=2579\" class=\"more-link\">Pokra\u010dov\u00e1n\u00ed textu <span class=\"screen-reader-text\">Co se bude d\u00edt? (ST50)<\/span> <span class=\"meta-nav\">&rarr;<\/span><\/a><\/p>\n","protected":false},"author":3,"featured_media":2586,"comment_status":"open","ping_status":"closed","sticky":false,"template":"","format":"standard","meta":[],"categories":[9],"tags":[],"_links":{"self":[{"href":"https:\/\/www.moravecteam.cz\/index.php?rest_route=\/wp\/v2\/posts\/2579"}],"collection":[{"href":"https:\/\/www.moravecteam.cz\/index.php?rest_route=\/wp\/v2\/posts"}],"about":[{"href":"https:\/\/www.moravecteam.cz\/index.php?rest_route=\/wp\/v2\/types\/post"}],"author":[{"embeddable":true,"href":"https:\/\/www.moravecteam.cz\/index.php?rest_route=\/wp\/v2\/users\/3"}],"replies":[{"embeddable":true,"href":"https:\/\/www.moravecteam.cz\/index.php?rest_route=%2Fwp%2Fv2%2Fcomments&post=2579"}],"version-history":[{"count":5,"href":"https:\/\/www.moravecteam.cz\/index.php?rest_route=\/wp\/v2\/posts\/2579\/revisions"}],"predecessor-version":[{"id":2585,"href":"https:\/\/www.moravecteam.cz\/index.php?rest_route=\/wp\/v2\/posts\/2579\/revisions\/2585"}],"wp:featuredmedia":[{"embeddable":true,"href":"https:\/\/www.moravecteam.cz\/index.php?rest_route=\/wp\/v2\/media\/2586"}],"wp:attachment":[{"href":"https:\/\/www.moravecteam.cz\/index.php?rest_route=%2Fwp%2Fv2%2Fmedia&parent=2579"}],"wp:term":[{"taxonomy":"category","embeddable":true,"href":"https:\/\/www.moravecteam.cz\/index.php?rest_route=%2Fwp%2Fv2%2Fcategories&post=2579"},{"taxonomy":"post_tag","embeddable":true,"href":"https:\/\/www.moravecteam.cz\/index.php?rest_route=%2Fwp%2Fv2%2Ftags&post=2579"}],"curies":[{"name":"wp","href":"https:\/\/api.w.org\/{rel}","templated":true}]}}