{"id":2610,"date":"2015-12-07T06:45:43","date_gmt":"2015-12-07T05:45:43","guid":{"rendered":"http:\/\/www.moravecteam.cz\/?p=2610"},"modified":"2015-12-07T22:32:23","modified_gmt":"2015-12-07T21:32:23","slug":"z-jabkenic-i-titul-mistra-cr","status":"publish","type":"post","link":"https:\/\/www.moravecteam.cz\/?p=2610","title":{"rendered":"Z Jabkenic titul mistra!"},"content":{"rendered":"<p style=\"text-align: justify;\"><span style=\"color: #800000;\"><strong>Zrovna jsme v r\u00e1mci n\u00e1v\u0161t\u011bvy hrobu Vlasty MORAVCE za\u017e\u00edvali ob\u011bd v kohoutovick\u00e9 hosp\u016fdce pod Big Benem a diskutovali s na\u0161imi kamar\u00e1dy z &#8222;Koh\u00f3tek&#8220; cyklistick\u00e9 probl\u00e9my, kdy\u017e na Petr\u016fv mobil dorazila SMS zpr\u00e1va z ned\u011bln\u00edho jabkenick\u00e9ho \u00a0cyklokrosov\u00e9ho n\u00e1rodn\u00edho \u0161ampion\u00e1tu veter\u00e1nsk\u00fdch kategori\u00ed. \u00a0Zpr\u00e1vu poslal Pavel Bal\u00e1k a v jej\u00edm obsahu oznamoval, \u017ee se pr\u00e1v\u011b stal Mistrem \u010cR ve veter\u00e1nech &#8222;\u010dty\u0159ic\u00e1tn\u00edc\u00edch&#8220;!<\/strong><\/span><\/p>\n<figure id=\"attachment_2615\" aria-describedby=\"caption-attachment-2615\" style=\"width: 496px\" class=\"wp-caption alignnone\"><a href=\"http:\/\/www.moravecteam.cz\/?attachment_id=2615\" rel=\"attachment wp-att-2615\"><img decoding=\"async\" loading=\"lazy\" class=\" wp-image-2615\" title=\"Pavel Bal\u00e1k v b\u011b\u017eeck\u00e9 pas\u00e1\u017ei mistrovsk\u00e9ho z\u00e1vodu v Jabkenic\u00edch.\" alt=\"1115\" src=\"http:\/\/www.moravecteam.cz\/wp-content\/uploads\/2015\/12\/1115.jpg\" width=\"496\" height=\"580\" srcset=\"https:\/\/www.moravecteam.cz\/wp-content\/uploads\/2015\/12\/1115.jpg 496w, https:\/\/www.moravecteam.cz\/wp-content\/uploads\/2015\/12\/1115-256x300.jpg 256w\" sizes=\"(max-width: 496px) 100vw, 496px\" \/><\/a><figcaption id=\"caption-attachment-2615\" class=\"wp-caption-text\">Pavel Bal\u00e1k v b\u011b\u017eeck\u00e9 pas\u00e1\u017ei mistrovsk\u00e9ho z\u00e1vodu v Jabkenic\u00edch.<\/figcaption><\/figure>\n<p style=\"text-align: justify;\">Radostnou by\u0165 strohou zpr\u00e1vu, kter\u00e1 k n\u00e1m dorazila v 15.08 hodin \u00a0si dovol\u00edm zde uv\u00e9st v pln\u00e9m zn\u011bn\u00ed: <em>&#8222;1 na M\u010cR za ctyricatniky (smajl\u00edk) bracha 8 misto (smajl\u00edk)&#8220;.<\/em>\u00a0Informace znamen\u00e1, \u017ee cyklokrosov\u00e9 Jabkenice 2015 budou v na\u0161\u00ed kronice d\u00edk Pavlu Bal\u00e1kovi, Tom\u00e1\u0161i Tlamkovi &#8222;Contadorovi&#8220; a Jan\u011b &#8222;D\u017eejn&#8220; Tesa\u0159ov\u00e9 zaps\u00e1ny neuv\u011b\u0159iteln\u00fdm zlato- st\u0159\u00edbrn\u011b- bronzov\u00fdm p\u00edsmem! Dnes mi kr\u00e1tkou e-mailovou zpr\u00e1vou Pavel pr\u016fb\u011bh z\u00e1vodu stru\u010dn\u011b okomentoval, tak\u017ee v\u00edme, \u017ee Pavel hlavn\u011b ocenil v\u00fdkon sv\u00e9ho bratra <span style=\"color: #800000;\"><strong>Leo\u0161e Bal\u00e1ka<\/strong><\/span>, kter\u00fd\u00a0podal super v\u00fdkon a po t\u0159\u00edm\u011bs\u00ed\u010dn\u00edm(!) tr\u00e9ninkov\u00e9m manku dok\u00e1zal ve sv\u00fdch 52 letech p\u0159ekvapit 8. m\u00edstem mezi \u010dty\u0159ic\u00e1tn\u00edky (tj. v mlad\u0161\u00ed kategorii). Bojoval jako lev o sedmou p\u0159\u00ed\u010dku s\u00a0lo\u0148sk\u00fdm \u0161ampionem Vlastem Mlyn\u00e1\u0159em. <span style=\"color: #800000;\"><strong>Pavel Bal\u00e1k<\/strong><\/span> si dojel po p\u011bti letech mezi \u010dty\u0159ic\u00e1tn\u00edky op\u011bt pro titul a doplnil tak sb\u00edrku medail\u00ed z\u00a0M\u010cR masters v\u00a0cyklokrosu na dv\u011b bronzov\u00e9, dv\u011b st\u0159\u00edbrn\u00e9 a dv\u011b zlat\u00e9 (a to je\u0161t\u011b m\u00e1 dv\u011b celkov\u00e9 v\u00edt\u011bzstv\u00ed v\u00a0\u010desk\u00e9m poh\u00e1ru)! Takov\u00e9 poklady m\u00e1me v odd\u00edle!<\/p>\n<figure id=\"attachment_2614\" aria-describedby=\"caption-attachment-2614\" style=\"width: 563px\" class=\"wp-caption alignnone\"><a href=\"http:\/\/www.moravecteam.cz\/?attachment_id=2614\" rel=\"attachment wp-att-2614\"><img decoding=\"async\" loading=\"lazy\" class=\" wp-image-2614\" title=\"P\u0159ed Leo\u0161em Bal\u00e1kem &quot;lev\u00e1 ostr\u00e1&quot;. Zku\u0161en\u00fd cyklista se p\u0159edvedl na mistr\u00e1ku v nejlep\u0161\u00edm sv\u011btle!\" alt=\"111\" src=\"http:\/\/www.moravecteam.cz\/wp-content\/uploads\/2015\/12\/111.jpg\" width=\"563\" height=\"646\" srcset=\"https:\/\/www.moravecteam.cz\/wp-content\/uploads\/2015\/12\/111.jpg 563w, https:\/\/www.moravecteam.cz\/wp-content\/uploads\/2015\/12\/111-261x300.jpg 261w\" sizes=\"(max-width: 563px) 100vw, 563px\" \/><\/a><figcaption id=\"caption-attachment-2614\" class=\"wp-caption-text\">P\u0159ed Leo\u0161em Bal\u00e1kem &#8222;lev\u00e1 ostr\u00e1&#8220;. Zku\u0161en\u00fd cyklista se p\u0159edvedl na mistr\u00e1ku v nejlep\u0161\u00edm sv\u011btle!<\/figcaption><\/figure>\n<p style=\"text-align: justify;\"><span style=\"line-height: 1.5;\">Je \u0161koda, \u017ee mistrovstv\u00ed sv\u011bta veter\u00e1n\u016f je letos v\u00a0Kanad\u011b, kam se Pavel, t\u011b\u0161\u00edc\u00ed se skv\u011bl\u00e9 form\u011b, u\u017e nechyst\u00e1 a pro leto\u0161ek sez\u00f3nu kon\u010d\u00ed. Oba bratry uvid\u00edme do konce roku je\u0161t\u011b na dvou poh\u00e1rov\u00fdch z\u00e1vodech: v Ko\u0161umberku a ve fin\u00e1le ve Svitav\u00e1ch. Bravo kluci, blahop\u0159ejeme a d\u00edky moc za vzorn\u00e9 repre MORAVCE!<\/span><\/p>\n<figure id=\"attachment_2621\" aria-describedby=\"caption-attachment-2621\" style=\"width: 496px\" class=\"wp-caption alignnone\"><a href=\"http:\/\/www.moravecteam.cz\/?attachment_id=2621\" rel=\"attachment wp-att-2621\"><img decoding=\"async\" loading=\"lazy\" class=\" wp-image-2621\" title=\"I v Brn\u011b nedal Pavel Bal\u00e1k soupe\u0159\u016fm \u010danci a potvrdil, \u017ee mistrovsk\u00fd dres obl\u00e9k\u00e1 zcela po pr\u00e1vu!\" alt=\"Brnocl\" src=\"http:\/\/www.moravecteam.cz\/wp-content\/uploads\/2015\/12\/Brnocl.jpg\" width=\"496\" height=\"663\" srcset=\"https:\/\/www.moravecteam.cz\/wp-content\/uploads\/2015\/12\/Brnocl.jpg 496w, https:\/\/www.moravecteam.cz\/wp-content\/uploads\/2015\/12\/Brnocl-224x300.jpg 224w\" sizes=\"(max-width: 496px) 100vw, 496px\" \/><\/a><figcaption id=\"caption-attachment-2621\" class=\"wp-caption-text\">I v Brn\u011b nedal Pavel Bal\u00e1k soupe\u0159\u016fm \u010danci a potvrdil, \u017ee mistrovsk\u00fd dres obl\u00e9k\u00e1 zcela po pr\u00e1vu!<\/figcaption><\/figure>\n<p style=\"text-align: justify;\">Jabkenick\u00e9 zlat\u00e9 informace o na\u0161ich dvou cyklokrosa\u0159sk\u00fdch &#8222;bour\u00e1c\u00edch&#8220; se slu\u0161\u00ed doplnit t\u011bmi z p\u0159edchoz\u00edho z\u00e1vodu \u010cesk\u00e9ho poh\u00e1ru v Brn\u011b, kde vyhr\u00e1l, kdo jin\u00fd, ne\u017e Pavel \u00a0a po t\u0159et\u00edm m\u00edst\u011b v c\u00edli ho na &#8222;bedn\u011b&#8220; doplnil i jeho br\u00e1cha Leo\u0161. M\u00e1me v t\u00fdmu dva fakt dost dobr\u00fd &#8222;bombar\u010f\u00e1ky&#8220;! Je\u0161t\u011b jednou -d\u00edky chlapi!<\/p>\n<figure id=\"attachment_2620\" aria-describedby=\"caption-attachment-2620\" style=\"width: 933px\" class=\"wp-caption alignnone\"><a href=\"http:\/\/www.moravecteam.cz\/?attachment_id=2620\" rel=\"attachment wp-att-2620\"><img decoding=\"async\" loading=\"lazy\" class=\" wp-image-2620  \" title=\"Na\u0161e celkov\u00e9 brn\u011bnsk\u00e9 medailov\u00e9 rezum\u00e9: jedno zlato (Pavel), jedno st\u0159\u00edbro (Jana tesa\u0159ov\u00e1) a jeden bronz (Leo\u0161). Bravo MORAVEC!\" alt=\"Brnostupn\" src=\"http:\/\/www.moravecteam.cz\/wp-content\/uploads\/2015\/12\/Brnostupn.jpg\" width=\"933\" height=\"797\" srcset=\"https:\/\/www.moravecteam.cz\/wp-content\/uploads\/2015\/12\/Brnostupn.jpg 933w, https:\/\/www.moravecteam.cz\/wp-content\/uploads\/2015\/12\/Brnostupn-300x256.jpg 300w\" sizes=\"(max-width: 933px) 100vw, 933px\" \/><\/a><figcaption id=\"caption-attachment-2620\" class=\"wp-caption-text\">Na\u0161e celkov\u00e9 brn\u011bnsk\u00e9 medailov\u00e9 rezum\u00e9: jedno zlato (Pavel), jedno st\u0159\u00edbro (Jana Tesa\u0159ov\u00e1) a jeden bronz (Leo\u0161). Bravo MORAVEC!<\/figcaption><\/figure>\n<p>&nbsp;<\/p>\n<p>&nbsp;<\/p>\n<p style=\"text-align: justify;\"><strong><br \/>\n<\/strong><\/p>\n","protected":false},"excerpt":{"rendered":"<p>Zrovna jsme v r\u00e1mci n\u00e1v\u0161t\u011bvy hrobu Vlasty MORAVCE za\u017e\u00edvali ob\u011bd v kohoutovick\u00e9 hosp\u016fdce pod Big Benem a diskutovali s na\u0161imi kamar\u00e1dy z &#8222;Koh\u00f3tek&#8220; cyklistick\u00e9 probl\u00e9my, kdy\u017e na Petr\u016fv mobil dorazila SMS zpr\u00e1va z ned\u011bln\u00edho jabkenick\u00e9ho \u00a0cyklokrosov\u00e9ho n\u00e1rodn\u00edho \u0161ampion\u00e1tu veter\u00e1nsk\u00fdch kategori\u00ed. \u00a0Zpr\u00e1vu poslal Pavel Bal\u00e1k a v jej\u00edm obsahu oznamoval, \u017ee se pr\u00e1v\u011b stal Mistrem \u010cR &hellip; <a href=\"https:\/\/www.moravecteam.cz\/?p=2610\" class=\"more-link\">Pokra\u010dov\u00e1n\u00ed textu <span class=\"screen-reader-text\">Z Jabkenic titul mistra!<\/span> <span class=\"meta-nav\">&rarr;<\/span><\/a><\/p>\n","protected":false},"author":3,"featured_media":2613,"comment_status":"open","ping_status":"closed","sticky":false,"template":"","format":"standard","meta":[],"categories":[1],"tags":[],"_links":{"self":[{"href":"https:\/\/www.moravecteam.cz\/index.php?rest_route=\/wp\/v2\/posts\/2610"}],"collection":[{"href":"https:\/\/www.moravecteam.cz\/index.php?rest_route=\/wp\/v2\/posts"}],"about":[{"href":"https:\/\/www.moravecteam.cz\/index.php?rest_route=\/wp\/v2\/types\/post"}],"author":[{"embeddable":true,"href":"https:\/\/www.moravecteam.cz\/index.php?rest_route=\/wp\/v2\/users\/3"}],"replies":[{"embeddable":true,"href":"https:\/\/www.moravecteam.cz\/index.php?rest_route=%2Fwp%2Fv2%2Fcomments&post=2610"}],"version-history":[{"count":12,"href":"https:\/\/www.moravecteam.cz\/index.php?rest_route=\/wp\/v2\/posts\/2610\/revisions"}],"predecessor-version":[{"id":2628,"href":"https:\/\/www.moravecteam.cz\/index.php?rest_route=\/wp\/v2\/posts\/2610\/revisions\/2628"}],"wp:featuredmedia":[{"embeddable":true,"href":"https:\/\/www.moravecteam.cz\/index.php?rest_route=\/wp\/v2\/media\/2613"}],"wp:attachment":[{"href":"https:\/\/www.moravecteam.cz\/index.php?rest_route=%2Fwp%2Fv2%2Fmedia&parent=2610"}],"wp:term":[{"taxonomy":"category","embeddable":true,"href":"https:\/\/www.moravecteam.cz\/index.php?rest_route=%2Fwp%2Fv2%2Fcategories&post=2610"},{"taxonomy":"post_tag","embeddable":true,"href":"https:\/\/www.moravecteam.cz\/index.php?rest_route=%2Fwp%2Fv2%2Ftags&post=2610"}],"curies":[{"name":"wp","href":"https:\/\/api.w.org\/{rel}","templated":true}]}}