{"id":2680,"date":"2015-12-13T23:16:56","date_gmt":"2015-12-13T22:16:56","guid":{"rendered":"http:\/\/www.moravecteam.cz\/?p=2680"},"modified":"2015-12-14T18:35:25","modified_gmt":"2015-12-14T17:35:25","slug":"podiova-tecka","status":"publish","type":"post","link":"https:\/\/www.moravecteam.cz\/?p=2680","title":{"rendered":"P\u00f3diov\u00e1 te\u010dka!"},"content":{"rendered":"<p style=\"text-align: justify;\"><strong><span style=\"color: #800000;\">P\u0159edpoklady, \u017ee bychom na cyklokrosov\u00e9m ml\u00e1de\u017enick\u00e9m \u0161ampion\u00e1tu nemuseli hr\u00e1t &#8222;druh\u00e9 housle&#8220; se beze zbytku druhou prosincovou sobotu v Mlad\u00e9 Boleslavi naplnily. \u010cty\u0159i na\u0161i do\u010dasn\u00ed cyklokrosov\u00ed mu\u0161ket\u00fd\u0159i se p\u0159i sv\u00fdch startech p\u0159ekon\u00e1vali a jajich p\u0159\u00edkladn\u00e9 v\u00fdkony byly korunov\u00e1ny i v\u00fdborn\u00fdmi v\u00fdsledky. V\u017edy\u0165 kdo by na za\u010d\u00e1tku na\u0161\u00ed leto\u0161n\u00ed cyklokrorov\u00e9 anab\u00e1ze odhadoval, \u017ee vyjedeme ve fini\u0161i na &#8222;mistr\u00e1ku&#8220; dv\u011b p\u00f3dia a v\u0161ichni na\u0161i se um\u00edstn\u00ed v elitn\u00ed des\u00edtce? A \u017ee pouho &#8211; pouh\u00e9 dv\u011b na\u0161e kadetky se um\u00edst\u00ed v t\u00fdmov\u00e9 sout\u011b\u017ei dokonce na bronzov\u00e9m stup\u00ednku? A \u017ee v\u0161ichni \u010dty\u0159i na\u0161i figuruj\u00ed dosti vysoko i v celkov\u00e9m hodnocen\u00ed pr\u00e1v\u011b skon\u010den\u00e9ho \u010cesk\u00e9ho poh\u00e1ru, nemus\u00edm ani p\u0159ipom\u00ednat&#8230;<\/span><\/strong><\/p>\n<figure id=\"attachment_2690\" aria-describedby=\"caption-attachment-2690\" style=\"width: 2961px\" class=\"wp-caption alignnone\"><a href=\"http:\/\/www.moravecteam.cz\/?attachment_id=2690\" rel=\"attachment wp-att-2690\"><img decoding=\"async\" loading=\"lazy\" class=\" wp-image-2690 \" title=\"Bojov\u00e1 z\u00e1stava tentokr\u00e1t nechyb\u011bla. Na fotce zasko\u010dil za Dominika, kter\u00fd v tento okam\u017eik p\u0159ipravoval na sv\u016fj start, Jakub Tesa\u0159.\" alt=\"DSCN5265\" src=\"http:\/\/www.moravecteam.cz\/wp-content\/uploads\/2015\/12\/DSCN5265.jpg\" width=\"2961\" height=\"2323\" srcset=\"https:\/\/www.moravecteam.cz\/wp-content\/uploads\/2015\/12\/DSCN5265.jpg 2961w, https:\/\/www.moravecteam.cz\/wp-content\/uploads\/2015\/12\/DSCN5265-300x235.jpg 300w, https:\/\/www.moravecteam.cz\/wp-content\/uploads\/2015\/12\/DSCN5265-1024x803.jpg 1024w\" sizes=\"(max-width: 2961px) 100vw, 2961px\" \/><\/a><figcaption id=\"caption-attachment-2690\" class=\"wp-caption-text\">Bojov\u00e1 z\u00e1stava tentokr\u00e1t nechyb\u011bla a u d\u011bt\u00ed se t\u011b\u0161\u00ed v \u00fact\u011b. Na fotce zasko\u010dil za Dominika, kter\u00fd v tento okam\u017eik p\u0159ipravoval na sv\u016fj start, Jakub Tesa\u0159.<\/figcaption><\/figure>\n<p style=\"text-align: justify;\">Vzorn\u011b sehran\u00fd t\u00fdm na\u0161\u00ed do\u010dasn\u00e9 cyklokrosov\u00e9 roty fungoval bezchybn\u011b u\u017e od p\u00e1tku. Hned p\u0159i prvn\u00edm naj\u00ed\u017ed\u011bn\u00ed mladoboleslavsk\u00e9 trat\u011b bylo jasn\u00e9, \u017ee tepl\u00e9 po\u010das\u00ed bude m\u00edt na &#8222;sv\u011bdom\u00ed&#8220; sp\u00ed\u0161e m\u011bkkou bl\u00e1tivou tra\u0165, hodn\u011b podobnou t\u00e9 jabkenick\u00e9, kter\u00e1 na\u0161im sedla a kdy Tom\u00e1\u0161 Tlamka &#8222;Contador&#8220; s Janou &#8222;D\u017eejn&#8220; Tesa\u0159ovou si dojeli dokonce pro &#8222;bednov\u00e1&#8220; um\u00edst\u011bn\u00ed. V p\u0159edve\u010der z\u00e1vodu jsme mohli na na\u0161ich rajdrech pozorovat zdravou m\u00edru nervozity i sebev\u011bdom\u00ed z\u00e1rove\u0148, p\u0159esn\u011b v optim\u00e1ln\u00edch objemech, pot\u0159ebn\u00fdch \u00a0pro \u00fasp\u011bch v z\u00e1vodu. A kdy\u017e je\u0161t\u011b p\u0159ed ve\u010derkou svalstvo Ani\u010dky, Jany, Toma a Domnika velice um\u011b zregenerovali a vyladili dv\u011b na\u0161e \u010derstv\u00e9 profi-mas\u00e9rky, bylo jasn\u00e9, \u017ee je &#8222;zad\u011bl\u00e1no&#8220; na kvalitn\u00ed v\u00fdsledek&#8230;<\/p>\n<figure id=\"attachment_2693\" aria-describedby=\"caption-attachment-2693\" style=\"width: 1120px\" class=\"wp-caption alignnone\"><a href=\"http:\/\/www.moravecteam.cz\/?attachment_id=2693\" rel=\"attachment wp-att-2693\"><img decoding=\"async\" loading=\"lazy\" class=\" wp-image-2693\" title=\"Jana Tesa\u0159ov\u00e1 st\u00edh\u00e1 \u010delo z\u00e1vodu. T\u011bsn\u011b za n\u00ed vid\u00edme Ani\u010dku Zem\u00e1nkovou.\" alt=\"DSCN5241\" src=\"http:\/\/www.moravecteam.cz\/wp-content\/uploads\/2015\/12\/DSCN5241.jpg\" width=\"1120\" height=\"1360\" srcset=\"https:\/\/www.moravecteam.cz\/wp-content\/uploads\/2015\/12\/DSCN5241.jpg 1120w, https:\/\/www.moravecteam.cz\/wp-content\/uploads\/2015\/12\/DSCN5241-247x300.jpg 247w, https:\/\/www.moravecteam.cz\/wp-content\/uploads\/2015\/12\/DSCN5241-843x1024.jpg 843w\" sizes=\"(max-width: 1120px) 100vw, 1120px\" \/><\/a><figcaption id=\"caption-attachment-2693\" class=\"wp-caption-text\">Jana Tesa\u0159ov\u00e1 st\u00edh\u00e1 \u010delo z\u00e1vodu. T\u011bsn\u011b za n\u00ed vid\u00edme Ani\u010dku Zem\u00e1nkovou.<\/figcaption><\/figure>\n<p style=\"text-align: justify;\">A taky, \u017ee jo! U\u017e p\u0159i startu kadetek se n\u00e1\u0161 opatrn\u00fd optimismus za\u010dal napl\u0148ovat. <span style=\"color: #800000;\"><strong>Jana &#8222;D\u017eejn&#8220; Teas\u0159ov\u00e1<\/strong><\/span> s <span style=\"color: #800000;\"><strong>Ani\u010dkou Zem\u00e1nkovou<\/strong> <\/span>vyrazili na tra\u0165 s razanc\u00ed j\u00edm vlastn\u00ed a prakticky po celou dobu vyrovnan\u00e9ho z\u00e1vodu se pohybovaly v elitn\u00ed des\u00edtce. Se silami vydr\u017eely holky a\u017e do konce, ba co v\u00edc: Jana dok\u00e1zala v z\u00e1v\u011bru obdivuhodn\u011b zrychlovat (st\u00e1v\u00e1 se t\u00edm pov\u011bstnou) a kdo v\u00ed, jak by v\u0161e dopadlo, kdyby rozhod\u010d\u00ed nechali jet kadetky je\u0161t\u011b o rundu na v\u00edc. Ale i tak je Janino p\u00f3diov\u00e9 p\u00e1t\u00e9 m\u00edsto, se ztr\u00e1tou p\u016flminutky na v\u00edt\u011bzku, vynikaj\u00edc\u00ed! A o mnoho zp\u011bt nez\u00fastala ani v c\u00edli des\u00e1t\u00e1 Ani\u010dka, kter\u00e1 t\u00edmto um\u00edst\u011bn\u00edm splnila slib, kter\u00fd p\u0159ed z\u00e1vodem dala tren\u00e9r\u016fm: tj. \u017ee zajede do &#8222;des\u00edtky&#8220;. Anina ztr\u00e1ta na v\u00edt\u011bzku &#8222;ko\u0161tovala&#8220; nicotn\u00e9 dv\u011b minutky&#8230; V celkov\u00e9m poh\u00e1rov\u00e9m sou\u010dtu skon\u010dila Jana (jako cyklokrosov\u00fd nov\u00e1\u010dek) na skv\u011bl\u00e9m &#8222;bramborov\u00e9m&#8220; stup\u00ednku a A\u0148a (t\u00e9\u017e leto\u0161n\u00ed cyklokrosa\u0159sk\u00e1 novicka) se ve fini\u0161i \u00a0posunula na v\u00fdborn\u00e9 12. m\u00edsto (p\u0159ipom\u00edn\u00e1m, \u017ee z d\u016fvodu studijn\u00edch povinnost\u00ed v zahrani\u010d\u00ed, vynechala dva z\u00e1vody). Ale pozor: v t\u00fdmov\u00e9 sout\u011b\u017ei berou na\u0161e holky bronz! Vyjely pro MORAVEC \u00a0\u00factyhodn\u00fdch celkem 496 bod\u016f a nesta\u010dili pouze na IVAR CS AUTHOR TEAM a &#8222;Sokol\u00edky&#8220; z Velt\u011b\u017ee&#8230; V\u011bzte ale, jak\u00e9 \u017ee to v\u011bhlasn\u00e9 cyklokrosa\u0159sk\u00e9 megat\u00fdmy za sebou na\u0161e p\u016fvabn\u00e9 duo zanechalo: nap\u0159\u00edklad \u010cEZ Cyklo Team T\u00e1bor, DUKLU Praha \u010di Slav\u00ed\u010dk\u016fv REMEREX Kol\u00edn&#8230; Zkr\u00e1tka Jan\u011b a Ann\u011b p\u00ed\u0161eme za leto\u0161n\u00ed cyklokrosovou sez\u00f3nu podtr\u017eenou jedni\u010dku!<\/p>\n<figure id=\"attachment_2692\" aria-describedby=\"caption-attachment-2692\" style=\"width: 895px\" class=\"wp-caption alignnone\"><a href=\"http:\/\/www.moravecteam.cz\/?attachment_id=2692\" rel=\"attachment wp-att-2692\"><img decoding=\"async\" loading=\"lazy\" class=\" wp-image-2692\" title=\"Ne, toto je\u0161t\u011b nen\u00ed pro Ani\u010dku c\u00edl. Naji\u017ed\u00ed pr\u00e1v\u011b do posledn\u00edho, t\u0159et\u00edho kola.\" alt=\"DSCN5245\" src=\"http:\/\/www.moravecteam.cz\/wp-content\/uploads\/2015\/12\/DSCN5245.jpg\" width=\"895\" height=\"991\" srcset=\"https:\/\/www.moravecteam.cz\/wp-content\/uploads\/2015\/12\/DSCN5245.jpg 895w, https:\/\/www.moravecteam.cz\/wp-content\/uploads\/2015\/12\/DSCN5245-270x300.jpg 270w\" sizes=\"(max-width: 895px) 100vw, 895px\" \/><\/a><figcaption id=\"caption-attachment-2692\" class=\"wp-caption-text\">Ne, toto je\u0161t\u011b nen\u00ed pro Ani\u010dku c\u00edl. Naji\u017ed\u00ed pr\u00e1v\u011b do posledn\u00edho, t\u0159et\u00edho kola.<\/figcaption><\/figure>\n<p style=\"text-align: justify;\">A stejn\u011b vysokou zn\u00e1mku m\u016f\u017eeme bez uzard\u011bn\u00ed napsat <strong><span style=\"color: #800000;\">Tom\u00e1\u0161i Tlamkovi &#8222;Contadorovi&#8220;<\/span><\/strong>. I on rostl na podzim z\u00e1vod od z\u00e1vodu a po 2. m\u00edst\u011b v Jabkenic\u00edch se stal dokonce dal\u0161\u00edm z MORAVC\u016e (nen\u00ed jich zase tolik), kter\u00fd dok\u00e1zal vybojovat v z\u00e1vod\u011b \u010cesk\u00e9ho poh\u00e1ru medaili. I on zajel \u00a0v Mlad\u00e9 Boleslavi \u00a0skv\u011ble. Po startu (do ter\u00e9nu se Tom v\u0159\u00edtil z dlouh\u00e9 c\u00edlov\u00e9 rovinky jako 6. v po\u0159ad\u00ed z t\u0159icetit\u0159\u00edhlavov\u00e9ho startovn\u00edho pole star\u0161\u00edch \u017e\u00e1k\u016f) si pohl\u00eddal \u010delo z\u00e1vodu a postupn\u011b za\u010dal zrychlovat a tvrd\u011b \u00fato\u010dit. Na za\u010d\u00e1tku 2. kola se dok\u00e1zal prosadit na 4. p\u0159\u00ed\u010dku a zd\u00e1lo se, \u017ee je v jeho sil\u00e1ch zopakovat Jabkenice. Bohu\u017eel v dal\u0161\u00edm ataku, kter\u00fd se dal vzhledem k Tomov\u011b \u00factahodn\u00e9mu fyzick\u00e9mu fondu o\u010dek\u00e1vat, ho zbrzdil defekt zadn\u00edho kola. Ztr\u00e1ta sice nebyla velk\u00e1 ale p\u0159esto &#8222;Contadorovi&#8220; absolutn\u00ed \u010delo z\u00e1vodu odsko\u010dilo&#8230; Takov\u00fd je cyklokros. I minim\u00e1ln\u00ed zdr\u017een\u00ed promluv\u00e1 do celkov\u00e9ho v\u00fdsledku velmi v\u00fdznam\u011b. Po v\u00fdm\u011bn\u011b kola ale Tom\u00e1\u0161 p\u0159edvedl \u00fa\u017easnou st\u00edhac\u00ed j\u00edzdu. Na \u010delo z\u00e1vodu za\u010dal ukrajovat vte\u0159inku po vte\u0159ince a kdo v\u00ed co by n\u00e1sledovalo, kdyby se jelo je\u0161t\u011b kolo na v\u00edc&#8230; Dal\u0161\u00ed, u\u017e druh\u00e9 p\u00f3dium toho dne vyjel v c\u00edli nakonec p\u00e1t\u00fd Tom\u00e1\u0161 Tlamka &#8222;Conador&#8220; pro MORAVEC! Roste z n\u011bj skute\u010dn\u00e1 cyklistick\u00e1 osobnost a v t\u00e9to souvislosti chci zm\u00ednit jeho cit pro techniku, kter\u00fd se u z\u00e1vodn\u00edk\u016f v tomto v\u011bku sp\u00ed\u0161e teprve t\u0159\u00edb\u0159\u00ed: Tom p\u0159sen\u011b odhadul probl\u00e9m se zadn\u00edm kolem, by\u0165 se tento na j\u00edzdn\u00edch vlastnostech jeho stroje v n\u00e1jezdu do druh\u00e9ho kola projevil nepatrn\u011b&#8230; \u00a0Ihned si uv\u011bdomil nutnost \u0159e\u0161it vznikaj\u00edc\u00ed situaci preventivn\u011b v\u010das &#8211; v\u00fdm\u011bnou kola na depu, do kter\u00e9ho se bl\u00ed\u017eil. Kdyby depo minul a v z\u00e1palu boje, kter\u00fd je u bore\u010dk\u016f tohoto v\u011bku obvykl\u00fd, riskoval dal\u0161\u00ed j\u00edzdu, defekt by se kr\u00e1tce za servisn\u00edm stanovi\u0161t\u011bm projevil v pln\u00e9 m\u00ed\u0159e a pro Toma by to znamenalo b\u011b\u017eet bezm\u00e1la 2km&#8230; Vzhledem k jeho v\u011bku opravdu pozoruhodn\u00fd cit pro techniku, pozoruhodn\u00e9 um\u011bn\u00ed rozhodnout se spr\u00e1vn\u011b ve zlomku vte\u0159iny&#8230; Tom\u00e1\u0161, kter\u00fd ve vyrovnan\u00e9m z\u00e1vod\u011b ztratil na v\u00edt\u011bze pouh\u00fdch 46 vte\u0159inek, byl nejen p\u00e1t\u00fd na &#8222;mistr\u00e1ku&#8220;, ale p\u00e1t\u00fd skon\u010dil i v celkov\u00e9m poh\u00e1rov\u00e9m hodnocen\u00ed a aby t\u011bch p\u011btek nem\u011bl m\u00e1lo: jako samojedin\u00fd vyt\u00e1hl MORAVEC na p\u00e1t\u00e9 m\u00edsto i v t\u00fdmov\u00e9 sout\u011b\u017ei. Je to trochu atypick\u00e9, ale \u00a0&#8222;Contadorovi&#8220; p\u00ed\u0161eme za tyto t\u0159i p\u011btky podtr\u017eenou jedni\u010dku!<\/p>\n<figure id=\"attachment_2691\" aria-describedby=\"caption-attachment-2691\" style=\"width: 1084px\" class=\"wp-caption alignnone\"><a href=\"http:\/\/www.moravecteam.cz\/?attachment_id=2691\" rel=\"attachment wp-att-2691\"><img decoding=\"async\" loading=\"lazy\" class=\" wp-image-2691\" title=\"&quot;Contadorova&quot; cyklokrosa\u0159sk\u00e1 klasika: prudk\u00fd v\u00fdb\u011bh s kolem na z\u00e1dech.\" alt=\"DSCN5262\" src=\"http:\/\/www.moravecteam.cz\/wp-content\/uploads\/2015\/12\/DSCN5262.jpg\" width=\"1084\" height=\"1254\" srcset=\"https:\/\/www.moravecteam.cz\/wp-content\/uploads\/2015\/12\/DSCN5262.jpg 1084w, https:\/\/www.moravecteam.cz\/wp-content\/uploads\/2015\/12\/DSCN5262-259x300.jpg 259w, https:\/\/www.moravecteam.cz\/wp-content\/uploads\/2015\/12\/DSCN5262-885x1024.jpg 885w\" sizes=\"(max-width: 1084px) 100vw, 1084px\" \/><\/a><figcaption id=\"caption-attachment-2691\" class=\"wp-caption-text\">&#8222;Contadorova&#8220; cyklokrosa\u0159sk\u00e1 klasika: prudk\u00fd v\u00fdb\u011bh s kolem na z\u00e1dech.<\/figcaption><\/figure>\n<p style=\"text-align: justify;\">Zat\u00edm co, \u017e\u00e1ci a kdetky odkrou\u017eili mladoboleslavsk\u00fd okruh p\u0159i sv\u00fdch startech t\u0159i kr\u00e1t, na juniory \u010dakala okruh\u016f hned dvojn\u00e1sobn\u00e1 porce. \u00a0N\u00e1\u0161 z\u00e1stupce na startu <span style=\"color: #800000;\"><strong>Dominik Prudek<\/strong><\/span>, vyst\u0159elil do ter\u00e9nu jako prvn\u00ed a tuto pozici podr\u017eel a\u017e za depo. I v dal\u0161\u00edm pr\u016fb\u011bhu z\u00e1vodu neztr\u00e1cel kontakt s \u010delem z\u00e1vodu, ale i jeho bohu\u017eel zbrzdil defekt. Po jeho vy\u0159e\u0161en\u00ed se propracoval na 7. m\u00edsto a zd\u00e1lo se, \u017ee bude postupn\u011b &#8222;v\u00e1lcovat&#8220; i dal\u0161\u00ed soupe\u0159e, kte\u0159\u00ed byli na dohled. Bohu\u017eel ne\u0161\u0165astn\u00fd p\u00e1d zam\u00edchal kartami trochu jinak a po n\u011bm musel ot\u0159esen\u00fd Dominik zp\u011bt znovu pracn\u011b z\u00edsk\u00e1vat ji\u017e d\u0159\u00edve vydobit\u00e9 pozice&#8230; Dok\u00e1zal to d\u00edk obdivuhodn\u00e9 bojovnosti a chuti z\u00e1vodit, kter\u00e9\u017eto dva znaky ozdobili jeho sobotn\u00ed par\u00e1dn\u00ed v\u00fdkon. Odm\u011bnou mu byl nejen pocit z dob\u0159e odveden\u00e9 cyklokrosa\u0159sk\u00e9 &#8222;rachoty&#8220;, ale p\u0159edev\u0161\u00edm v c\u00edli v\u00fdborn\u00e9 sedm\u00e9 m\u00edsto se ztr\u00e1tou nicotn\u00e9 p\u016fl t\u0159et\u00ed minutky na v\u00edt\u011bze. Sedm\u00e9 m\u00edsto bere Dom\u010da i v celkov\u00e9m hodnocen\u00ed leto\u0161n\u00edho ro\u010dn\u00edku \u010cesk\u00e9ho cyklokrosov\u00e9ho poh\u00e1ru a op\u011bt jako s\u00e1m jedin\u00fd, v t\u00fdmov\u00e9 sout\u011b\u017ei vyjel pro n\u00e1\u0161 odd\u00edl v\u00fdborn\u00fd osm\u00fd &#8222;fl\u00ed\u010dek&#8220;&#8230;<\/p>\n<figure id=\"attachment_2687\" aria-describedby=\"caption-attachment-2687\" style=\"width: 850px\" class=\"wp-caption alignnone\"><a href=\"http:\/\/www.moravecteam.cz\/?attachment_id=2687\" rel=\"attachment wp-att-2687\"><img decoding=\"async\" loading=\"lazy\" class=\" wp-image-2687\" title=\"Prudk\u00fd v\u00fdb\u011bh, kter\u00fd \u00fastil na c\u00edlovou rovinku, v pod\u00e1n\u00ed Dominika Prudka.\" alt=\"DSCN5277\" src=\"http:\/\/www.moravecteam.cz\/wp-content\/uploads\/2015\/12\/DSCN5277.jpg\" width=\"850\" height=\"1010\" srcset=\"https:\/\/www.moravecteam.cz\/wp-content\/uploads\/2015\/12\/DSCN5277.jpg 850w, https:\/\/www.moravecteam.cz\/wp-content\/uploads\/2015\/12\/DSCN5277-252x300.jpg 252w\" sizes=\"(max-width: 850px) 100vw, 850px\" \/><\/a><figcaption id=\"caption-attachment-2687\" class=\"wp-caption-text\">Prudk\u00fd v\u00fdb\u011bh, kter\u00fd \u00fastil na c\u00edlovou rovinku, v pod\u00e1n\u00ed Dominika Prudka.<\/figcaption><\/figure>\n<p style=\"text-align: justify;\">Blahop\u0159\u00e1n\u00ed a velk\u00fd d\u00edk let\u00ed na\u0161im \u010dty\u0159em rajdr\u016fm k v\u00fdsledku nejen na sobotn\u00edm mladobolaslavsk\u00e9m &#8222;mistr\u00e1ku&#8220;, ale i k v\u00fdsledk\u016fm a v\u00fdkon\u016fm po celou leto\u0161n\u00ed cyklokrosa\u0159skou sez\u00f3nu. Podp\u016frn\u00fd tandem Prudek &#8211; Tlamka samoz\u0159ejm\u011b nevyj\u00edmaje. L\u00edp ne\u017e letos jsme cyklokros nikdy nejezdili. La\u0165ku jsme si takto do dal\u0161\u00edch let nastavili hodn\u011b, hodn\u011b vysoko&#8230; Co je ale hlavn\u00ed: n\u00e1\u0161 kvartet za\u017eil p\u0159i dvan\u00e1cti t\u011b\u017ek\u00fdch race tu nejlep\u0161\u00ed mo\u017enou p\u0159\u00edpravu na bikovou sez\u00f3nu 2016. P\u0159edev\u0161\u00edm na p\u0159es rok by se m\u011blo skl\u00edzet, co se letos na podzim v r\u00e1mci na\u0161eho cyklokrosa\u0159en\u00ed, zaselo&#8230;<\/p>\n<figure id=\"attachment_2686\" aria-describedby=\"caption-attachment-2686\" style=\"width: 1618px\" class=\"wp-caption alignnone\"><a href=\"http:\/\/www.moravecteam.cz\/?attachment_id=2686\" rel=\"attachment wp-att-2686\"><img decoding=\"async\" loading=\"lazy\" class=\" wp-image-2686\" title=\"Spokojen\u00fd tren\u00e9rsk\u00fd tandem Prudek - Tlamka. V\u00ed\u0165a jako by \u0159\u00edkal: absolutn\u00ed vchol je u\u017e na dohled!\" alt=\"DSCN5299\" src=\"http:\/\/www.moravecteam.cz\/wp-content\/uploads\/2015\/12\/DSCN5299.jpg\" width=\"1618\" height=\"2019\" srcset=\"https:\/\/www.moravecteam.cz\/wp-content\/uploads\/2015\/12\/DSCN5299.jpg 1618w, https:\/\/www.moravecteam.cz\/wp-content\/uploads\/2015\/12\/DSCN5299-240x300.jpg 240w, https:\/\/www.moravecteam.cz\/wp-content\/uploads\/2015\/12\/DSCN5299-820x1024.jpg 820w\" sizes=\"(max-width: 1618px) 100vw, 1618px\" \/><\/a><figcaption id=\"caption-attachment-2686\" class=\"wp-caption-text\">Spokojen\u00fd tren\u00e9rsk\u00fd tandem Prudek &#8211; Tlamka. V\u00ed\u0165a jako by \u0159\u00edkal: absolutn\u00ed vchol je u\u017e na dohled!<\/figcaption><\/figure>\n<p style=\"text-align: justify;\">Proto\u017ee m\u011b zase po \u010dase MORAVCI &#8222;vyvezli&#8220;, dovol\u00edm si je\u0161t\u011b p\u00e1r post\u0159eh\u016f ze z\u00e1zem\u00ed vlastn\u00edho z\u00e1vodu: \u017de jsem byl nejhlu\u010dn\u011bj\u0161\u00edm fanou\u0161kem, je d\u016fsledek p\u0159etrv\u00e1vaj\u00edc\u00ed komorn\u00ed atmosf\u00e9ry na z\u00e1vodech n\u00e1rodn\u00edch poh\u00e1r\u016f, a\u0165 u\u017e jsou tyto bikov\u00e9, silni\u010dn\u00ed, dr\u00e1hov\u00e9, \u010di cyklokrosa\u0159sk\u00e9&#8230; Nev\u00edm pro\u010d se fanou\u0161ci v\u011bhlasn\u00fdch Team\u016f boj\u00ed (\u010di styd\u00ed?) na svoje &#8222;kon\u011b&#8220; po\u0159\u00e1dn\u011b &#8222;b\u00e9kn\u00f3t&#8220;? V\u017edy\u0165 z vlastn\u00ed zku\u0161enosti v\u00edm, jak takov\u00e1 podpora \u00a0rajdrovi, kter\u00fd na trati \u010dasto &#8222;mele z posledn\u00edho&#8220;, v\u017edy pom\u016f\u017ee&#8230; Z tohoto pohledu se m\u00e1me od sv\u011bta, kde atmosf\u00e9ra na z\u00e1vodech tohoto typu je \u00fapln\u011b jin\u00e1, je\u0161t\u011b hodn\u011b co u\u010dit (krom\u011b MORAVC\u016e, samoz\u0159ejm\u011b)&#8230; Dal\u0161\u00edm zklam\u00e1n\u00edm pro m\u011b byl p\u0159\u00edstup po\u0159adatel\u016f p\u0159i odm\u011b\u0148ov\u00e1n\u00ed nejlep\u0161\u00edch. Jsem toho n\u00e1zoru, \u017ee na n\u00e1rodn\u00edm mistrovstv\u00ed by m\u011blo b\u00fdt ocen\u011bno p\u011bt nejlep\u0161\u00edch. Kdy\u017e jsem se na to zeptal \u0161\u00e9fa po\u0159adatel\u016f, pana Ungermanna, odpov\u011bd\u011bl mi, \u017ee tak to je stanoveno \u010cesk\u00fdm svazem cyklistiky&#8230; Dob\u0159e. Ale: Mlad\u00e1 Boleslav, vzhledem k p\u0159\u00edtomnosti\u00a0patrn\u011b nev\u00edce vyd\u011bl\u00e1vaj\u00edc\u00ed tov\u00e1rny v \u010cesku, snad nen\u00ed po\u0159adatelem, ke kter\u00e9mu by se hodil p\u0159\u00edvlastek chud\u00fd&#8230; Tak\u017ee b\u00fdt na m\u00edst\u011b pana Ungermanna, ned\u011blal bych si z n\u011bjak\u00fdch Svazov\u00fdch p\u0159edpis\u016f v\u016fbec t\u011b\u017ekou hlavu, &#8222;vohnul&#8220; VW o n\u011bjak\u00e9 to &#8222;\u00e9\u010dko&#8220; na v\u00edc a pozval bych na p\u00f3dium p\u011bt nejlep\u0161\u00edch, jak je p\u0159i n\u00e1rodn\u00edch \u0161ampion\u00e1tech v civilizovan\u00fdch cyklistick\u00fdch zem\u00edch b\u011b\u017en\u011b zvykem. A to i v celkov\u00e9m vyhodnocen\u00ed n\u00e1rodn\u00edho pohru, v\u010detn\u011b t\u00fdmov\u00e9 sout\u011b\u017ee.\u00a0V t\u00fdmech se toti\u017e vyhla\u0161oval\u00a0\u00a0pouze nejlep\u0161\u00ed t\u00fdm&#8230; A to u\u017e m\u011b hlava nebrala v\u016fbec&#8230; A v\u011b\u0159te, \u017ee tyto negativn\u00ed post\u0159ehy z odm\u011b\u0148ov\u00e1n\u00ed nejlep\u0161\u00edch neuv\u00e1d\u00edm pro to, \u017ee MORAVEC m\u011bl v Mlad\u00e9 Boleslavi vlastn\u011b celkem p\u011bt p\u00f3di\u00ed\u00a0 za\u017e\u00edt&#8230;\u00a0<strong><a href=\"http:\/\/www.cyklokros.cz\/cz\/toi-toi-cup-2015-2016\/toi-toi-cup-2015-16\/mlada-boleslav\/vysledky\">V\u00fdsledkov\u00fd servis<\/a><\/strong> studujte zde, tu\u0165 je <strong><a href=\"http:\/\/moravecteam.rajce.idnes.cz\/2015.12.12_MCR_v_cyklokrosu_Mlada_Boleslav\/\">fotogalerie<\/a><\/strong>, tentokr\u00e1t z Liborova a m\u00e9ho fotosamopalu. Slu\u0161\u00ed se je\u0161t\u011b vzpomenout skv\u011bl\u00fdch v\u00fdkon\u016f na\u0161\u00ed odchovankyn\u011b <strong><span style=\"color: #800000;\">Ad\u00e9ly \u0160af\u00e1\u0159ov\u00e9<\/span><\/strong> (NUTREND Spcialized), kter\u00e1 sez\u00f3nu ukon\u010dila skv\u011bl\u00fdm 2. m\u00edstem v Lounech (aktu\u00e1ln\u011b p\u0159ed posledn\u00edm z\u00e1vodm \u010cP v lednu v Kol\u00edn\u011b figuruje Adys na pr\u016fb\u011b\u017en\u00e9m 11. m\u00edst\u011b), a kter\u00e9 v sou\u010dasnosti na Malorce u\u017e pod taktovkou Viktora Zapletala naj\u00ed\u017ed\u00ed silni\u010dn\u00ed kilometry \u00a0na d\u016fle\u017eitiu sez\u00f3nu 2016.<\/p>\n<p style=\"text-align: justify;\">\n","protected":false},"excerpt":{"rendered":"<p>P\u0159edpoklady, \u017ee bychom na cyklokrosov\u00e9m ml\u00e1de\u017enick\u00e9m \u0161ampion\u00e1tu nemuseli hr\u00e1t &#8222;druh\u00e9 housle&#8220; se beze zbytku druhou prosincovou sobotu v Mlad\u00e9 Boleslavi naplnily. \u010cty\u0159i na\u0161i do\u010dasn\u00ed cyklokrosov\u00ed mu\u0161ket\u00fd\u0159i se p\u0159i sv\u00fdch startech p\u0159ekon\u00e1vali a jajich p\u0159\u00edkladn\u00e9 v\u00fdkony byly korunov\u00e1ny i v\u00fdborn\u00fdmi v\u00fdsledky. V\u017edy\u0165 kdo by na za\u010d\u00e1tku na\u0161\u00ed leto\u0161n\u00ed cyklokrorov\u00e9 anab\u00e1ze odhadoval, \u017ee vyjedeme ve fini\u0161i na &hellip; <a href=\"https:\/\/www.moravecteam.cz\/?p=2680\" class=\"more-link\">Pokra\u010dov\u00e1n\u00ed textu <span class=\"screen-reader-text\">P\u00f3diov\u00e1 te\u010dka!<\/span> <span class=\"meta-nav\">&rarr;<\/span><\/a><\/p>\n","protected":false},"author":3,"featured_media":2689,"comment_status":"open","ping_status":"closed","sticky":false,"template":"","format":"standard","meta":[],"categories":[1],"tags":[],"_links":{"self":[{"href":"https:\/\/www.moravecteam.cz\/index.php?rest_route=\/wp\/v2\/posts\/2680"}],"collection":[{"href":"https:\/\/www.moravecteam.cz\/index.php?rest_route=\/wp\/v2\/posts"}],"about":[{"href":"https:\/\/www.moravecteam.cz\/index.php?rest_route=\/wp\/v2\/types\/post"}],"author":[{"embeddable":true,"href":"https:\/\/www.moravecteam.cz\/index.php?rest_route=\/wp\/v2\/users\/3"}],"replies":[{"embeddable":true,"href":"https:\/\/www.moravecteam.cz\/index.php?rest_route=%2Fwp%2Fv2%2Fcomments&post=2680"}],"version-history":[{"count":13,"href":"https:\/\/www.moravecteam.cz\/index.php?rest_route=\/wp\/v2\/posts\/2680\/revisions"}],"predecessor-version":[{"id":2710,"href":"https:\/\/www.moravecteam.cz\/index.php?rest_route=\/wp\/v2\/posts\/2680\/revisions\/2710"}],"wp:featuredmedia":[{"embeddable":true,"href":"https:\/\/www.moravecteam.cz\/index.php?rest_route=\/wp\/v2\/media\/2689"}],"wp:attachment":[{"href":"https:\/\/www.moravecteam.cz\/index.php?rest_route=%2Fwp%2Fv2%2Fmedia&parent=2680"}],"wp:term":[{"taxonomy":"category","embeddable":true,"href":"https:\/\/www.moravecteam.cz\/index.php?rest_route=%2Fwp%2Fv2%2Fcategories&post=2680"},{"taxonomy":"post_tag","embeddable":true,"href":"https:\/\/www.moravecteam.cz\/index.php?rest_route=%2Fwp%2Fv2%2Ftags&post=2680"}],"curies":[{"name":"wp","href":"https:\/\/api.w.org\/{rel}","templated":true}]}}