{"id":2738,"date":"2015-12-19T07:14:01","date_gmt":"2015-12-19T06:14:01","guid":{"rendered":"http:\/\/www.moravecteam.cz\/?p=2738"},"modified":"2015-12-20T10:21:26","modified_gmt":"2015-12-20T09:21:26","slug":"vita-zfaral-pro-zlaty-venec","status":"publish","type":"post","link":"https:\/\/www.moravecteam.cz\/?p=2738","title":{"rendered":"V\u00ed\u0165a sf\u00e1ral pro zlato!"},"content":{"rendered":"<p style=\"text-align: justify;\"><strong><span style=\"color: #800000;\">B\u00fdvalo pravidlem, \u017ee jsme do Ostravy jezdili jen jednou za rok na tamn\u00ed bikovou klasiku &#8211; Ostravsk\u00e9ho Chachara. Letos je ale v\u0161echno trochu jinak&#8230; Proto\u017ee s nepsan\u00fdm Kr\u00e1lem cyklistiky Severn\u00ed Moravy a Slezska &#8211; Martinem \u0160\u00edmou, m\u00e1me velmi t\u011bsn\u00e9 vztahy u\u017e po l\u00e9ta, a proto\u017ee po str\u00e1nce velotechniky je t\u0159eba j\u00edt st\u00e1le v p\u0159ed, ocitli jsme se na \u010cujkovov\u011b ulici v prodejn\u011b MaxCursor minul\u00fd \u010dtvrtek v podve\u010der, letos u\u017e po druh\u00e9&#8230; Zde jsme s Martinem nejd\u0159\u00edve po\u0159e\u0161ili &#8222;k\u0161efty&#8220;, abychom n\u00e1sledn\u011b byli VIP hosty na Setk\u00e1n\u00ed cyklistick\u00fdch legend na legend\u00e1rn\u00ed ostravsk\u00e9 \u0158\u00edzk\u00e1rn\u011b&#8230;<\/span><\/strong><\/p>\n<figure id=\"attachment_2748\" aria-describedby=\"caption-attachment-2748\" style=\"width: 1357px\" class=\"wp-caption alignnone\"><a href=\"http:\/\/www.moravecteam.cz\/?attachment_id=2748\" rel=\"attachment wp-att-2748\"><img decoding=\"async\" loading=\"lazy\" class=\" wp-image-2748\" alt=\"DSCN5423\" src=\"http:\/\/www.moravecteam.cz\/wp-content\/uploads\/2015\/12\/DSCN5423.jpg\" width=\"1357\" height=\"1242\" srcset=\"https:\/\/www.moravecteam.cz\/wp-content\/uploads\/2015\/12\/DSCN5423.jpg 1357w, https:\/\/www.moravecteam.cz\/wp-content\/uploads\/2015\/12\/DSCN5423-300x274.jpg 300w, https:\/\/www.moravecteam.cz\/wp-content\/uploads\/2015\/12\/DSCN5423-1024x937.jpg 1024w\" sizes=\"(max-width: 1357px) 100vw, 1357px\" \/><\/a><figcaption id=\"caption-attachment-2748\" class=\"wp-caption-text\">Souboj omladiny MORAVCE a MaxCursoru vyzn\u011bl pro borce z hostuj\u00edc\u00edho t\u00fdmu!<\/figcaption><\/figure>\n<p style=\"text-align: justify;\">Ten sedmn\u00e1ct\u00fd prosincov\u00fd den jsme neud\u011blali nic jin\u00e9ho, ne\u017e \u017ee jsme spojili p\u0159\u00edjemn\u00e9 s u\u017eite\u010dn\u00fdm. Na dalek\u00fd sever vyrazil dost siln\u00fd t\u00fdm MORAVCE ve slo\u017een\u00ed: V\u00ed\u0165a a Dominik Prudkovic, krom\u011b Michala kompletn\u00ed sestava &#8222;Contador\u016f&#8220; a bene\u0161ovsk\u00fd prapor pomysln\u011b podr\u017eeli Ani\u010dka s Petrem. Na \u0158\u00edzk\u00e1rn\u011b (cyklistick\u00e1 restaurace, kter\u00e1 se nach\u00e1z\u00ed pobl\u00ed\u017e \u00a0trat\u00ed Ostravsk\u00e9ho Chachara) v\u0161e za\u010d\u00ednalo od 18.00 hodina a co se vlastn\u011b bude d\u00edt, na to jsme byli fakt zv\u011bdav\u00ed&#8230; Neb &#8222;Mar\u0165as&#8220; \u0160\u00edma hovo\u0159il s Petrem o pr\u016fb\u011bhu akce neur\u010dit\u011b a dost v h\u00e1dank\u00e1ch&#8230; Jedinou p\u0159edem zn\u00e1mou podm\u00ednkou pro n\u00e1s bylo bylo, abychom dorazili v odd\u00edlov\u00fdch dresech&#8230; A n\u00e1m bylo jasn\u00e9, \u017ee se asi bude dost improvizovat&#8230;<\/p>\n<figure id=\"attachment_2749\" aria-describedby=\"caption-attachment-2749\" style=\"width: 1225px\" class=\"wp-caption alignnone\"><a href=\"http:\/\/www.moravecteam.cz\/?attachment_id=2749\" rel=\"attachment wp-att-2749\"><img decoding=\"async\" loading=\"lazy\" class=\" wp-image-2749\" alt=\"DSCN5425\" src=\"http:\/\/www.moravecteam.cz\/wp-content\/uploads\/2015\/12\/DSCN5425.jpg\" width=\"1225\" height=\"1111\" srcset=\"https:\/\/www.moravecteam.cz\/wp-content\/uploads\/2015\/12\/DSCN5425.jpg 1225w, https:\/\/www.moravecteam.cz\/wp-content\/uploads\/2015\/12\/DSCN5425-300x272.jpg 300w, https:\/\/www.moravecteam.cz\/wp-content\/uploads\/2015\/12\/DSCN5425-1024x928.jpg 1024w\" sizes=\"(max-width: 1225px) 100vw, 1225px\" \/><\/a><figcaption id=\"caption-attachment-2749\" class=\"wp-caption-text\">Oba \u010dasy &#8222;mlad\u00fdch pu\u0161ek&#8220; byly velmi kvalitn\u00ed!<\/figcaption><\/figure>\n<p style=\"text-align: justify;\"><span style=\"line-height: 1.5;\">Akce, jej\u00ed\u017e sc\u00e9n\u00e1\u0159 se podle o\u010dek\u00e1v\u00e1n\u00ed detailn\u011b dotvo\u0159il a\u017e v pr\u016fb\u011bhu vlastn\u00edho ve\u010dera za mistrn\u00e9 re\u017eie Martina \u0160\u00edmy, po\u0159\u00e1dal MaxCursor u\u017e po druh\u00e9 a v\u011b\u0159te, \u017ee st\u00e1la za to!\u00a0<\/span><span style=\"line-height: 1.5;\">P\u0159i p\u0159\u00edchodu do restaurace jsme byli mile p\u0159ekvapeni hned n\u011bkolika skute\u010dnostmi z\u00e1rove\u0148: cyklistick\u00fdmi legendami se to zde opravdu jen hem\u017eilo (to ocenil p\u0159edev\u0161\u00edm V\u00ed\u0165a Prudek, kter\u00fd se zde potkal s nejedn\u00edm kamar\u00e1dem z legend\u00e1rn\u00edho cyklistick\u00e9ho &#8222;man\u010daftu&#8220; z minul\u00e9ho stolet\u00ed &#8211; \u017dD Bohum\u00edn). My jsme byli r\u00e1di, \u017ee jsme se zde po \u010dase op\u011bt setkali s velik\u00e1ny (nejen) severomaravsk\u00e9 cyklistiky, jak\u00fdmi beze sporu jsou: Zde\u0148k Mlyn\u00e1\u0159, \u0160\u00e1rka Chmurov\u00e1, Tonda Rezek \u010di Jarys P\u00e1nek&#8230; Pr\u00e1v\u011b s posledn\u011b jmenovan\u00fdm Jardou P\u00e1nkem a jeho man\u017eelkou jsme sd\u00edleli u VIP stolu &#8222;palpost&#8220; a mohli na \u00favod programu ve\u010dera s obdivem sledovat sekvenci fotodokument\u016f z historie zdej\u0161\u00ed region\u00e1ln\u00ed cyklistiky.\u00a0<\/span><\/p>\n<figure id=\"attachment_2751\" aria-describedby=\"caption-attachment-2751\" style=\"width: 854px\" class=\"wp-caption alignnone\"><a href=\"http:\/\/www.moravecteam.cz\/?attachment_id=2751\" rel=\"attachment wp-att-2751\"><img decoding=\"async\" loading=\"lazy\" class=\" wp-image-2751\" alt=\"DSCN5438\" src=\"http:\/\/www.moravecteam.cz\/wp-content\/uploads\/2015\/12\/DSCN5438.jpg\" width=\"854\" height=\"904\" srcset=\"https:\/\/www.moravecteam.cz\/wp-content\/uploads\/2015\/12\/DSCN5438.jpg 854w, https:\/\/www.moravecteam.cz\/wp-content\/uploads\/2015\/12\/DSCN5438-25x25.jpg 25w, https:\/\/www.moravecteam.cz\/wp-content\/uploads\/2015\/12\/DSCN5438-283x300.jpg 283w\" sizes=\"(max-width: 854px) 100vw, 854px\" \/><\/a><figcaption id=\"caption-attachment-2751\" class=\"wp-caption-text\">V\u00ed\u0165a Prudek kr\u00e1tce po startu fin\u00e1lov\u00e9 j\u00edzdy.<\/figcaption><\/figure>\n<p style=\"text-align: justify;\">Soub\u011b\u017en\u011b se rozb\u011bhl hlavn\u00ed tah\u00e1k ve\u010dera &#8211; z\u00e1vod na cyklotrena\u017eeru, kdy\u017e kategorie byly vyhl\u00e1\u0161eny &#8211; po ostravsku &#8211; sv\u00e9bytn\u011b: legendy, p\u0159\u00edchoz\u00ed OPEN, \u017eeny a n\u011bco jako &#8222;cyklistick\u00fd pot\u011br&#8220;. Trena\u017eer, kter\u00fd byl na \u0158\u00edzk\u00e1rn\u011b v akci, zn\u00e1me z lo\u0148sk\u00e9ho pra\u017esk\u00e9ho vyhla\u0161ov\u00e1n\u00ed CMT Tour, kdy ho \u00fasp\u011b\u0161n\u011b zvl\u00e1dala a v\u00fdznamn\u00e9ho v\u00edt\u011bzstv\u00ed (v\u00edkendov\u00fd pron\u00e1jem vozu Mercedes) na n\u011bm dos\u00e1hla Ani\u010dka Zem\u00e1nkov\u00e1. Ta ale kupodivu o z\u00e1vod\u011bn\u00ed tentokr\u00e1t nejevila z\u00e1jem a tak t\u00edha odpov\u011bdnosti za reprezentaci odd\u00edlu z\u016fstala na obou &#8222;Pru\u010fas\u00edch&#8220;. Zat\u00edm co Dominik m\u011bl pouze jedin\u00e9ho soupe\u0159e &#8211; Martina \u0160\u00edmu ml. a v p\u011bkn\u00e9m souboji dvou kvalitn\u00edch cyklist\u016f si s n\u00edm dok\u00e1zal poradit (jako jeden z m\u00e1la dos\u00e1hl Dom\u010da \u010dasu pod 20 vte\u0159in), jeho z\u00e1konn\u00fd otec V\u00ed\u0165a m\u011bl \u00falohu pon\u011bkud slo\u017eit\u011bj\u0161\u00ed. P\u0159\u00edchoz\u00edch bylo docela &#8222;hafo&#8220; a tak se n\u00e1\u0161 &#8222;head coach&#8220;, t\u011b\u0161\u00edc\u00ed se aktu\u00e1ln\u011b v\u00fdte\u010dn\u00e9 form\u011b, musel po kvalifika\u010dn\u00ed j\u00edzd\u011b &#8222;prost\u0159\u00edlet&#8220; k zaslou\u017een\u00e9mu v\u00edt\u011bzstv\u00ed s\u00edtem play-off j\u00edzd ve sledu: \u010dtvrtfin\u00e1le-semifin\u00e1le-fin\u00e1le. Ano, \u010dtete dob\u0159e, nejpresti\u017en\u011bj\u0161\u00ed kategorie ve\u010dera se stala ko\u0159ist\u00ed MORAVCE, V\u00ed\u0165i Prudka! A fin\u00e1lov\u00e1 j\u00edzda v pravd\u011b \u00a0zvedla div\u00e1ky ze sedadel! N\u00e1\u0161 borec z po\u010d\u00e1tku takticky veden\u00e9 bitvy m\u00edrn\u011b ztr\u00e1cel&#8230; Pak ale p\u0159i\u0161el jeho pov\u011bstn\u00fd drtiv\u00fd n\u00e1stup, kter\u00fd vy\u00fastil v \u00fa\u017easn\u00e9 v\u00edt\u011bzstv\u00ed o dv\u011b setiny sekundy!!! Bravo MORAVEC!!!<\/p>\n<figure id=\"attachment_2752\" aria-describedby=\"caption-attachment-2752\" style=\"width: 885px\" class=\"wp-caption alignnone\"><a href=\"http:\/\/www.moravecteam.cz\/?attachment_id=2752\" rel=\"attachment wp-att-2752\"><img decoding=\"async\" loading=\"lazy\" class=\" wp-image-2752\" alt=\"DSCN5440\" src=\"http:\/\/www.moravecteam.cz\/wp-content\/uploads\/2015\/12\/DSCN5440.jpg\" width=\"885\" height=\"1031\" srcset=\"https:\/\/www.moravecteam.cz\/wp-content\/uploads\/2015\/12\/DSCN5440.jpg 885w, https:\/\/www.moravecteam.cz\/wp-content\/uploads\/2015\/12\/DSCN5440-257x300.jpg 257w, https:\/\/www.moravecteam.cz\/wp-content\/uploads\/2015\/12\/DSCN5440-878x1024.jpg 878w\" sizes=\"(max-width: 885px) 100vw, 885px\" \/><\/a><figcaption id=\"caption-attachment-2752\" class=\"wp-caption-text\">V infarktov\u011b vyrovnan\u00e9 j\u00edzd\u011b V\u00ed\u0165a dok\u00e1zal zv\u00edt\u011bzit o dv\u011b setiny vte\u0159iny!<\/figcaption><\/figure>\n<p style=\"text-align: justify;\">A\u017e dodate\u010dn\u011b jsem si uv\u011bdomil, \u017ee n\u00e1\u0161 odd\u00edl je u\u017e po t\u0159in\u00e1cti letech sv\u00e9ho \u00fa\u010dinkov\u00e1n\u00ed v cyklistick\u00e9 &#8222;bran\u017ei&#8220; \u00a0v o\u010d\u00edch &#8222;Velk\u00e9ho Martina&#8220; vn\u00edm\u00e1n vlastn\u011b asi u\u017e opravdu jako legenda&#8230; Bylo l\u00e9ty mnoho povolan\u00fdch odd\u00edl\u016f, ale jenom m\u00e1lo je vyvolen\u00fdch&#8230; Na\u0161\u00ed dev\u00edzou je, \u017ee m\u00e1me v z\u00e1dech Vlast\u00edka MORAVCE, kter\u00fd na n\u00e1s dohl\u00ed\u017e\u00ed z cyklistick\u00e9ho nebe, a \u017ee nikomu jin\u00e9mu, ne\u017e jemu, nejsme povinni skl\u00e1dat \u00fa\u010dty. Tak jako my jsme veskrze &#8222;srdca\u0159skou&#8220; skupinou, na stejn\u00e9 platform\u011b je i Martin \u0160\u00edma a jeho skupina &#8222;Max\u00edk\u016f&#8220; a \u00a0s n\u00edm i ostatn\u00ed sp\u0159\u00e1telen\u00e9 severomoravsk\u00e9 a slezsk\u00e9 cyklistick\u00e9 &#8222;kmeny&#8220;., jejich\u017e je Martin nepsan\u00fdm n\u00e1\u010deln\u00edkem. Bylo \u00fa\u017easn\u00e9 sledovat, jak cyklist\u00e9 z osobit\u00e9ho moravsko-slezsk\u00e9ho regionu dr\u017e\u00ed po spolu, ostatn\u00ed sekce mal\u00e9ho \u010desk\u00e9ho \u00a0a hlavn\u011b jihomoravsk\u00e9ho cyklistick\u00e9ho rybn\u00ed\u010dku by se od nich mohli v tomto smyslu u\u010dit! Ve\u010der v\u0161ak kon\u010dil pro n\u00e1s trochu kolizn\u011b: d\u00edk V\u00ed\u0165ov\u011b v\u00edt\u011bzn\u00e9 spanil\u00e9 j\u00edzd\u011b z\u00e1vodem na trena\u017eeru jsme Bezru\u010dovu Ostravu opou\u0161t\u011bli kolem p\u016flnoci&#8230; Co\u017e bylo oproti pl\u00e1nu pozd\u011bji o v\u00edce jak dv\u011b hodiny&#8230; Zde jsou z akce <strong><a href=\"http:\/\/moravecteam.rajce.idnes.cz\/2015.12.17._Setkani_legend_-_MaxCursor_Ostrava\/\">komentovan\u00e9 fotky<\/a><\/strong>.<\/p>\n","protected":false},"excerpt":{"rendered":"<p>B\u00fdvalo pravidlem, \u017ee jsme do Ostravy jezdili jen jednou za rok na tamn\u00ed bikovou klasiku &#8211; Ostravsk\u00e9ho Chachara. Letos je ale v\u0161echno trochu jinak&#8230; Proto\u017ee s nepsan\u00fdm Kr\u00e1lem cyklistiky Severn\u00ed Moravy a Slezska &#8211; Martinem \u0160\u00edmou, m\u00e1me velmi t\u011bsn\u00e9 vztahy u\u017e po l\u00e9ta, a proto\u017ee po str\u00e1nce velotechniky je t\u0159eba j\u00edt st\u00e1le v p\u0159ed, ocitli &hellip; <a href=\"https:\/\/www.moravecteam.cz\/?p=2738\" class=\"more-link\">Pokra\u010dov\u00e1n\u00ed textu <span class=\"screen-reader-text\">V\u00ed\u0165a sf\u00e1ral pro zlato!<\/span> <span class=\"meta-nav\">&rarr;<\/span><\/a><\/p>\n","protected":false},"author":3,"featured_media":2747,"comment_status":"open","ping_status":"closed","sticky":false,"template":"","format":"standard","meta":[],"categories":[13],"tags":[],"_links":{"self":[{"href":"https:\/\/www.moravecteam.cz\/index.php?rest_route=\/wp\/v2\/posts\/2738"}],"collection":[{"href":"https:\/\/www.moravecteam.cz\/index.php?rest_route=\/wp\/v2\/posts"}],"about":[{"href":"https:\/\/www.moravecteam.cz\/index.php?rest_route=\/wp\/v2\/types\/post"}],"author":[{"embeddable":true,"href":"https:\/\/www.moravecteam.cz\/index.php?rest_route=\/wp\/v2\/users\/3"}],"replies":[{"embeddable":true,"href":"https:\/\/www.moravecteam.cz\/index.php?rest_route=%2Fwp%2Fv2%2Fcomments&post=2738"}],"version-history":[{"count":12,"href":"https:\/\/www.moravecteam.cz\/index.php?rest_route=\/wp\/v2\/posts\/2738\/revisions"}],"predecessor-version":[{"id":2776,"href":"https:\/\/www.moravecteam.cz\/index.php?rest_route=\/wp\/v2\/posts\/2738\/revisions\/2776"}],"wp:featuredmedia":[{"embeddable":true,"href":"https:\/\/www.moravecteam.cz\/index.php?rest_route=\/wp\/v2\/media\/2747"}],"wp:attachment":[{"href":"https:\/\/www.moravecteam.cz\/index.php?rest_route=%2Fwp%2Fv2%2Fmedia&parent=2738"}],"wp:term":[{"taxonomy":"category","embeddable":true,"href":"https:\/\/www.moravecteam.cz\/index.php?rest_route=%2Fwp%2Fv2%2Fcategories&post=2738"},{"taxonomy":"post_tag","embeddable":true,"href":"https:\/\/www.moravecteam.cz\/index.php?rest_route=%2Fwp%2Fv2%2Ftags&post=2738"}],"curies":[{"name":"wp","href":"https:\/\/api.w.org\/{rel}","templated":true}]}}