{"id":2754,"date":"2015-12-19T16:22:32","date_gmt":"2015-12-19T15:22:32","guid":{"rendered":"http:\/\/www.moravecteam.cz\/?p=2754"},"modified":"2015-12-19T17:24:46","modified_gmt":"2015-12-19T16:24:46","slug":"predposledni-predvanocni","status":"publish","type":"post","link":"https:\/\/www.moravecteam.cz\/?p=2754","title":{"rendered":"P\u0159edp\u0159edposledn\u00ed&#8230;"},"content":{"rendered":"<p style=\"text-align: justify;\"><strong><span style=\"color: #800000;\">I kdy\u017e \u00a0V\u00e1no\u010dn\u00ed sv\u00e1tky jsou u\u017e za dve\u0159mi, MORAVCI d\u00e1l pln\u00ed bod za bodem pl\u00e1novanou sekvenci zimn\u00ed p\u0159\u00edpravy na sez\u00f3nu 2016. P\u0159edposledn\u00ed cvi\u010den\u00ed p\u0159ed \u0160t\u011bdr\u00fdm ve\u010derem prob\u011bhlo za hojn\u00e9 \u00fa\u010dasti cvi\u010denc\u016f pod Ivaninou p\u00ed\u0161\u0165alkou podle pl\u00e1nu minul\u00fd p\u00e1tek. Ost\u0159e v akci byla v kompletn\u00edm slo\u017een\u00ed i na\u0161e tolik \u00fasp\u011b\u0161n\u00e1 do\u010dasn\u00e1 cyklokrosov\u00e1 rota a nejen ona, ale i v\u0161ichni ostatn\u00ed p\u0159\u00edtomn\u00ed cvi\u010denci si Prudkov\u00e9 kapky v pravd\u011b vychutnali.<\/span><\/strong><\/p>\n<figure id=\"attachment_2771\" aria-describedby=\"caption-attachment-2771\" style=\"width: 2938px\" class=\"wp-caption alignnone\"><a href=\"http:\/\/www.moravecteam.cz\/?attachment_id=2771\" rel=\"attachment wp-att-2771\"><img decoding=\"async\" loading=\"lazy\" class=\" wp-image-2771\" alt=\"DSCN5446\" src=\"http:\/\/www.moravecteam.cz\/wp-content\/uploads\/2015\/12\/DSCN5446.jpg\" width=\"2938\" height=\"2588\" srcset=\"https:\/\/www.moravecteam.cz\/wp-content\/uploads\/2015\/12\/DSCN5446.jpg 2938w, https:\/\/www.moravecteam.cz\/wp-content\/uploads\/2015\/12\/DSCN5446-300x264.jpg 300w, https:\/\/www.moravecteam.cz\/wp-content\/uploads\/2015\/12\/DSCN5446-1024x902.jpg 1024w\" sizes=\"(max-width: 2938px) 100vw, 2938px\" \/><\/a><figcaption id=\"caption-attachment-2771\" class=\"wp-caption-text\">Dvoj\u010data Maru\u0161ka a Magdal\u00e9nka Barto\u0161ovic jsou ozdobou ka\u017ed\u00e9ho cvi\u010dka.<\/figcaption><\/figure>\n<p style=\"text-align: justify;\">Pot\u011b\u0161uj\u00edc\u00ed byl taky fakt, \u017ee ze sedmi state\u010dn\u00fdch MORAVC\u016e, kte\u0159\u00ed den p\u0159ed tr\u00e9ninkem dobyli v r\u00e1mci Setk\u00e1n\u00ed legend Ostravu (konkr\u00e9tn\u011b to byli ve sv\u00fdch kategori\u00edch na cyklistick\u00e9m trana\u017e\u00e9ru t\u00e1ta a syn Prudkovi), se jich v bene\u0161ovsk\u00e9 t\u011blocvi\u010dn\u011b &#8222;mrskalo&#8220; hned \u0161est. Pro milovn\u00edky matematiky podot\u00fdk\u00e1m, \u017ee to je bezm\u00e1la 86%! Pot\u011b\u0161uj\u00edc\u00ed je to hlavn\u011b proto, \u017ee na\u0161e invazn\u00ed vozidlo dorazilo ze severomoravsk\u00e9 metropole hodn\u011b pozd\u011b&#8230; Cvi\u010den\u00ed &#8222;svi\u0161t\u011blo&#8220; podle osv\u011bd\u010den\u00e9ho sc\u00e9n\u00e1\u0159e a ne\u00fa\u010dastn\u00fd mohl op\u011bt obdivovat Ivaninu cvi\u010ditelskou preciznost, vytrvalost, oboj\u00ed p\u0159i tom doprovozeno \u017eensk\u00fdm \u0161armem, kter\u00fd si udr\u017eet p\u0159i takov\u00e9 \u00a0&#8222;maka\u010dce&#8220; je opravdu obdivuhodn\u00e9&#8230; Pobavila n\u00e1s op\u011bt vybi\u0161ka, n\u011bkolikan\u00e1sobn\u00ed ryb\u00e1\u0159i s rybi\u010dkami, nechyb\u011bl d\u016fle\u017eit\u00fd tr\u00e9nink startovn\u00edch reakc\u00ed, skota\u010den\u00ed ve stylu &#8222;t\u011blocvi\u010dna pod\u00e9l&#8220; a kon\u010dili jsme premi\u00e9rov\u011b &#8222;doble&#8220; vybi\u0161kou tj. vybi\u0161kou dvojic&#8230; Splaveni endorfiny jsme fini\u0161ovali &#8211; jako v\u017edy &#8211; \u010d\u0159ty\u0159i hodiny p\u0159ed p\u016flnoc\u00ed. Petr v\u0161em pod\u011bkoval za vzorn\u00fd p\u0159\u00edstup k tr\u00e9ninku a z\u00e1rove\u0148 l\u00e1kal na \u00fatern\u00ed p\u0159edv\u00e1no\u010dn\u00ed cvi\u010dko, na kter\u00e9m slibuje na\u0161im borc\u016fm n\u011bjak\u00e9 p\u0159ekvapen\u00ed&#8230; A do t\u011blocvi\u010dny &#8222;vpadneme&#8220; ur\u010do je\u0161t\u011b v \u00fater\u00fd 29. prosince. Den po v\u00fdro\u010dn\u00edm ro(c)kov\u00e1n\u00ed to bude, mysl\u00edm, \u00a0p\u0159\u00edhodn\u00e1 aktivita&#8230;\u00a0<span style=\"color: #800000;\"><strong>Zde mrkn\u011bte na n\u011bkolik fotek z p\u00e1te\u010dn\u00ed t\u011blocvi\u010dny:<\/strong><\/span><\/p>\n<div id='gallery-1' class='gallery galleryid-2754 gallery-columns-9 gallery-size-thumbnail'><figure class='gallery-item'>\n\t\t\t<div class='gallery-icon landscape'>\n\t\t\t\t<a href='https:\/\/www.moravecteam.cz\/?attachment_id=2761'><img width=\"25\" height=\"25\" src=\"https:\/\/www.moravecteam.cz\/wp-content\/uploads\/2015\/12\/DSCN5442-25x25.jpg\" class=\"attachment-thumbnail size-thumbnail\" alt=\"\" decoding=\"async\" loading=\"lazy\" aria-describedby=\"gallery-1-2761\" \/><\/a>\n\t\t\t<\/div>\n\t\t\t\t<figcaption class='wp-caption-text gallery-caption' id='gallery-1-2761'>\n\t\t\t\tT\u011blocvi\u010dna byla bohat\u011b zapln\u011bna cvi\u010denci i v \u010dase t\u0159et\u00edho Adventu.\n\t\t\t\t<\/figcaption><\/figure><figure class='gallery-item'>\n\t\t\t<div class='gallery-icon landscape'>\n\t\t\t\t<a href='https:\/\/www.moravecteam.cz\/?attachment_id=2762'><img width=\"25\" height=\"25\" src=\"https:\/\/www.moravecteam.cz\/wp-content\/uploads\/2015\/12\/DSCN5443-25x25.jpg\" class=\"attachment-thumbnail size-thumbnail\" alt=\"\" decoding=\"async\" loading=\"lazy\" aria-describedby=\"gallery-1-2762\" srcset=\"https:\/\/www.moravecteam.cz\/wp-content\/uploads\/2015\/12\/DSCN5443-25x25.jpg 25w, https:\/\/www.moravecteam.cz\/wp-content\/uploads\/2015\/12\/DSCN5443-300x300.jpg 300w, https:\/\/www.moravecteam.cz\/wp-content\/uploads\/2015\/12\/DSCN5443-1024x1022.jpg 1024w\" sizes=\"(max-width: 25px) 100vw, 25px\" \/><\/a>\n\t\t\t<\/div>\n\t\t\t\t<figcaption class='wp-caption-text gallery-caption' id='gallery-1-2762'>\n\t\t\t\tIndividu\u00e1ln\u00ed p\u0159\u00edstup tren\u00e9rky.\n\t\t\t\t<\/figcaption><\/figure><figure class='gallery-item'>\n\t\t\t<div class='gallery-icon landscape'>\n\t\t\t\t<a href='https:\/\/www.moravecteam.cz\/?attachment_id=2763'><img width=\"25\" height=\"25\" src=\"https:\/\/www.moravecteam.cz\/wp-content\/uploads\/2015\/12\/DSCN5444-25x25.jpg\" class=\"attachment-thumbnail size-thumbnail\" alt=\"\" decoding=\"async\" loading=\"lazy\" aria-describedby=\"gallery-1-2763\" \/><\/a>\n\t\t\t<\/div>\n\t\t\t\t<figcaption class='wp-caption-text gallery-caption' id='gallery-1-2763'>\n\t\t\t\tSouhra jak o Spartaki\u00e1d\u011b.\n\t\t\t\t<\/figcaption><\/figure><figure class='gallery-item'>\n\t\t\t<div class='gallery-icon landscape'>\n\t\t\t\t<a href='https:\/\/www.moravecteam.cz\/?attachment_id=2764'><img width=\"25\" height=\"25\" src=\"https:\/\/www.moravecteam.cz\/wp-content\/uploads\/2015\/12\/DSCN5445-25x25.jpg\" class=\"attachment-thumbnail size-thumbnail\" alt=\"\" decoding=\"async\" loading=\"lazy\" aria-describedby=\"gallery-1-2764\" \/><\/a>\n\t\t\t<\/div>\n\t\t\t\t<figcaption class='wp-caption-text gallery-caption' id='gallery-1-2764'>\n\t\t\t\tV\u00ed\u0165a centrem d\u00edv\u010d\u00ed lajny.\n\t\t\t\t<\/figcaption><\/figure><figure class='gallery-item'>\n\t\t\t<div class='gallery-icon landscape'>\n\t\t\t\t<a href='https:\/\/www.moravecteam.cz\/?attachment_id=2765'><img width=\"25\" height=\"25\" src=\"https:\/\/www.moravecteam.cz\/wp-content\/uploads\/2015\/12\/DSCN5447a-25x25.jpg\" class=\"attachment-thumbnail size-thumbnail\" alt=\"\" decoding=\"async\" loading=\"lazy\" aria-describedby=\"gallery-1-2765\" \/><\/a>\n\t\t\t<\/div>\n\t\t\t\t<figcaption class='wp-caption-text gallery-caption' id='gallery-1-2765'>\n\t\t\t\tTentokr\u00e1t synchron trochu zask\u0159\u00edpal&#8230;\n\t\t\t\t<\/figcaption><\/figure><figure class='gallery-item'>\n\t\t\t<div class='gallery-icon landscape'>\n\t\t\t\t<a href='https:\/\/www.moravecteam.cz\/?attachment_id=2766'><img width=\"25\" height=\"25\" src=\"https:\/\/www.moravecteam.cz\/wp-content\/uploads\/2015\/12\/DSCN5448-25x25.jpg\" class=\"attachment-thumbnail size-thumbnail\" alt=\"\" decoding=\"async\" loading=\"lazy\" aria-describedby=\"gallery-1-2766\" \/><\/a>\n\t\t\t<\/div>\n\t\t\t\t<figcaption class='wp-caption-text gallery-caption' id='gallery-1-2766'>\n\t\t\t\tB\u0159\u00ed\u0161ko jsme v p\u00e1tek pocvi\u010dili zodpov\u011bdn\u011b&#8230; Je\u0161t\u011b dnes to c\u00edt\u00edm&#8230;\n\t\t\t\t<\/figcaption><\/figure><figure class='gallery-item'>\n\t\t\t<div class='gallery-icon portrait'>\n\t\t\t\t<a href='https:\/\/www.moravecteam.cz\/?attachment_id=2767'><img width=\"25\" height=\"25\" src=\"https:\/\/www.moravecteam.cz\/wp-content\/uploads\/2015\/12\/P1010018-25x25.jpg\" class=\"attachment-thumbnail size-thumbnail\" alt=\"\" decoding=\"async\" loading=\"lazy\" aria-describedby=\"gallery-1-2767\" \/><\/a>\n\t\t\t<\/div>\n\t\t\t\t<figcaption class='wp-caption-text gallery-caption' id='gallery-1-2767'>\n\t\t\t\tMinispole\u010dn\u00e1 na z\u00e1v\u011br cvi\u010den\u00ed Dominika s Lenkou.\n\t\t\t\t<\/figcaption><\/figure>\n\t\t<\/div>\n\n","protected":false},"excerpt":{"rendered":"<p>I kdy\u017e \u00a0V\u00e1no\u010dn\u00ed sv\u00e1tky jsou u\u017e za dve\u0159mi, MORAVCI d\u00e1l pln\u00ed bod za bodem pl\u00e1novanou sekvenci zimn\u00ed p\u0159\u00edpravy na sez\u00f3nu 2016. P\u0159edposledn\u00ed cvi\u010den\u00ed p\u0159ed \u0160t\u011bdr\u00fdm ve\u010derem prob\u011bhlo za hojn\u00e9 \u00fa\u010dasti cvi\u010denc\u016f pod Ivaninou p\u00ed\u0161\u0165alkou podle pl\u00e1nu minul\u00fd p\u00e1tek. Ost\u0159e v akci byla v kompletn\u00edm slo\u017een\u00ed i na\u0161e tolik \u00fasp\u011b\u0161n\u00e1 do\u010dasn\u00e1 cyklokrosov\u00e1 rota a nejen ona, &hellip; <a href=\"https:\/\/www.moravecteam.cz\/?p=2754\" class=\"more-link\">Pokra\u010dov\u00e1n\u00ed textu <span class=\"screen-reader-text\">P\u0159edp\u0159edposledn\u00ed&#8230;<\/span> <span class=\"meta-nav\">&rarr;<\/span><\/a><\/p>\n","protected":false},"author":3,"featured_media":2770,"comment_status":"open","ping_status":"closed","sticky":false,"template":"","format":"image","meta":[],"categories":[9],"tags":[],"_links":{"self":[{"href":"https:\/\/www.moravecteam.cz\/index.php?rest_route=\/wp\/v2\/posts\/2754"}],"collection":[{"href":"https:\/\/www.moravecteam.cz\/index.php?rest_route=\/wp\/v2\/posts"}],"about":[{"href":"https:\/\/www.moravecteam.cz\/index.php?rest_route=\/wp\/v2\/types\/post"}],"author":[{"embeddable":true,"href":"https:\/\/www.moravecteam.cz\/index.php?rest_route=\/wp\/v2\/users\/3"}],"replies":[{"embeddable":true,"href":"https:\/\/www.moravecteam.cz\/index.php?rest_route=%2Fwp%2Fv2%2Fcomments&post=2754"}],"version-history":[{"count":8,"href":"https:\/\/www.moravecteam.cz\/index.php?rest_route=\/wp\/v2\/posts\/2754\/revisions"}],"predecessor-version":[{"id":2773,"href":"https:\/\/www.moravecteam.cz\/index.php?rest_route=\/wp\/v2\/posts\/2754\/revisions\/2773"}],"wp:featuredmedia":[{"embeddable":true,"href":"https:\/\/www.moravecteam.cz\/index.php?rest_route=\/wp\/v2\/media\/2770"}],"wp:attachment":[{"href":"https:\/\/www.moravecteam.cz\/index.php?rest_route=%2Fwp%2Fv2%2Fmedia&parent=2754"}],"wp:term":[{"taxonomy":"category","embeddable":true,"href":"https:\/\/www.moravecteam.cz\/index.php?rest_route=%2Fwp%2Fv2%2Fcategories&post=2754"},{"taxonomy":"post_tag","embeddable":true,"href":"https:\/\/www.moravecteam.cz\/index.php?rest_route=%2Fwp%2Fv2%2Ftags&post=2754"}],"curies":[{"name":"wp","href":"https:\/\/api.w.org\/{rel}","templated":true}]}}