{"id":2783,"date":"2015-12-20T22:00:45","date_gmt":"2015-12-20T21:00:45","guid":{"rendered":"http:\/\/www.moravecteam.cz\/?p=2783"},"modified":"2015-12-25T23:05:19","modified_gmt":"2015-12-25T22:05:19","slug":"co-se-bud-dit-st52","status":"publish","type":"post","link":"https:\/\/www.moravecteam.cz\/?p=2783","title":{"rendered":"Co se bude d\u00edt? (ST52)"},"content":{"rendered":"<h5><span style=\"color: #800000;\">\u00dater\u00fd 22.12. 2015\u00a0<\/span><\/h5>\n<p style=\"text-align: justify;\">V r\u00e1mci prob\u00edhaj\u00edc\u00ed zimn\u00ed p\u0159\u00edpravy &#8211; od 18.00 hodin cvi\u010den\u00ed v t\u011blocvi\u010dn\u011b pro v\u0161echny \u00a0MORAVCE, na \u00favod tr\u00e9ninku s V\u00e1no\u010dn\u00edm p\u0159ekvapen\u00edm. Atletick\u00e1 t\u00edlka V\u00e1m (i sob\u011b) decentn\u011b p\u0159ed\u0161t\u011bdrove\u010dern\u011b prot\u00e1hne Ivana Prudkov\u00e1. P\u0159ij\u010fte v hojn\u00e9m po\u010dtu i Ti MORAVCI, kte\u0159\u00ed oby\u010dejn\u011b nechod\u00ed. Po skon\u010den\u00ed tr\u00e9ninku d\u00e1me neform\u00e1ln\u00ed \u0159e\u010d o tom, co m\u00e1me letos za sebou a co n\u00e1s \u010dek\u00e1 v roce p\u0159\u00ed\u0161t\u00edm&#8230;<\/p>\n<h5 style=\"text-align: justify;\"><strong><span style=\"color: #800000;\">Sobota 26.12.2015<\/span><\/strong><\/h5>\n<p style=\"text-align: justify;\">\u010ctvrt\u00fd z\u00e1vod Brn\u011bnsk\u00e9ho b\u011b\u017eeck\u00e9ho poh\u00e1ru. Je j\u00edm tradi\u010dn\u00ed \u0160t\u011bp\u00e1nsk\u00fd b\u011bh v Syrovic\u00edch. \u00da\u010dast a dopravu si ka\u017ed\u00fd zaji\u0161\u0165uje s\u00e1m. Zde jsou <strong><a href=\"http:\/\/www.atletikauni.cz\/cz\/s1522\/Kalendar-akci\/Seznam-akci\/c2130-Detail-akce\/ata231-BBP-4-Stepansky-beh-Syrovice\">propozice<\/a><\/strong>.<\/p>\n<h5 style=\"text-align: justify;\"><strong><span style=\"color: #800000;\">Ned\u011ble 27.12.2015<\/span><\/strong><\/h5>\n<p style=\"text-align: justify;\">V\u00e1no\u010dn\u00ed odd\u00edlov\u00fd pochod kolem Bene\u0161ova po stop\u00e1ch tragick\u00e9ho letu st\u00edhac\u00edho letounu MiG21 s volac\u00edm znakem OMEGA 37 z 18. \u0159\u00edjna 1988. Sraz turist\u016f je v 11.00 hodin u m\u00edstn\u00ed restaurace Morava. Po\u010das\u00ed je s Vlast\u00edkem domluven\u00e9, tak p\u0159ij\u010fte se aktivn\u011b prot\u00e1hnout a set\u0159\u00e1st do\u010dasn\u00e9 b\u0159\u00edmn\u011b v\u00e1no\u010dn\u00edho lelkov\u00e1n\u00ed. Trasa nebude nikterak dlouh\u00e1 a nijak n\u00e1ro\u010dn\u00e1. T\u011b\u0161\u00edm se na V\u00e1s v hojn\u00e9m po\u010dtu!<\/p>\n<h5 style=\"text-align: justify;\"><span style=\"color: #800000;\">Pond\u011bl\u00ed 28.12. 2015<\/span><\/h5>\n<p style=\"text-align: justify;\">V\u00fdro\u010dn\u00ed ro(c)kov\u00e1n\u00ed, od 15.00 v restauraci Morava Bene\u0161ov. Krom\u011b tradi\u010dn\u00edho vyhl\u00e1\u0161en\u00ed odd\u00edlov\u00fdch v\u00fdro\u010dn\u00edch cen a cyklistick\u00fdch Mistr\u016f Bene\u0161ova n\u00e1s \u010dekaj\u00ed setk\u00e1n\u00ed s mil\u00fdmi hosty a podve\u010der se ur\u010dit\u011b neobejde bez n\u011bjak\u00e9ho toho \u0159ekvapen\u00ed&#8230; P\u0159ij\u010fte v\u0161ichni MORAVCI v hojn\u00e9m po\u010dtu! Zde je leto\u0161n\u00ed ofici\u00e1ln\u00ed <strong><a href=\"http:\/\/www.moravecteam.cz\/?attachment_id=2853\" rel=\"attachment wp-att-2853\">pozv\u00e1nka<\/a><\/strong>.<\/p>\n","protected":false},"excerpt":{"rendered":"<p>\u00dater\u00fd 22.12. 2015\u00a0 V r\u00e1mci prob\u00edhaj\u00edc\u00ed zimn\u00ed p\u0159\u00edpravy &#8211; od 18.00 hodin cvi\u010den\u00ed v t\u011blocvi\u010dn\u011b pro v\u0161echny \u00a0MORAVCE, na \u00favod tr\u00e9ninku s V\u00e1no\u010dn\u00edm p\u0159ekvapen\u00edm. Atletick\u00e1 t\u00edlka V\u00e1m (i sob\u011b) decentn\u011b p\u0159ed\u0161t\u011bdrove\u010dern\u011b prot\u00e1hne Ivana Prudkov\u00e1. P\u0159ij\u010fte v hojn\u00e9m po\u010dtu i Ti MORAVCI, kte\u0159\u00ed oby\u010dejn\u011b nechod\u00ed. Po skon\u010den\u00ed tr\u00e9ninku d\u00e1me neform\u00e1ln\u00ed \u0159e\u010d o tom, co m\u00e1me letos &hellip; <a href=\"https:\/\/www.moravecteam.cz\/?p=2783\" class=\"more-link\">Pokra\u010dov\u00e1n\u00ed textu <span class=\"screen-reader-text\">Co se bude d\u00edt? (ST52)<\/span> <span class=\"meta-nav\">&rarr;<\/span><\/a><\/p>\n","protected":false},"author":3,"featured_media":2789,"comment_status":"open","ping_status":"closed","sticky":false,"template":"","format":"standard","meta":[],"categories":[11],"tags":[],"_links":{"self":[{"href":"https:\/\/www.moravecteam.cz\/index.php?rest_route=\/wp\/v2\/posts\/2783"}],"collection":[{"href":"https:\/\/www.moravecteam.cz\/index.php?rest_route=\/wp\/v2\/posts"}],"about":[{"href":"https:\/\/www.moravecteam.cz\/index.php?rest_route=\/wp\/v2\/types\/post"}],"author":[{"embeddable":true,"href":"https:\/\/www.moravecteam.cz\/index.php?rest_route=\/wp\/v2\/users\/3"}],"replies":[{"embeddable":true,"href":"https:\/\/www.moravecteam.cz\/index.php?rest_route=%2Fwp%2Fv2%2Fcomments&post=2783"}],"version-history":[{"count":9,"href":"https:\/\/www.moravecteam.cz\/index.php?rest_route=\/wp\/v2\/posts\/2783\/revisions"}],"predecessor-version":[{"id":2854,"href":"https:\/\/www.moravecteam.cz\/index.php?rest_route=\/wp\/v2\/posts\/2783\/revisions\/2854"}],"wp:featuredmedia":[{"embeddable":true,"href":"https:\/\/www.moravecteam.cz\/index.php?rest_route=\/wp\/v2\/media\/2789"}],"wp:attachment":[{"href":"https:\/\/www.moravecteam.cz\/index.php?rest_route=%2Fwp%2Fv2%2Fmedia&parent=2783"}],"wp:term":[{"taxonomy":"category","embeddable":true,"href":"https:\/\/www.moravecteam.cz\/index.php?rest_route=%2Fwp%2Fv2%2Fcategories&post=2783"},{"taxonomy":"post_tag","embeddable":true,"href":"https:\/\/www.moravecteam.cz\/index.php?rest_route=%2Fwp%2Fv2%2Ftags&post=2783"}],"curies":[{"name":"wp","href":"https:\/\/api.w.org\/{rel}","templated":true}]}}