{"id":2810,"date":"2015-12-23T09:20:33","date_gmt":"2015-12-23T08:20:33","guid":{"rendered":"http:\/\/www.moravecteam.cz\/?p=2810"},"modified":"2015-12-23T09:33:32","modified_gmt":"2015-12-23T08:33:32","slug":"vanocni-kapky-potu","status":"publish","type":"post","link":"https:\/\/www.moravecteam.cz\/?p=2810","title":{"rendered":"V\u00e1no\u010dn\u00ed kapky potu&#8230;"},"content":{"rendered":"<p style=\"text-align: justify;\"><span style=\"color: #800000;\"><strong>Na posledn\u00ed tr\u00e9nink v bene\u0161ovsk\u00e9 t\u011blocvi\u010dn\u011b p\u0159ed \u0160t\u011bdr\u00fdm dnem avizoval Petr pro z\u016f\u010dastn\u011bn\u00e9 cvi\u010dence n\u011bjak\u00e9, bl\u00ed\u017ee neuren\u00e9 p\u0159ekvapen\u00ed. V\u0161e se mu poda\u0159ilo jak\u017e-tak\u017e do posledn\u00ed chv\u00edle utajit, tak\u017ee p\u0159edev\u0161\u00edm nat\u011b\u0161en\u00e9 d\u011bti, kter\u00fdch se se\u0161lo na cvi\u010den\u00ed nadpr\u016fm\u011brn\u00e9 mno\u017estv\u00ed byly, plny hodn\u011b netrp\u011bliv\u00e9 a plny o\u010dek\u00e1van\u00ed&#8230; Nach\u00e1zeli se ve stavu dost podobn\u00e9mu tomu, jak m\u00e1 b\u00fdt spr\u00e1vn\u00fd cyklista rozpolo\u017een kr\u00e1tce p\u0159ed startem d\u016fle\u017eit\u00e9ho z\u00e1vodu&#8230;<\/strong><\/span><\/p>\n<figure id=\"attachment_2817\" aria-describedby=\"caption-attachment-2817\" style=\"width: 3057px\" class=\"wp-caption alignnone\"><a href=\"http:\/\/www.moravecteam.cz\/?attachment_id=2817\" rel=\"attachment wp-att-2817\"><img decoding=\"async\" loading=\"lazy\" class=\" wp-image-2817\" alt=\"DSCN5469\" src=\"http:\/\/www.moravecteam.cz\/wp-content\/uploads\/2015\/12\/DSCN5469.jpg\" width=\"3057\" height=\"1575\" srcset=\"https:\/\/www.moravecteam.cz\/wp-content\/uploads\/2015\/12\/DSCN5469.jpg 3057w, https:\/\/www.moravecteam.cz\/wp-content\/uploads\/2015\/12\/DSCN5469-300x154.jpg 300w, https:\/\/www.moravecteam.cz\/wp-content\/uploads\/2015\/12\/DSCN5469-1024x527.jpg 1024w\" sizes=\"(max-width: 3057px) 100vw, 3057px\" \/><\/a><figcaption id=\"caption-attachment-2817\" class=\"wp-caption-text\">Omladina za\u017e\u00edvala Prudkov\u00e9 kapky jako o \u017eivot. Bylo radost\u00ed sledovat jejich odpov\u011bdn\u00fd p\u0159\u00edstup. \u017de by je a\u017e tak motivoval ten d\u00e1rek pod strome\u010dkem?<\/figcaption><\/figure>\n<p style=\"text-align: justify;\">Proto\u017ee t\u011blocvi\u010dna z\u016fst\u00e1vala do posledn\u00ed chv\u00edle p\u0159ed na\u0161\u00edm vstupem do n\u00ed pohasl\u00e1 a ve tm\u011b, a proto\u017ee p\u0159es sta\u0159i\u010dk\u00e9 ko\u0159en\u00e9 shrnovas\u00ed dve\u0159e do haly cosi prosv\u00edtalo, bystr\u00e9ho napadlo, \u017ee MORAVEC bude m\u00edt V\u00e1noce se v\u0161\u00edm v\u0161udy &#8211; tj. se strome\u010dkem i s d\u00e1rky &#8211; s dvoudenn\u00edm p\u0159edstihem&#8230; A skute\u010dn\u011b to bylo tak. Mal\u00fd, decentn\u011b nazdoben\u00fd strome\u010dek zaz\u00e1\u0159il do tmy t\u011blocvi\u010dny. Dokonce byl pod n\u00edm i d\u00e1re\u010dek s n\u00e1pisem MORAVEC a sada sladk\u00fdch \u010dokol\u00e1d&#8230; P\u0159\u00edjemn\u00e9 m\u011blo ale n\u00e1sledovat a\u017e po sl\u00e9ze&#8230; Jako prvn\u00ed bylo na programu u\u017eite\u010dn\u00e9 &#8211; tj. prav\u00e9, nijak nefal\u0161ovan\u00e9 Prudkov\u00e9 kapky, kter\u00e9 &#8211; by\u0165 ji Petr prosil, aby byli v p\u0159edsv\u00e1te\u010dn\u00ed den pon\u011bkud tolerantn\u011bj\u0161\u00ed a tak trochu &#8222;zlehka&#8220;- byly jako obvykle, na pln\u00fd pecky&#8230; Ale zdatn\u00ed cvi\u010denci je odmakali na jedni\u010dku, stejn\u011b tak jako \u0161tafetov\u00e9 sout\u011b\u017ee, kter\u00e9 vyplnily druhou \u010d\u00e1st \u00fatern\u00edho tr\u00e9ninku. A pak, na sam\u00fd z\u00e1v\u011br teprve p\u0159i\u0161lo na \u0159adu rozbalen\u00ed d\u00e1rku pod strome\u010dkem. Netrp\u011bliv\u00e9 d\u011bti musel nejd\u0159\u00edve Petr pou\u010dit, \u017ee jedn\u00edm ze znak\u016f budouc\u00edho cyklistick\u00e9ho \u0161ampi\u00f3na je pr\u00e1v\u011b &#8211; trp\u011blivost&#8230; \u00a0bal\u00ed\u010dku byly sladkosti a po vydatn\u00fdch Prudkov\u00e9 \/ Koudelkov\u00fdch kapk\u00e1ch p\u0159i\u0161lo dopln\u011bn\u00ed hladiny cukru v t\u011blech a t\u011bl\u00ed\u010dk\u00e1ch na\u0161ich cvi\u010denc\u016f vpravd\u011b vhod&#8230; Zde omrkn\u011bte <strong><a href=\"http:\/\/moravecteam.rajce.idnes.cz\/2015.12.22_uterni_prekvapko\/\">Liborovi fotky<\/a><\/strong> z \u00fatern\u00edho cvi\u010den\u00ed a <span style=\"color: #800000;\"><strong>zde zas Petrovy:<\/strong><\/span><\/p>\n<div id='gallery-1' class='gallery galleryid-2810 gallery-columns-9 gallery-size-thumbnail'><figure class='gallery-item'>\n\t\t\t<div class='gallery-icon landscape'>\n\t\t\t\t<a href='https:\/\/www.moravecteam.cz\/?attachment_id=2822'><img width=\"25\" height=\"25\" src=\"https:\/\/www.moravecteam.cz\/wp-content\/uploads\/2015\/12\/DSCN5459-25x25.jpg\" class=\"attachment-thumbnail size-thumbnail\" alt=\"\" decoding=\"async\" loading=\"lazy\" aria-describedby=\"gallery-1-2822\" \/><\/a>\n\t\t\t<\/div>\n\t\t\t\t<figcaption class='wp-caption-text gallery-caption' id='gallery-1-2822'>\n\t\t\t\tSe\u0159adi\u0161t\u011b je nejd\u0159\u00edve v p\u0159eds\u00e1l\u00ed t\u011blocvi\u010dny.\n\t\t\t\t<\/figcaption><\/figure><figure class='gallery-item'>\n\t\t\t<div class='gallery-icon landscape'>\n\t\t\t\t<a href='https:\/\/www.moravecteam.cz\/?attachment_id=2821'><img width=\"25\" height=\"25\" src=\"https:\/\/www.moravecteam.cz\/wp-content\/uploads\/2015\/12\/DSCN5460-25x25.jpg\" class=\"attachment-thumbnail size-thumbnail\" alt=\"\" decoding=\"async\" loading=\"lazy\" aria-describedby=\"gallery-1-2821\" \/><\/a>\n\t\t\t<\/div>\n\t\t\t\t<figcaption class='wp-caption-text gallery-caption' id='gallery-1-2821'>\n\t\t\t\t\u010cek\u00e1me je\u0161t\u011b na Ivanu.\n\t\t\t\t<\/figcaption><\/figure><figure class='gallery-item'>\n\t\t\t<div class='gallery-icon portrait'>\n\t\t\t\t<a href='https:\/\/www.moravecteam.cz\/?attachment_id=2820'><img width=\"25\" height=\"25\" src=\"https:\/\/www.moravecteam.cz\/wp-content\/uploads\/2015\/12\/DSCN5461-25x25.jpg\" class=\"attachment-thumbnail size-thumbnail\" alt=\"\" decoding=\"async\" loading=\"lazy\" aria-describedby=\"gallery-1-2820\" \/><\/a>\n\t\t\t<\/div>\n\t\t\t\t<figcaption class='wp-caption-text gallery-caption' id='gallery-1-2820'>\n\t\t\t\tMal\u00e9 p\u0159ekvapen\u00ed po rozsv\u00edcen\u00ed sv\u011btel&#8230; Takhle jsme si sv\u00e1te\u010dn\u00ed tr\u00e9nink ozdobili prvn\u011b&#8230;\n\t\t\t\t<\/figcaption><\/figure><figure class='gallery-item'>\n\t\t\t<div class='gallery-icon landscape'>\n\t\t\t\t<a href='https:\/\/www.moravecteam.cz\/?attachment_id=2813'><img width=\"25\" height=\"25\" src=\"https:\/\/www.moravecteam.cz\/wp-content\/uploads\/2015\/12\/DSCN5473-25x25.jpg\" class=\"attachment-thumbnail size-thumbnail\" alt=\"\" decoding=\"async\" loading=\"lazy\" aria-describedby=\"gallery-1-2813\" \/><\/a>\n\t\t\t<\/div>\n\t\t\t\t<figcaption class='wp-caption-text gallery-caption' id='gallery-1-2813'>\n\t\t\t\tPak u\u017e ale p\u0159i\u0161la na \u0159adu piln\u00e1 pr\u00e1ce&#8230;\n\t\t\t\t<\/figcaption><\/figure><figure class='gallery-item'>\n\t\t\t<div class='gallery-icon landscape'>\n\t\t\t\t<a href='https:\/\/www.moravecteam.cz\/?attachment_id=2814'><img width=\"25\" height=\"25\" src=\"https:\/\/www.moravecteam.cz\/wp-content\/uploads\/2015\/12\/DSCN5471-25x25.jpg\" class=\"attachment-thumbnail size-thumbnail\" alt=\"\" decoding=\"async\" loading=\"lazy\" aria-describedby=\"gallery-1-2814\" \/><\/a>\n\t\t\t<\/div>\n\t\t\t\t<figcaption class='wp-caption-text gallery-caption' id='gallery-1-2814'>\n\t\t\t\tTom\u00e1\u0161, Jana i Krist\u00fdnka jdou na\u0161im mlad\u0161\u00edm vzorem.\n\t\t\t\t<\/figcaption><\/figure><figure class='gallery-item'>\n\t\t\t<div class='gallery-icon landscape'>\n\t\t\t\t<a href='https:\/\/www.moravecteam.cz\/?attachment_id=2816'><img width=\"25\" height=\"25\" src=\"https:\/\/www.moravecteam.cz\/wp-content\/uploads\/2015\/12\/DSCN5470-25x25.jpg\" class=\"attachment-thumbnail size-thumbnail\" alt=\"\" decoding=\"async\" loading=\"lazy\" aria-describedby=\"gallery-1-2816\" \/><\/a>\n\t\t\t<\/div>\n\t\t\t\t<figcaption class='wp-caption-text gallery-caption' id='gallery-1-2816'>\n\t\t\t\tProtahov\u00e1n\u00ed (nejen) steh\u00fdnek.\n\t\t\t\t<\/figcaption><\/figure><figure class='gallery-item'>\n\t\t\t<div class='gallery-icon landscape'>\n\t\t\t\t<a href='https:\/\/www.moravecteam.cz\/?attachment_id=2818'><img width=\"25\" height=\"25\" src=\"https:\/\/www.moravecteam.cz\/wp-content\/uploads\/2015\/12\/DSCN5467-25x25.jpg\" class=\"attachment-thumbnail size-thumbnail\" alt=\"\" decoding=\"async\" loading=\"lazy\" aria-describedby=\"gallery-1-2818\" \/><\/a>\n\t\t\t<\/div>\n\t\t\t\t<figcaption class='wp-caption-text gallery-caption' id='gallery-1-2818'>\n\t\t\t\tFotka &#8222;od podlahy&#8220;.\n\t\t\t\t<\/figcaption><\/figure><figure class='gallery-item'>\n\t\t\t<div class='gallery-icon portrait'>\n\t\t\t\t<a href='https:\/\/www.moravecteam.cz\/?attachment_id=2819'><img width=\"25\" height=\"25\" src=\"https:\/\/www.moravecteam.cz\/wp-content\/uploads\/2015\/12\/DSCN5464-25x25.jpg\" class=\"attachment-thumbnail size-thumbnail\" alt=\"\" decoding=\"async\" loading=\"lazy\" aria-describedby=\"gallery-1-2819\" srcset=\"https:\/\/www.moravecteam.cz\/wp-content\/uploads\/2015\/12\/DSCN5464-25x25.jpg 25w, https:\/\/www.moravecteam.cz\/wp-content\/uploads\/2015\/12\/DSCN5464-287x300.jpg 287w, https:\/\/www.moravecteam.cz\/wp-content\/uploads\/2015\/12\/DSCN5464-982x1024.jpg 982w\" sizes=\"(max-width: 25px) 100vw, 25px\" \/><\/a>\n\t\t\t<\/div>\n\t\t\t\t<figcaption class='wp-caption-text gallery-caption' id='gallery-1-2819'>\n\t\t\t\tV lajn\u011b zdatn\u00ed mlad\u00ed mu\u017ei.\n\t\t\t\t<\/figcaption><\/figure>\n\t\t<\/div>\n\n","protected":false},"excerpt":{"rendered":"<p>Na posledn\u00ed tr\u00e9nink v bene\u0161ovsk\u00e9 t\u011blocvi\u010dn\u011b p\u0159ed \u0160t\u011bdr\u00fdm dnem avizoval Petr pro z\u016f\u010dastn\u011bn\u00e9 cvi\u010dence n\u011bjak\u00e9, bl\u00ed\u017ee neuren\u00e9 p\u0159ekvapen\u00ed. V\u0161e se mu poda\u0159ilo jak\u017e-tak\u017e do posledn\u00ed chv\u00edle utajit, tak\u017ee p\u0159edev\u0161\u00edm nat\u011b\u0161en\u00e9 d\u011bti, kter\u00fdch se se\u0161lo na cvi\u010den\u00ed nadpr\u016fm\u011brn\u00e9 mno\u017estv\u00ed byly, plny hodn\u011b netrp\u011bliv\u00e9 a plny o\u010dek\u00e1van\u00ed&#8230; Nach\u00e1zeli se ve stavu dost podobn\u00e9mu tomu, jak m\u00e1 b\u00fdt &hellip; <a href=\"https:\/\/www.moravecteam.cz\/?p=2810\" class=\"more-link\">Pokra\u010dov\u00e1n\u00ed textu <span class=\"screen-reader-text\">V\u00e1no\u010dn\u00ed kapky potu&#8230;<\/span> <span class=\"meta-nav\">&rarr;<\/span><\/a><\/p>\n","protected":false},"author":3,"featured_media":2812,"comment_status":"open","ping_status":"closed","sticky":false,"template":"","format":"standard","meta":[],"categories":[9],"tags":[],"_links":{"self":[{"href":"https:\/\/www.moravecteam.cz\/index.php?rest_route=\/wp\/v2\/posts\/2810"}],"collection":[{"href":"https:\/\/www.moravecteam.cz\/index.php?rest_route=\/wp\/v2\/posts"}],"about":[{"href":"https:\/\/www.moravecteam.cz\/index.php?rest_route=\/wp\/v2\/types\/post"}],"author":[{"embeddable":true,"href":"https:\/\/www.moravecteam.cz\/index.php?rest_route=\/wp\/v2\/users\/3"}],"replies":[{"embeddable":true,"href":"https:\/\/www.moravecteam.cz\/index.php?rest_route=%2Fwp%2Fv2%2Fcomments&post=2810"}],"version-history":[{"count":4,"href":"https:\/\/www.moravecteam.cz\/index.php?rest_route=\/wp\/v2\/posts\/2810\/revisions"}],"predecessor-version":[{"id":2824,"href":"https:\/\/www.moravecteam.cz\/index.php?rest_route=\/wp\/v2\/posts\/2810\/revisions\/2824"}],"wp:featuredmedia":[{"embeddable":true,"href":"https:\/\/www.moravecteam.cz\/index.php?rest_route=\/wp\/v2\/media\/2812"}],"wp:attachment":[{"href":"https:\/\/www.moravecteam.cz\/index.php?rest_route=%2Fwp%2Fv2%2Fmedia&parent=2810"}],"wp:term":[{"taxonomy":"category","embeddable":true,"href":"https:\/\/www.moravecteam.cz\/index.php?rest_route=%2Fwp%2Fv2%2Fcategories&post=2810"},{"taxonomy":"post_tag","embeddable":true,"href":"https:\/\/www.moravecteam.cz\/index.php?rest_route=%2Fwp%2Fv2%2Ftags&post=2810"}],"curies":[{"name":"wp","href":"https:\/\/api.w.org\/{rel}","templated":true}]}}