{"id":2825,"date":"2015-12-23T10:02:33","date_gmt":"2015-12-23T09:02:33","guid":{"rendered":"http:\/\/www.moravecteam.cz\/?p=2825"},"modified":"2015-12-25T23:07:50","modified_gmt":"2015-12-25T22:07:50","slug":"na-vanoce-nominace","status":"publish","type":"post","link":"https:\/\/www.moravecteam.cz\/?p=2825","title":{"rendered":"Na V\u00e1noce nominace!"},"content":{"rendered":"<p><strong><span style=\"color: #800000;\">Nejen &#8222;dlouh\u00fd noce&#8220; jsou na V\u00e1noce&#8230; \u00a0 \u00a0 \u00a0 \u00a0 \u00a0 \u00a0 \u00a0 \u00a0 \u00a0 \u00a0 \u00a0 \u00a0 \u00a0 \u00a0 \u00a0 \u00a0 \u00a0 \u00a0 D\u00e1vno u\u017e v\u00ed mal\u00ed i velc\u00ed MORAVCI, \u00a0 \u00a0 \u00a0 \u00a0 \u00a0 \u00a0 \u00a0 \u00a0 \u00a0 \u00a0 \u00a0 \u00a0 \u00a0 \u00a0 \u00a0 \u00a0 \u00a0 \u00a0 \u00a0 \u00a0 \u00a0 \u00a0 \u00a0 \u00a0 \u00a0 \u00a0 \u00a0 \u00a0 \u017ee v \u010dase nejkr\u00e1sn\u011bj\u0161\u00edch sv\u00e1tk\u016f v roce, \u00a0 \u00a0 \u00a0 \u00a0 \u00a0 \u00a0 \u00a0 \u00a0 \u00a0 \u00a0 \u00a0 \u00a0 \u00a0 \u00a0 \u00a0 \u00a0 \u00a0 \u00a0 \u00a0 \u00a0 \u00a0 objev\u00ed se t\u00e9\u017e na odd\u00edlov\u00e9 v\u00fdro\u010dn\u00ed ceny nominace, \u00a0 \u00a0 \u00a0 \u00a0 \u00a0 \u00a0 \u00a0 \u00a0 \u00a0 \u00a0 \u00a0 \u00a0 \u00a0 \u00a0 co shodli se na nich z odd\u00edlu moud\u0159\u00ed poradci&#8230; <\/span><\/strong><\/p>\n<p style=\"text-align: justify;\">R\u00e1doby v\u00fd\u0161e r\u00fdmova\u010dka naznazna\u010duje, \u017ee posledn\u00ed sch\u016fzka Rady Star\u0161\u00edch biker\u016f, kter\u00e1 prob\u011bhla v pond\u011bl\u00ed 21. prosince, se (mimo jin\u00e9) shodla na nominac\u00edch na celkem \u00a0t\u0159in\u00e1ct v\u00fdro\u010dn\u00edch odd\u00edlov\u00fdch cen. Nebudu V\u00e1s tedy d\u00e9le nap\u00ednat, zde je pond\u011bln\u00ed result Petra, Lenky, Milana a V\u00edti: \u00a0<strong><a href=\"http:\/\/www.moravecteam.cz\/?attachment_id=2829\" rel=\"attachment wp-att-2829\">vyrocni-ceny-2015-nominace<\/a><\/strong>\u00a0Cyklistick\u00e9ho odd\u00edlu MORAVEC Team za r. 2015. Na slavnostn\u00edm podve\u010deru ale v\u0161e odstartuje p\u0159ed\u00e1v\u00e1n\u00ed titul\u016f mistr\u016f Bene\u0161ova z\u00e1vod\u016f horsk\u00fdch kol za r. 2015. \u00a0Zde mrkn\u011bte, kdo \u017ee jsou Ti nejlep\u0161\u00ed:\u00a0<strong><a href=\"http:\/\/www.moravecteam.cz\/?attachment_id=2835\" rel=\"attachment wp-att-2835\">mist\u0159i Bene\u0161ova 2015<\/a>.<\/strong><\/p>\n<figure id=\"attachment_2831\" aria-describedby=\"caption-attachment-2831\" style=\"width: 586px\" class=\"wp-caption alignnone\"><a href=\"http:\/\/www.moravecteam.cz\/?attachment_id=2831\" rel=\"attachment wp-att-2831\"><img decoding=\"async\" loading=\"lazy\" class=\" wp-image-2831\" alt=\"dscn0617\" src=\"http:\/\/www.moravecteam.cz\/wp-content\/uploads\/2015\/12\/dscn0617.jpg\" width=\"586\" height=\"726\" srcset=\"https:\/\/www.moravecteam.cz\/wp-content\/uploads\/2015\/12\/dscn0617.jpg 586w, https:\/\/www.moravecteam.cz\/wp-content\/uploads\/2015\/12\/dscn0617-242x300.jpg 242w\" sizes=\"(max-width: 586px) 100vw, 586px\" \/><\/a><figcaption id=\"caption-attachment-2831\" class=\"wp-caption-text\">Dv\u011b loni odm\u011bn\u011bn\u00e1 cyklitick\u00e1 Esa na\u0161eho odd\u00edlu. Oba Tom\u00e1\u0161ov\u00e9 Tlamkov\u00e9 jsou nominov\u00e1ni i letos&#8230; Jak to dopadne tentokr\u00e1t?<\/figcaption><\/figure>\n<p style=\"text-align: justify;\">V\u00edt\u011bzov\u00e9 jenotliv\u00fdch nominac\u00ed budou vyhl\u00e1\u0161en\u00ed na odd\u00edlov\u00e9m v\u00fdro\u010dn\u00edm ro(c)kov\u00e1n\u00ed 28. procince 2015 od 15.00 hodin v restauraci Morava Bene\u0161ov. Pros\u00edm nominovan\u00e9 o 100% \u00fa\u010dast (hodnotn\u00e9 ceny je neminou) a p\u0159eji hodn\u011b \u0161t\u011bst\u00ed, aby to vy\u0161lo a stali se laure\u00e1ty v\u00fdro\u010dn\u00edch cen! Hv\u011bzdou ve\u010dera by mohla b\u00fdt Kate\u0159ina Gottwaldov\u00e1, kter\u00e1 m\u00e1 rekordn\u00ed t\u0159i nominace + bude pasov\u00e1na do elitn\u00ed bikov\u00e9 jednotky MORAVEC Rangers. Ze dvou nominac\u00ed se mohou t\u011b\u0161it: Mat\u011bj Maz\u00e1nek, Maty\u00e1\u0161ek Koudelka, Dominik Prudek, Tom\u00e1\u0161 Tlamka &#8222;Contador&#8220;, V\u00ed\u0165a Such\u00e1nek, Jana Tesa\u0159ov\u00e1, Monika Kone\u010dn\u00e1, Lucinka Koudelkov\u00e1, Krist\u00fdna Dokoupilov\u00e1, Ivana Prudkov\u00e1, V\u00ed\u0165a Prudek a Milan \u0160af\u00e1\u0159. No, uvid\u00edme, jak to v\u0161e dopadne&#8230; Zde mrkn\u011bte na <strong><a href=\"http:\/\/moravec.benesov-u-boskovic.cz\/cz\/akce\/2014\/vyrocni-rokovani-27-12\/\">fotogalerii<\/a><\/strong> z lo\u0148sk\u00e9ho vyhla\u0161ov\u00e1n\u00ed.<\/p>\n<p>&nbsp;<\/p>\n","protected":false},"excerpt":{"rendered":"<p>Nejen &#8222;dlouh\u00fd noce&#8220; jsou na V\u00e1noce&#8230; \u00a0 \u00a0 \u00a0 \u00a0 \u00a0 \u00a0 \u00a0 \u00a0 \u00a0 \u00a0 \u00a0 \u00a0 \u00a0 \u00a0 \u00a0 \u00a0 \u00a0 \u00a0 D\u00e1vno u\u017e v\u00ed mal\u00ed i velc\u00ed MORAVCI, \u00a0 \u00a0 \u00a0 \u00a0 \u00a0 \u00a0 \u00a0 \u00a0 \u00a0 \u00a0 \u00a0 \u00a0 \u00a0 \u00a0 \u00a0 \u00a0 \u00a0 \u00a0 \u00a0 \u00a0 \u00a0 \u00a0 \u00a0 \u00a0 &hellip; <a href=\"https:\/\/www.moravecteam.cz\/?p=2825\" class=\"more-link\">Pokra\u010dov\u00e1n\u00ed textu <span class=\"screen-reader-text\">Na V\u00e1noce nominace!<\/span> <span class=\"meta-nav\">&rarr;<\/span><\/a><\/p>\n","protected":false},"author":3,"featured_media":2832,"comment_status":"open","ping_status":"closed","sticky":false,"template":"","format":"standard","meta":[],"categories":[13],"tags":[],"_links":{"self":[{"href":"https:\/\/www.moravecteam.cz\/index.php?rest_route=\/wp\/v2\/posts\/2825"}],"collection":[{"href":"https:\/\/www.moravecteam.cz\/index.php?rest_route=\/wp\/v2\/posts"}],"about":[{"href":"https:\/\/www.moravecteam.cz\/index.php?rest_route=\/wp\/v2\/types\/post"}],"author":[{"embeddable":true,"href":"https:\/\/www.moravecteam.cz\/index.php?rest_route=\/wp\/v2\/users\/3"}],"replies":[{"embeddable":true,"href":"https:\/\/www.moravecteam.cz\/index.php?rest_route=%2Fwp%2Fv2%2Fcomments&post=2825"}],"version-history":[{"count":7,"href":"https:\/\/www.moravecteam.cz\/index.php?rest_route=\/wp\/v2\/posts\/2825\/revisions"}],"predecessor-version":[{"id":2836,"href":"https:\/\/www.moravecteam.cz\/index.php?rest_route=\/wp\/v2\/posts\/2825\/revisions\/2836"}],"wp:featuredmedia":[{"embeddable":true,"href":"https:\/\/www.moravecteam.cz\/index.php?rest_route=\/wp\/v2\/media\/2832"}],"wp:attachment":[{"href":"https:\/\/www.moravecteam.cz\/index.php?rest_route=%2Fwp%2Fv2%2Fmedia&parent=2825"}],"wp:term":[{"taxonomy":"category","embeddable":true,"href":"https:\/\/www.moravecteam.cz\/index.php?rest_route=%2Fwp%2Fv2%2Fcategories&post=2825"},{"taxonomy":"post_tag","embeddable":true,"href":"https:\/\/www.moravecteam.cz\/index.php?rest_route=%2Fwp%2Fv2%2Ftags&post=2825"}],"curies":[{"name":"wp","href":"https:\/\/api.w.org\/{rel}","templated":true}]}}