{"id":2870,"date":"2015-12-29T16:01:53","date_gmt":"2015-12-29T15:01:53","guid":{"rendered":"http:\/\/www.moravecteam.cz\/?p=2870"},"modified":"2016-01-06T21:24:38","modified_gmt":"2016-01-06T20:24:38","slug":"svatecni-pondeli","status":"publish","type":"post","link":"https:\/\/www.moravecteam.cz\/?p=2870","title":{"rendered":"Sv\u00e1te\u010dn\u00ed pond\u011bl\u00ed&#8230;"},"content":{"rendered":"<p style=\"text-align: justify;\"><span style=\"color: #800000;\"><strong>Po roce tedy MORAVCI op\u011bt sv\u00e1te\u010dn\u011b poro(c)kovali&#8230; A v\u011bru, \u017ee bylo co hodnotit a \u017ee je se za r. \u00a02015 (nejen) z hlediska v\u00fdsledk\u016f se \u010d\u00edm pochlubit&#8230; Slavnostn\u00ed odpoledne bylo letos v n\u011bkolika v\u011bcech jedine\u010dn\u00fdm, v\u00fdjime\u010dn\u00fdm&#8230; P\u0159edev\u0161\u00edm po mnoha letech absentovali nejbli\u017e\u0161\u00ed z Vlast\u00edkovy rodiny. Nicm\u00e9n\u011b jejich nep\u0159\u00edtomnost byla p\u0159edem avizovan\u00e1 a tud\u00ed\u017e omluven\u00e1. Stejn\u011b, jako nep\u0159\u00edtomnost &#8222;Kohout\u016f&#8220; v \u010dele s Jardou Bl\u00e1hou&#8230; Za dan\u00e9 situace se ale p\u0159ece nakonec poda\u0159ilo zajistit p\u0159\u00edtomnost adekv\u00e1tn\u00ed hv\u011bzdy ve\u010dera, kterou se stal \u010dlov\u011bk z bezprost\u0159edn\u00edho okol\u00ed z doby \u017eivota Vlast\u00edka MORAVCE! A tak nejlep\u0161\u00edm MORAVC\u016eM z nejlep\u0161\u00edch p\u0159ed\u00e1vala ceny opravdov\u00e1, skute\u010dn\u00e1 cyklistick\u00e1 legenda&#8230;<\/strong><\/span><\/p>\n<figure id=\"attachment_2885\" aria-describedby=\"caption-attachment-2885\" style=\"width: 858px\" class=\"wp-caption alignnone\"><a href=\"http:\/\/www.moravecteam.cz\/?attachment_id=2885\" rel=\"attachment wp-att-2885\"><img decoding=\"async\" loading=\"lazy\" class=\" wp-image-2885\" alt=\"OLYMPUS DIGITAL CAMERA\" src=\"http:\/\/www.moravecteam.cz\/wp-content\/uploads\/2015\/12\/PC280331.jpg\" width=\"858\" height=\"1170\" srcset=\"https:\/\/www.moravecteam.cz\/wp-content\/uploads\/2015\/12\/PC280331.jpg 858w, https:\/\/www.moravecteam.cz\/wp-content\/uploads\/2015\/12\/PC280331-219x300.jpg 219w, https:\/\/www.moravecteam.cz\/wp-content\/uploads\/2015\/12\/PC280331-750x1024.jpg 750w\" sizes=\"(max-width: 858px) 100vw, 858px\" \/><\/a><figcaption id=\"caption-attachment-2885\" class=\"wp-caption-text\">Cyklistick\u00fd Napoleon Rudolf Labus byl ozdobou na\u0161eho leto\u0161n\u00edho v\u00fdro\u010dn\u00edho rokov\u00e1n\u00ed!<\/figcaption><\/figure>\n<p style=\"text-align: justify;\">T\u00edm v\u00fdjime\u010dn\u00fdm nebyl nikdo men\u0161\u00ed, ne\u017e <span style=\"color: #800000;\"><strong>Rudolf Labus<\/strong><\/span>, excelentn\u00ed silni\u010d\u00e1\u0159 sv\u011btov\u00e9ho kalibru konce \u0161edes\u00e1t\u00fdch a prvn\u00ed poloviny <a href=\"http:\/\/www.moravecteam.cz\/?attachment_id=2886\" rel=\"attachment wp-att-2886\"><img decoding=\"async\" loading=\"lazy\" class=\"size-full wp-image-2886 alignleft\" title=\"Jana Tesa\u0159ov\u00e1 - nov\u00e1 dr\u017eitelka nejcenn\u011bj\u0161\u00ed trofeje MORAVCE pro d\u011bv\u010data.\" alt=\"DSCN5595\" src=\"http:\/\/www.moravecteam.cz\/wp-content\/uploads\/2015\/12\/DSCN5595.jpg\" width=\"164\" height=\"300\" \/><\/a>sedmdes\u00e1t\u00fdch let minul\u00e9ho stolet\u00ed, t\u00fdmov\u00fd par\u0165\u00e1k na\u0161eho Vlasty MORAVCE nejen v Dukle Brno, ale i v dobov\u00e9m reprezenta\u010dn\u00edm v\u00fdb\u011bru. A Rudla se v pr\u016fb\u011bhu ve\u010dera uk\u00e1zal t\u00e9\u017e jako v\u00fdte\u010dn\u00fd spole\u010dn\u00edk, veli\u010dina, kter\u00e1 toho sice moc nenamluv\u00ed, ale co \u0159ekne, je v\u017edy vtipn\u00e9 a do dan\u00e9 situace to p\u0159esn\u011b sed\u00ed! Se zatajen\u00fdm dechem jsme si tedy op\u011bt r\u00e1di nechali vypr\u00e1v\u011bt &#8222;\u0159\u00edmskou story&#8220;, kterou se stal Rudolf Labus nesmrteln\u00fdm, a kter\u00e1 mu vynesla origin\u00e1ln\u00ed p\u0159ezd\u00edvku &#8222;Piccollo el Bandito&#8220;&#8230; Rudolf byl i \u010dlenem reprezenta\u010dn\u00edho t\u00fdmu, kter\u00fd pomohl v r. 1972 Vlastimilu MORAVCOVI k historick\u00e9mu prvenstv\u00ed v tehdy velmi presti\u017en\u00edm <a href=\"http:\/\/www.moravecteam.cz\/?attachment_id=2887\" rel=\"attachment wp-att-2887\"><img decoding=\"async\" loading=\"lazy\" class=\"size-full wp-image-2887 alignright\" title=\"Tom\u00e1\u0161 Tlamka &quot;Contador&quot; se u\u017e s nejcen\u011bn\u011bj\u0161\u00ed trofej\u00ed pro kluky d\u016fv\u011brn\u011b zn\u00e1...\" alt=\"OLYMPUS DIGITAL CAMERA\" src=\"http:\/\/www.moravecteam.cz\/wp-content\/uploads\/2015\/12\/PC280278.jpg\" width=\"171\" height=\"300\" \/><\/a>Z\u00e1vodu m\u00edru. A byl to velk\u00fd &#8222;Piccollo el Bandito&#8220;, kter\u00fd osobn\u011b poblahop\u0159\u00e1l v r\u00e1mci slavnostn\u00edho v\u00fdro\u010dn\u00edho ro(c)kov\u00e1n\u00ed nejlep\u0161\u00edm z nejlep\u0161\u00edch MORAVC\u016e. S jemu vlasnt\u00ed eleganc\u00ed zvl\u00e1dl i autogrami\u00e1du a setrval v na\u0161\u00ed jednolit\u00e9 part\u011b asi hodn\u011b nad \u00a0 stanoven\u00fd \u010dasov\u00fd limit&#8230; Dal\u0161\u00edmi mil\u00fdmi hosty podve\u010dera a ve\u010dera byli z\u00e1stupci t\u00fdmu ACT leraK Blansko, co\u017e jsou na trat\u00edch sice na\u0161i soupe\u0159i, ale mimo tra\u0165 p\u0159edev\u0161\u00edm na\u0161i v\u00fdborn\u00ed kamar\u00e1di&#8230; Skute\u010dn\u00fdm p\u0159ekv\u00e1pkem ve\u010dera pak byla n\u00e1v\u0161t\u011bva Nezvedov\u00fdch ze Znojma! Jejich v\u00edtan\u00e1 p\u0159\u00edtomnost byla umocn\u011bna uji\u0161t\u011bn\u00edm, \u017ee jsou st\u00e1le na\u0161i, a \u017ee V\u011brka Nezvedov\u00e1 po cyklistick\u00e9 str\u00e1nce je\u0161t\u011b zdaleka ne\u0159ekla svoje posledn\u00ed slovo&#8230; A komu \u017ee s\u00e1l, krom\u011b v\u00fd\u0161e zm\u00edn\u011bn\u00fdch nejv\u00edce tleskal? Kdo \u017ee to je za r. 2015 laure\u00e1tem v\u00fdro\u010dn\u00edch cen MORAVEC Teamu?<\/p>\n<ul>\n<li>Objev roku d\u00edvky: <span style=\"color: #800000;\"><strong>Eli\u0161ka Dokoupilov\u00e1<\/strong><\/span><\/li>\n<li>Objev roku chlapci: <span style=\"color: #800000;\"><strong>V\u00edt Such\u00e1nek<\/strong><\/span><\/li>\n<li>Skokan roku d\u00edvky: <strong><span style=\"color: #800000;\">Jana Tesa\u0159ov\u00e1<\/span><\/strong><\/li>\n<li>Skokan roku chlapci: <strong><span style=\"color: #800000;\">Tom\u00e1\u0161 Tlamka &#8222;Contador&#8220;<\/span><\/strong><\/li>\n<li>Smola\u0159 roku d\u00edvky: <strong><span style=\"color: #800000;\">Anna Zem\u00e1nkov\u00e1<\/span><\/strong><\/li>\n<li>Smola\u0159 roku chlapci: <span style=\"color: #800000;\"><strong>Dominik Prudek<\/strong><\/span><\/li>\n<li>Dravec MORAVEC d\u00edvky: <span style=\"color: #800000;\"><strong>Barbora Tlamkov\u00e1<\/strong><br \/>\n<\/span><\/li>\n<li>Dravec MORAVEC chlapci: <strong><span style=\"color: #800000;\">Maty\u00e1\u0161 Koudelka<\/span><\/strong><\/li>\n<li>Cena Evy Bartol\u0161ic MORAVCOV\u00c9 &#8211; \u017eeny: <strong><span style=\"color: #800000;\">Kate\u0159ina Gottwaldov\u00e1<\/span><\/strong><\/li>\n<li>Cena Evy Bartol\u0161ic MORAVCOV\u00c9 &#8211; mu\u017ei: <strong><span style=\"color: #800000;\">Pavel Bal\u00e1k<\/span><\/strong><\/li>\n<li>Cyklo OSCAR: <span style=\"color: #800000;\"><strong>Zden\u011bk P\u0159ikryl<\/strong><\/span><\/li>\n<li>Borec MORAVEC d\u00edvky: <strong><span style=\"color: #800000;\">Jana Tesa\u0159ov\u00e1<\/span><\/strong><\/li>\n<li>Borec MORAVEC chlapci: <span style=\"color: #800000;\"><strong>Tom\u00e1\u0161 Tlamka &#8222;Contador&#8220;<\/strong><\/span><\/li>\n<\/ul>\n<p style=\"text-align: justify;\">Z uveden\u00e9ho je z\u0159ejm\u00e9, \u017ee hv\u011bzdi\u010dkami podve\u010dera se nakonec stali <span style=\"color: #800000;\"><strong>Jana Tesa\u0159ov\u00e1<\/strong><\/span> s <strong><span style=\"color: #800000;\">Tom\u00e1\u0161em Tlamkou &#8222;Contadorem&#8220;<\/span><\/strong>, kte\u0159\u00ed krom\u011b se krom\u011b zisku hlavn\u00ed v\u00fdro\u010dn\u00ed ceny Borec MORAVEC mohou t\u011b\u0161it i z ceny &#8222;Skokan roku&#8220;. Zde je k omrknut\u00ed bohat\u00e1 <strong><a href=\"http:\/\/moravecteam.rajce.idnes.cz\/2015.12.28._Vyrocni_ro_c_kovani\/\">fotogalerie<\/a><\/strong> z pond\u011bln\u00edho sv\u00e1te\u010dn\u00edho podve\u010dera a ani se neptejte, kdy jsme zav\u00edrali lok\u00e1l&#8230;<\/p>\n<p style=\"text-align: justify;\">\n","protected":false},"excerpt":{"rendered":"<p>Po roce tedy MORAVCI op\u011bt sv\u00e1te\u010dn\u011b poro(c)kovali&#8230; A v\u011bru, \u017ee bylo co hodnotit a \u017ee je se za r. \u00a02015 (nejen) z hlediska v\u00fdsledk\u016f se \u010d\u00edm pochlubit&#8230; Slavnostn\u00ed odpoledne bylo letos v n\u011bkolika v\u011bcech jedine\u010dn\u00fdm, v\u00fdjime\u010dn\u00fdm&#8230; P\u0159edev\u0161\u00edm po mnoha letech absentovali nejbli\u017e\u0161\u00ed z Vlast\u00edkovy rodiny. Nicm\u00e9n\u011b jejich nep\u0159\u00edtomnost byla p\u0159edem avizovan\u00e1 a tud\u00ed\u017e omluven\u00e1. Stejn\u011b, &hellip; <a href=\"https:\/\/www.moravecteam.cz\/?p=2870\" class=\"more-link\">Pokra\u010dov\u00e1n\u00ed textu <span class=\"screen-reader-text\">Sv\u00e1te\u010dn\u00ed pond\u011bl\u00ed&#8230;<\/span> <span class=\"meta-nav\">&rarr;<\/span><\/a><\/p>\n","protected":false},"author":3,"featured_media":2884,"comment_status":"open","ping_status":"closed","sticky":false,"template":"","format":"standard","meta":[],"categories":[13],"tags":[],"_links":{"self":[{"href":"https:\/\/www.moravecteam.cz\/index.php?rest_route=\/wp\/v2\/posts\/2870"}],"collection":[{"href":"https:\/\/www.moravecteam.cz\/index.php?rest_route=\/wp\/v2\/posts"}],"about":[{"href":"https:\/\/www.moravecteam.cz\/index.php?rest_route=\/wp\/v2\/types\/post"}],"author":[{"embeddable":true,"href":"https:\/\/www.moravecteam.cz\/index.php?rest_route=\/wp\/v2\/users\/3"}],"replies":[{"embeddable":true,"href":"https:\/\/www.moravecteam.cz\/index.php?rest_route=%2Fwp%2Fv2%2Fcomments&post=2870"}],"version-history":[{"count":13,"href":"https:\/\/www.moravecteam.cz\/index.php?rest_route=\/wp\/v2\/posts\/2870\/revisions"}],"predecessor-version":[{"id":3019,"href":"https:\/\/www.moravecteam.cz\/index.php?rest_route=\/wp\/v2\/posts\/2870\/revisions\/3019"}],"wp:featuredmedia":[{"embeddable":true,"href":"https:\/\/www.moravecteam.cz\/index.php?rest_route=\/wp\/v2\/media\/2884"}],"wp:attachment":[{"href":"https:\/\/www.moravecteam.cz\/index.php?rest_route=%2Fwp%2Fv2%2Fmedia&parent=2870"}],"wp:term":[{"taxonomy":"category","embeddable":true,"href":"https:\/\/www.moravecteam.cz\/index.php?rest_route=%2Fwp%2Fv2%2Fcategories&post=2870"},{"taxonomy":"post_tag","embeddable":true,"href":"https:\/\/www.moravecteam.cz\/index.php?rest_route=%2Fwp%2Fv2%2Ftags&post=2870"}],"curies":[{"name":"wp","href":"https:\/\/api.w.org\/{rel}","templated":true}]}}