{"id":2897,"date":"2015-12-30T13:10:59","date_gmt":"2015-12-30T12:10:59","guid":{"rendered":"http:\/\/www.moravecteam.cz\/?p=2897"},"modified":"2016-01-06T21:18:02","modified_gmt":"2016-01-06T20:18:02","slug":"kapky-dokapaly","status":"publish","type":"post","link":"https:\/\/www.moravecteam.cz\/?p=2897","title":{"rendered":"Kapky letos dokapaly&#8230;"},"content":{"rendered":"<p style=\"text-align: justify;\"><strong><span style=\"color: #800000;\">..tedy ty za r. 2015, ty tr\u00e9ninkov\u00e9&#8230; Kapky za tolik \u00fasp\u011b\u0161n\u00fd a pro MORAVEC tolik v\u00fdznamn\u00fd rok&#8230; Bylo opravdu moudr\u00e9 d\u00e1vkovat Ivan\u010dinu &#8222;meduc\u00ednu&#8220; i t\u011bsn\u011b po v\u00fdro\u010dn\u00edm &#8222;ro(c)kov\u00e1n\u00ed&#8220;&#8230; A \u017ee m\u00e1me v t\u00fdmu u\u017e opravdov\u00e9 &#8222;prof\u00edky&#8220;! Ob\u011b hv\u011bzdi\u010dky pond\u011bln\u00edho sv\u00e1te\u010dn\u00edho odd\u00edlov\u00e9ho podve\u010dera, tj. oba dr\u017eitel\u00e9 hlavn\u00ed v\u00fdro\u010dn\u00ed ceny Vlastimila MORAVCE &#8222;Borec MORAVEC&#8220; odmakali \u00fatern\u00ed t\u011blocvi\u010dnu p\u0159\u00edkladn\u011b, jako &#8222;jako vo \u017eivot&#8220;&#8230; A nejen oni!<\/span><\/strong><\/p>\n<figure id=\"attachment_2924\" aria-describedby=\"caption-attachment-2924\" style=\"width: 1769px\" class=\"wp-caption alignnone\"><a href=\"http:\/\/www.moravecteam.cz\/?attachment_id=2924\" rel=\"attachment wp-att-2924\"><img decoding=\"async\" loading=\"lazy\" class=\" wp-image-2924\" alt=\"DSCN5611\" src=\"http:\/\/www.moravecteam.cz\/wp-content\/uploads\/2015\/12\/DSCN5611.jpg\" width=\"1769\" height=\"674\" srcset=\"https:\/\/www.moravecteam.cz\/wp-content\/uploads\/2015\/12\/DSCN5611.jpg 1769w, https:\/\/www.moravecteam.cz\/wp-content\/uploads\/2015\/12\/DSCN5611-300x114.jpg 300w, https:\/\/www.moravecteam.cz\/wp-content\/uploads\/2015\/12\/DSCN5611-1024x390.jpg 1024w\" sizes=\"(max-width: 1769px) 100vw, 1769px\" \/><\/a><figcaption id=\"caption-attachment-2924\" class=\"wp-caption-text\">Skv\u011bl\u00e1 Ivana op\u011bt &#8222;vyprodala s\u00e1l&#8220;!<\/figcaption><\/figure>\n<p style=\"text-align: justify;\">Dokonce byli p\u0159\u00edtomn\u00ed i dva dal\u0161\u00ed nov\u00ed potencion\u00e1ln\u00ed MORAVCI: Sk\u0159\u00edpovsk\u00e1 pan\u00ed Hanouskov\u00e1 spolu se sv\u00fdmi dv\u011bma rtu\u0165ovit\u00fdmi synky Matou\u0161kem a V\u00edtkem, kte\u0159\u00ed to v\u0161ichni t\u0159i jsou z podzimku \u010derstv\u00fdmi MORAVCI, p\u0159ivedla do cvi\u010den\u00ed dal\u0161\u00ed dv\u011b svoje d\u00edtka: dvoj\u010d\u00e1tka Jana a Janu! A v\u011b\u0159te, \u017ee po \u00favodn\u00edm &#8222;o\u0165uk\u00e1v\u00e1n\u00ed&#8220; k n\u00e1m oba el\u00e9vov\u00e9 pojali d\u016fv\u011bru a zd\u00e1 se, \u017ee p\u0159\u00ed\u0161t\u00ed rok na &#8222;Vrchovin\u011b&#8220; budeme m\u00edt v kategorii odr\u00e1\u017eedel dost dobrou a silnou vozbu&#8230; A op\u011bt nechyb\u011blo p\u0159ekvapen\u00ed: tren\u00e9r Milan \u0161el do akce v n\u00e1dhern\u00e9 n\u00e1mo\u0159nick\u00e9 uniform\u011b a sv\u00fdm slu\u0161iv\u00fdm p\u0159evlekem fakt &#8222;zabodoval&#8220;! Tak\u017ee v jeho osob\u011b m\u00e1 MORAVEC v odd\u00edle prvn\u00edho skute\u010dn\u00e9ho &#8222;Mari\u0148\u00e1ka&#8220;!<\/p>\n<figure id=\"attachment_2925\" aria-describedby=\"caption-attachment-2925\" style=\"width: 1384px\" class=\"wp-caption alignnone\"><a href=\"http:\/\/www.moravecteam.cz\/?attachment_id=2925\" rel=\"attachment wp-att-2925\"><img decoding=\"async\" loading=\"lazy\" class=\" wp-image-2925\" alt=\"DSCN5600 (1)\" src=\"http:\/\/www.moravecteam.cz\/wp-content\/uploads\/2015\/12\/DSCN5600-1.jpg\" width=\"1384\" height=\"2000\" srcset=\"https:\/\/www.moravecteam.cz\/wp-content\/uploads\/2015\/12\/DSCN5600-1.jpg 1384w, https:\/\/www.moravecteam.cz\/wp-content\/uploads\/2015\/12\/DSCN5600-1-207x300.jpg 207w, https:\/\/www.moravecteam.cz\/wp-content\/uploads\/2015\/12\/DSCN5600-1-708x1024.jpg 708w\" sizes=\"(max-width: 1384px) 100vw, 1384px\" \/><\/a><figcaption id=\"caption-attachment-2925\" class=\"wp-caption-text\">Spole\u010dn\u00e1 d\u011bt\u00ed s prvn\u00edm &#8222;Mari\u0148\u00e1kem&#8220; v na\u0161em odd\u00edle! Petr jmenoval Milana na cvi\u010dku bez odkladu velitelem odd\u00edlov\u00e9 n\u00e1mo\u0159n\u00ed p\u011bchoty!<\/figcaption><\/figure>\n<p style=\"text-align: justify;\">Vlastn\u00ed cvi\u010den\u00ed prob\u011bhlo n\u00e1sledn\u011b op\u011bt v Ivan\u010din\u011b bezchybn\u00e9 re\u017eii, p\u0159i\u010dem\u017e z minul\u00e9ho stolet\u00ed \u00a0&#8222;oldies&#8220; hra &#8222;Cukr, k\u00e1va, limon\u00e1da, \u010daj, rum, bum&#8220; zabrala, zaujala a pobavila v\u0161echny tr\u00e9nuj\u00edc\u00ed. Na samotn\u00fd \u00a0z\u00e1v\u011br \u00a0nechyb\u011blo Petrovo pod\u011bkov\u00e1n\u00ed na\u0161\u00ed supr &#8222;l\u00e9k\u00e1rnici&#8220;, kter\u00e1 za svoje &#8222;kapky&#8220; dostala za odm\u011bnu taky &#8222;kapky&#8220; &#8211; tentokr\u00e1t Petrovy &#8211; ze svit\u00e1veck\u00e9 (nebo svit\u00e1vsk\u00e9) p\u00e1lenice&#8230; Pro na\u0161i bezva tren\u00e9rku jich bylo &#8211; samoz\u0159ejm\u011b &#8211; p\u0159im\u011b\u0159en\u011b, v optim\u00e1ln\u00edm a l\u00e9\u010debn\u00e9m mno\u017estv\u00ed&#8230; Zde je na okuk <strong><a href=\"http:\/\/moravecteam.rajce.idnes.cz\/2015.12.29._Posledni_letosni_telocvicna\/\">fotogalerie<\/a><\/strong>&#8230;<\/p>\n<p style=\"text-align: justify;\">\n","protected":false},"excerpt":{"rendered":"<p>..tedy ty za r. 2015, ty tr\u00e9ninkov\u00e9&#8230; Kapky za tolik \u00fasp\u011b\u0161n\u00fd a pro MORAVEC tolik v\u00fdznamn\u00fd rok&#8230; Bylo opravdu moudr\u00e9 d\u00e1vkovat Ivan\u010dinu &#8222;meduc\u00ednu&#8220; i t\u011bsn\u011b po v\u00fdro\u010dn\u00edm &#8222;ro(c)kov\u00e1n\u00ed&#8220;&#8230; A \u017ee m\u00e1me v t\u00fdmu u\u017e opravdov\u00e9 &#8222;prof\u00edky&#8220;! Ob\u011b hv\u011bzdi\u010dky pond\u011bln\u00edho sv\u00e1te\u010dn\u00edho odd\u00edlov\u00e9ho podve\u010dera, tj. oba dr\u017eitel\u00e9 hlavn\u00ed v\u00fdro\u010dn\u00ed ceny Vlastimila MORAVCE &#8222;Borec MORAVEC&#8220; odmakali \u00fatern\u00ed t\u011blocvi\u010dnu &hellip; <a href=\"https:\/\/www.moravecteam.cz\/?p=2897\" class=\"more-link\">Pokra\u010dov\u00e1n\u00ed textu <span class=\"screen-reader-text\">Kapky letos dokapaly&#8230;<\/span> <span class=\"meta-nav\">&rarr;<\/span><\/a><\/p>\n","protected":false},"author":3,"featured_media":2911,"comment_status":"open","ping_status":"closed","sticky":false,"template":"","format":"standard","meta":[],"categories":[9],"tags":[],"_links":{"self":[{"href":"https:\/\/www.moravecteam.cz\/index.php?rest_route=\/wp\/v2\/posts\/2897"}],"collection":[{"href":"https:\/\/www.moravecteam.cz\/index.php?rest_route=\/wp\/v2\/posts"}],"about":[{"href":"https:\/\/www.moravecteam.cz\/index.php?rest_route=\/wp\/v2\/types\/post"}],"author":[{"embeddable":true,"href":"https:\/\/www.moravecteam.cz\/index.php?rest_route=\/wp\/v2\/users\/3"}],"replies":[{"embeddable":true,"href":"https:\/\/www.moravecteam.cz\/index.php?rest_route=%2Fwp%2Fv2%2Fcomments&post=2897"}],"version-history":[{"count":18,"href":"https:\/\/www.moravecteam.cz\/index.php?rest_route=\/wp\/v2\/posts\/2897\/revisions"}],"predecessor-version":[{"id":3018,"href":"https:\/\/www.moravecteam.cz\/index.php?rest_route=\/wp\/v2\/posts\/2897\/revisions\/3018"}],"wp:featuredmedia":[{"embeddable":true,"href":"https:\/\/www.moravecteam.cz\/index.php?rest_route=\/wp\/v2\/media\/2911"}],"wp:attachment":[{"href":"https:\/\/www.moravecteam.cz\/index.php?rest_route=%2Fwp%2Fv2%2Fmedia&parent=2897"}],"wp:term":[{"taxonomy":"category","embeddable":true,"href":"https:\/\/www.moravecteam.cz\/index.php?rest_route=%2Fwp%2Fv2%2Fcategories&post=2897"},{"taxonomy":"post_tag","embeddable":true,"href":"https:\/\/www.moravecteam.cz\/index.php?rest_route=%2Fwp%2Fv2%2Ftags&post=2897"}],"curies":[{"name":"wp","href":"https:\/\/api.w.org\/{rel}","templated":true}]}}