{"id":2941,"date":"2016-01-01T21:03:09","date_gmt":"2016-01-01T20:03:09","guid":{"rendered":"http:\/\/www.moravecteam.cz\/?p=2941"},"modified":"2016-01-02T18:52:04","modified_gmt":"2016-01-02T17:52:04","slug":"osdtartovano-a-s-dobrodruzstvim","status":"publish","type":"post","link":"https:\/\/www.moravecteam.cz\/?p=2941","title":{"rendered":"Start! A dobrodu\u017estv\u00ed..!"},"content":{"rendered":"<p style=\"text-align: justify;\"><span style=\"color: #800000;\"><strong>\u0158ekli byste &#8212; pro zku\u0161en\u00e9 rajdry MORAVCE &#8211; rutinn\u00ed Novoro\u010dn\u00ed vyj\u00ed\u017e\u010fka&#8230; C\u00edl u\u017e po l\u00e9ta jasn\u00fd, Repechy&#8230; Co n\u00e1s v r\u00e1mci prvn\u00edch novoro\u010dn\u00edch des\u00edtek kilometr\u016f m\u016f\u017ee potkat v\u00fdjime\u010dn\u00e9ho krom toho, \u017ee na kluzk\u00e9m ter\u00e9nu s sebou Koudelka n\u011bkolikr\u00e1t pra\u0161t\u00ed o zem? Mo\u017en\u00e1 se budete divit, ale v\u011bzte, \u017ee vyj\u00edme\u010dn\u00fdch situac\u00ed v r\u00e1mci prvn\u00edch &#8222;ostr\u00fdch&#8220; kilometr\u016f v r. 2016 bylo hned n\u011bkolik&#8230;<\/strong><\/span><\/p>\n<figure id=\"attachment_2959\" aria-describedby=\"caption-attachment-2959\" style=\"width: 4070px\" class=\"wp-caption alignnone\"><a href=\"http:\/\/www.moravecteam.cz\/?attachment_id=2959\" rel=\"attachment wp-att-2959\"><img decoding=\"async\" loading=\"lazy\" class=\" wp-image-2959\" alt=\"DSCN5713\" src=\"http:\/\/www.moravecteam.cz\/wp-content\/uploads\/2016\/01\/DSCN5713.jpg\" width=\"4070\" height=\"2369\" srcset=\"https:\/\/www.moravecteam.cz\/wp-content\/uploads\/2016\/01\/DSCN5713.jpg 4070w, https:\/\/www.moravecteam.cz\/wp-content\/uploads\/2016\/01\/DSCN5713-300x174.jpg 300w, https:\/\/www.moravecteam.cz\/wp-content\/uploads\/2016\/01\/DSCN5713-1024x596.jpg 1024w\" sizes=\"(max-width: 4070px) 100vw, 4070px\" \/><\/a><figcaption id=\"caption-attachment-2959\" class=\"wp-caption-text\">Startujeme! Sedm state\u010dn\u00fdch si pr\u00e1v\u011b odsouhlasilo, \u017ee p\u016fvodn\u00ed &#8222;letov\u00fd pl\u00e1n&#8220; bude spln\u011bn!<\/figcaption><\/figure>\n<p style=\"text-align: justify;\">P\u0159edev\u0161\u00edm op\u011bt pot\u011b\u0161il ut\u011b\u0161en\u00fd po\u010det rajdr\u016f, kte\u0159\u00ed se nazalekli zasn\u011b\u017een\u00e9ho ter\u00e9nu a po\u010das\u00ed, kter\u00e9 bylo dost podobn\u00e9 tomu, podle \u00faslov\u00ed, jak se na Drahansk\u00e9 Vrchovin\u011b \u0159\u00edk\u00e1, &#8222;\u017ee bes psa nevehnal&#8220;&#8230; Z bene\u0161ovsk\u00e9 mate\u0159sk\u00e9 z\u00e1kladny vyrazilo (po krat\u0161\u00edm v\u00e1h\u00e1n\u00ed) v tradi\u010dn\u00edm novoro\u010dn\u00edm sm\u011bru (Repechy &#8211; penzion Lada) celkem sedm st\u00edha\u010d\u016f, p\u0159i\u010dem\u017e v c\u00edlov\u00e9 lokalit\u011b se k n\u00e1m m\u011bli p\u0159ipojit dva &#8222;Contado\u0159i&#8220; a \u00a0t\u0159i z\u00e1stupci rodiny Tesa\u0159ovic. V\u0161e podle pl\u00e1nu klaplo, bezva bonusem na v\u00edc byl Martin Gottwald se voj\u00ed skupinou, kte\u0159\u00ed na n\u00e1s v cca 14.00 hodin v penzionu Lada u\u017e \u010dekali! Martin dorazil na kole se sv\u00fdm kamar\u00e1dem ze Slovenska Vladem a jejich man\u017eelky s d\u011btmi \u00a0jim v r\u00e1mci akce vytvo\u0159ili spolehliv\u00fd podp\u016frn\u00fd t\u00fdm!<\/p>\n<figure id=\"attachment_2956\" aria-describedby=\"caption-attachment-2956\" style=\"width: 2592px\" class=\"wp-caption alignnone\"><a href=\"http:\/\/www.moravecteam.cz\/?attachment_id=2956\" rel=\"attachment wp-att-2956\"><img decoding=\"async\" loading=\"lazy\" class=\" wp-image-2956\" alt=\"DSCN5719\" src=\"http:\/\/www.moravecteam.cz\/wp-content\/uploads\/2016\/01\/DSCN5719.jpg\" width=\"2592\" height=\"1826\" srcset=\"https:\/\/www.moravecteam.cz\/wp-content\/uploads\/2016\/01\/DSCN5719.jpg 2592w, https:\/\/www.moravecteam.cz\/wp-content\/uploads\/2016\/01\/DSCN5719-300x211.jpg 300w, https:\/\/www.moravecteam.cz\/wp-content\/uploads\/2016\/01\/DSCN5719-1024x721.jpg 1024w\" sizes=\"(max-width: 2592px) 100vw, 2592px\" \/><\/a><figcaption id=\"caption-attachment-2956\" class=\"wp-caption-text\">Zdolat nejvy\u0161\u0161\u00ed bod Drahansk\u00e9 Vrchoviny n\u00e1m u\u017e po l\u00e9ta ned\u011bl\u00e1 probl\u00e9m&#8230;<\/figcaption><\/figure>\n<p style=\"text-align: justify;\">Krom\u011b man\u017eel\u016f Usnulov\u00fdch jsme se t\u011b\u0161ili samoz\u0159ejm\u011b na mal\u00e9ho Matou\u0161ka. P\u0159es nevl\u00eddn\u00e9 po\u010das\u00ed s n\u00e1mi Lada Usnulov\u00e1 po\u010d\u00edtala &#8222;na sychr&#8220; a Matou\u0161ka od\u011bla do tepl\u00e1kov\u00e9 soupravy, kterou jsme mu darovali v r\u00e1mci na\u0161\u00ed posledn\u00ed zdej\u0161\u00ed n\u00e1v\u0161t\u011bvy! Slu\u0161\u00ed mu a padne z\u00e1rove\u0148, je i je\u0161t\u011b trochu s rezervou, trak\u017ee mu n\u011bjakou dobu (alespo\u0148 do jara) je\u0161t\u011b ur\u010do poslou\u017e\u00ed! Hodinku tepl\u00ed\u010dka penzionov\u00e9 restaurace jsme i v pravd\u011b vychutnali a jako v\u017edy, zvedat se na sp\u00e1te\u010dn\u00ed cestu se n\u00e1m moc necht\u011blo&#8230; Po spole\u010dn\u00e9m fotu s na\u0161imi t\u0159emi kamar\u00e1dy jsme ale &#8211; cht\u00edc \/ necht\u00edc, museli&#8230;<\/p>\n<figure id=\"attachment_2953\" aria-describedby=\"caption-attachment-2953\" style=\"width: 2000px\" class=\"wp-caption alignnone\"><a href=\"http:\/\/www.moravecteam.cz\/?attachment_id=2953\" rel=\"attachment wp-att-2953\"><img decoding=\"async\" loading=\"lazy\" class=\" wp-image-2953\" alt=\"DSCN5751\" src=\"http:\/\/www.moravecteam.cz\/wp-content\/uploads\/2016\/01\/DSCN5751.jpg\" width=\"2000\" height=\"821\" srcset=\"https:\/\/www.moravecteam.cz\/wp-content\/uploads\/2016\/01\/DSCN5751.jpg 2000w, https:\/\/www.moravecteam.cz\/wp-content\/uploads\/2016\/01\/DSCN5751-300x123.jpg 300w, https:\/\/www.moravecteam.cz\/wp-content\/uploads\/2016\/01\/DSCN5751-1024x420.jpg 1024w\" sizes=\"(max-width: 2000px) 100vw, 2000px\" \/><\/a><figcaption id=\"caption-attachment-2953\" class=\"wp-caption-text\">Spole\u010dn\u00e1 s Usnulov\u00fdmi (B\u0159e\u0165ou, Ladou a Matou\u0161kem) se nakonec poda\u0159ila!<\/figcaption><\/figure>\n<p style=\"text-align: justify;\">Nejd\u0159\u00edve vyrazila vozba Milana \u0160af\u00e1\u0159e, kter\u00fd zku\u0161en\u011b zavedl Ani\u010dku, Ad\u00e9lku, Janu a &#8222;Contadora&#8220; tak, \u017ee se vyhnuly prosolen\u00e9 p\u0159\u00edjezdov\u00e9 repe\u0161ck\u00e9 komunikaci a uchr\u00e1nil tak drahocenou techniku smrt\u00edc\u00edm n\u00e1nos\u016fm cest\u00e1\u0159sk\u00e9 soli&#8230; Milan pr\u00e1v\u011b se svoj\u00ed dcerou Ad\u00e9lkou toho asi dnes najezdili z n\u00e1s v\u0161ech nejv\u00edc! Z Boskovic do Repech to nejsou zrovna dva kilometry&#8230; U\u017e se \u0161e\u0159ilo, kdy\u017e vyrazili zbyl\u00ed &#8222;Contado\u0159i&#8220; (vzali do auta Evu Zem\u00e1nkovu), Tesa\u0159ovic skupina (Janu p\u0159ibrali do vozu se samotn\u00fdm soumrakem v Bene\u0161ov\u011b) a Petr s Drso\u0148em (Ti s \u0159\u00e1dn\u00fdm osv\u011btlen\u00edm na kolech &#8211; a pr\u00e1v\u011b na tyto dva \u010dekalo je\u0161t\u011b mal\u00e9 dobrodru\u017estv\u00ed, avizovan\u00e9 v nadpisu tohoto p\u0159\u00edsp\u011bvku). V penzionu Lada z\u016fstali nejd\u00e9le Gottwaldovi s Vladem. Ti u\u017e ale jeli dom\u016f vozem, tak\u017ee nastupuj\u00edc\u00ed smr\u00e1k\u00e1n\u00ed je nikterak neomezovalo&#8230;<\/p>\n<figure id=\"attachment_2952\" aria-describedby=\"caption-attachment-2952\" style=\"width: 2592px\" class=\"wp-caption alignnone\"><a href=\"http:\/\/www.moravecteam.cz\/?attachment_id=2952\" rel=\"attachment wp-att-2952\"><img decoding=\"async\" loading=\"lazy\" class=\" wp-image-2952\" alt=\"DSCN5752\" src=\"http:\/\/www.moravecteam.cz\/wp-content\/uploads\/2016\/01\/DSCN5752.jpg\" width=\"2592\" height=\"2937\" srcset=\"https:\/\/www.moravecteam.cz\/wp-content\/uploads\/2016\/01\/DSCN5752.jpg 2592w, https:\/\/www.moravecteam.cz\/wp-content\/uploads\/2016\/01\/DSCN5752-264x300.jpg 264w, https:\/\/www.moravecteam.cz\/wp-content\/uploads\/2016\/01\/DSCN5752-903x1024.jpg 903w\" sizes=\"(max-width: 2592px) 100vw, 2592px\" \/><\/a><figcaption id=\"caption-attachment-2952\" class=\"wp-caption-text\">Sokol se m\u00e1 k sv\u011btu! Spokojen\u00e1 m\u00e1ma Lada, spokojen\u00fd synek Matou\u0161ek&#8230;Oba jsou s n\u00e1mi u\u017e d\u00e1vno dob\u0159\u00ed kamar\u00e1di!<\/figcaption><\/figure>\n<p style=\"text-align: justify;\">A co \u017ee to za\u017eili ve fin\u00e1le Petr s Drso\u0148em? A\u017e na kraj lesa p\u0159ed Bene\u0161ovem nic, co by st\u00e1lo za \u0159e\u010d&#8230; Dokonce s sebou Petr po cest\u011b ani jednou o zem nepra\u0161til&#8230; Na kraji lesa v\u0161ak p\u0159i\u0161el ne\u010dekan\u00fd \u00a0&#8222;Black\u016fv&#8220; ostr\u00fd &#8222;\u0161lajf&#8220;&#8220;, kdy\u017e mu cestu zk\u0159\u00ed\u017eil dost velik\u00fd, zatoulan\u00fd pejsek&#8230; &#8222;Pecolde, tade je n\u011bjak\u00e9 velk\u00e9 \u010dern\u00e9 \u010dokl!&#8220;, usly\u0161el Petr, kter\u00fd se v tom moment\u011b pohyboval ve tm\u011b p\u00e1r metr\u016f p\u0159ed &#8222;Drson\u011bm&#8220;&#8230; Zastaven\u00ed a chv\u00edle p\u0159em\u00fd\u0161len\u00ed, jak nast\u00e1lou situaci \u0159e\u0161it&#8230; Nejd\u0159\u00edve Milan usoudil, \u017ee by mohl b\u00fdt Pavla Kol\u00e1\u0159e z Bene\u0161ova, ten v\u0161ak po telefonu hl\u00e1sil, \u017ee jeho pes je doma. Bezradn\u00ed Petr s Drson\u011bm se rozjeli sm\u011brem ku mate\u0159sk\u00e9 obci v d\u016fv\u011b\u0159e, \u017ee pejska (veskrze p\u0159\u00edtuln\u00e9ho) set\u0159esou&#8230; Nepoda\u0159ilo se ale&#8230; Na okraji bene\u0161ovsk\u00e9 z\u00e1stavby \u0161lo jenom o to, s k\u00fdm bude n\u00e1hl\u00fd ne\u010dekan\u00fd souputn\u00edk z na\u0161ich dvou MORAVC\u016e pokra\u010dovat. Vybral si Petra, doprovodil ho a\u017e na Pavlov a Petr mu u\u017e po cest\u011b avizoval, \u017ee bude sp\u00e1t se Strelkou a B\u011blkou (odd\u00edlov\u00e9 kozy) a r\u00e1no, \u017ee \u00a0se Petr pokus\u00ed naj\u00edt zatoulan\u00e9mu pejskovi prav\u00e9ho p\u00e1na&#8230; Ver\u010da Koudelkov\u00e1, kdy\u017e v chodb\u011b Koudelkovic nemovitosti ale pejska z\u0159ela, jednozna\u010dn\u011b ur\u010dila, \u017ee je to Dokoupilovic fenka Niki&#8230; Co\u017e se za chv\u00edli, d\u00edk p\u0159\u00edtomnosti jej\u00edho p\u00e1na, Romana, potvrdilo&#8230; Romane, bude to &#8222;drah\u00fd&#8220;, n\u00e1lezn\u00e9 srovn\u00e1me na odd\u00edlov\u00e9m plese 30. ledna 2016! Zde mrkn\u011bte na <strong><a href=\"http:\/\/moravecteam.rajce.idnes.cz\/2016.01.01._Novorocni_vyjizdka\/\">fotogalerii<\/a><\/strong> z leto\u0161n\u00edch prvn\u00edch kilometr\u016f.<\/p>\n<figure id=\"attachment_2951\" aria-describedby=\"caption-attachment-2951\" style=\"width: 1839px\" class=\"wp-caption alignnone\"><a href=\"http:\/\/www.moravecteam.cz\/?attachment_id=2951\" rel=\"attachment wp-att-2951\"><img decoding=\"async\" loading=\"lazy\" class=\" wp-image-2951\" alt=\"DSCN5763\" src=\"http:\/\/www.moravecteam.cz\/wp-content\/uploads\/2016\/01\/DSCN5763.jpg\" width=\"1839\" height=\"1614\" srcset=\"https:\/\/www.moravecteam.cz\/wp-content\/uploads\/2016\/01\/DSCN5763.jpg 1839w, https:\/\/www.moravecteam.cz\/wp-content\/uploads\/2016\/01\/DSCN5763-300x263.jpg 300w, https:\/\/www.moravecteam.cz\/wp-content\/uploads\/2016\/01\/DSCN5763-1024x898.jpg 1024w\" sizes=\"(max-width: 1839px) 100vw, 1839px\" \/><\/a><figcaption id=\"caption-attachment-2951\" class=\"wp-caption-text\">V tomto okam\u017eiku jsem je\u0161t\u011b s Drso\u0148em nem\u011bl v\u016fbec tu\u0161en\u00ed, \u017ee se jedn\u00e1 o Dokoupilovic Niki&#8230;<\/figcaption><\/figure>\n<p style=\"text-align: justify;\">\n","protected":false},"excerpt":{"rendered":"<p>\u0158ekli byste &#8212; pro zku\u0161en\u00e9 rajdry MORAVCE &#8211; rutinn\u00ed Novoro\u010dn\u00ed vyj\u00ed\u017e\u010fka&#8230; C\u00edl u\u017e po l\u00e9ta jasn\u00fd, Repechy&#8230; Co n\u00e1s v r\u00e1mci prvn\u00edch novoro\u010dn\u00edch des\u00edtek kilometr\u016f m\u016f\u017ee potkat v\u00fdjime\u010dn\u00e9ho krom toho, \u017ee na kluzk\u00e9m ter\u00e9nu s sebou Koudelka n\u011bkolikr\u00e1t pra\u0161t\u00ed o zem? Mo\u017en\u00e1 se budete divit, ale v\u011bzte, \u017ee vyj\u00edme\u010dn\u00fdch situac\u00ed v r\u00e1mci prvn\u00edch &#8222;ostr\u00fdch&#8220; kilometr\u016f &hellip; <a href=\"https:\/\/www.moravecteam.cz\/?p=2941\" class=\"more-link\">Pokra\u010dov\u00e1n\u00ed textu <span class=\"screen-reader-text\">Start! A dobrodu\u017estv\u00ed..!<\/span> <span class=\"meta-nav\">&rarr;<\/span><\/a><\/p>\n","protected":false},"author":3,"featured_media":2935,"comment_status":"open","ping_status":"closed","sticky":false,"template":"","format":"standard","meta":[],"categories":[13],"tags":[],"_links":{"self":[{"href":"https:\/\/www.moravecteam.cz\/index.php?rest_route=\/wp\/v2\/posts\/2941"}],"collection":[{"href":"https:\/\/www.moravecteam.cz\/index.php?rest_route=\/wp\/v2\/posts"}],"about":[{"href":"https:\/\/www.moravecteam.cz\/index.php?rest_route=\/wp\/v2\/types\/post"}],"author":[{"embeddable":true,"href":"https:\/\/www.moravecteam.cz\/index.php?rest_route=\/wp\/v2\/users\/3"}],"replies":[{"embeddable":true,"href":"https:\/\/www.moravecteam.cz\/index.php?rest_route=%2Fwp%2Fv2%2Fcomments&post=2941"}],"version-history":[{"count":18,"href":"https:\/\/www.moravecteam.cz\/index.php?rest_route=\/wp\/v2\/posts\/2941\/revisions"}],"predecessor-version":[{"id":2967,"href":"https:\/\/www.moravecteam.cz\/index.php?rest_route=\/wp\/v2\/posts\/2941\/revisions\/2967"}],"wp:featuredmedia":[{"embeddable":true,"href":"https:\/\/www.moravecteam.cz\/index.php?rest_route=\/wp\/v2\/media\/2935"}],"wp:attachment":[{"href":"https:\/\/www.moravecteam.cz\/index.php?rest_route=%2Fwp%2Fv2%2Fmedia&parent=2941"}],"wp:term":[{"taxonomy":"category","embeddable":true,"href":"https:\/\/www.moravecteam.cz\/index.php?rest_route=%2Fwp%2Fv2%2Fcategories&post=2941"},{"taxonomy":"post_tag","embeddable":true,"href":"https:\/\/www.moravecteam.cz\/index.php?rest_route=%2Fwp%2Fv2%2Ftags&post=2941"}],"curies":[{"name":"wp","href":"https:\/\/api.w.org\/{rel}","templated":true}]}}