{"id":2970,"date":"2016-01-04T11:51:27","date_gmt":"2016-01-04T10:51:27","guid":{"rendered":"http:\/\/www.moravecteam.cz\/?p=2970"},"modified":"2016-01-04T20:10:13","modified_gmt":"2016-01-04T19:10:13","slug":"pohora-klidek-a-tabacek","status":"publish","type":"post","link":"https:\/\/www.moravecteam.cz\/?p=2970","title":{"rendered":"Dal\u0161\u00ed dvac\u00edtka!"},"content":{"rendered":"<p style=\"text-align: justify;\"><span style=\"color: #800000;\"><strong>Po novoro\u010dn\u00edch prvn\u00edch asi dvaceti kilometrech v sedlech na\u0161ich bicykl\u016f p\u0159i\u0161ly prvn\u00ed ned\u011bli v roce na \u0159adu ty p\u011b\u0161\u00ed, v r\u00e1mci rutinn\u00edho\u00a0tr\u00e9ninku z\u00e1kladn\u00ed vytrvalosti. Po turistice z p\u0159ed t\u00fddne, p\u0159i kter\u00e9 kroky tr\u00e9nuj\u00edc\u00edch vedly ji\u017en\u011b od Bene\u0161ova, p\u0159i\u0161la na \u0159adu trasa v severn\u00edm sm\u011bru od nejv\u00fd\u0161e polo\u017een\u00e9 obce Drahansk\u00e9 vrchoviny, konkr\u00e9tn\u011b byla na\u0161\u00edm c\u00edlem mal\u00e1 vesni\u010dka Pohora.<\/strong><\/span><\/p>\n<figure id=\"attachment_2979\" aria-describedby=\"caption-attachment-2979\" style=\"width: 1139px\" class=\"wp-caption alignnone\"><a href=\"http:\/\/www.moravecteam.cz\/?attachment_id=2979\" rel=\"attachment wp-att-2979\"><img decoding=\"async\" loading=\"lazy\" class=\" wp-image-2979\" alt=\"DSCN5788\" src=\"http:\/\/www.moravecteam.cz\/wp-content\/uploads\/2016\/01\/DSCN5788.jpg\" width=\"1139\" height=\"698\" srcset=\"https:\/\/www.moravecteam.cz\/wp-content\/uploads\/2016\/01\/DSCN5788.jpg 1139w, https:\/\/www.moravecteam.cz\/wp-content\/uploads\/2016\/01\/DSCN5788-300x183.jpg 300w, https:\/\/www.moravecteam.cz\/wp-content\/uploads\/2016\/01\/DSCN5788-1024x627.jpg 1024w\" sizes=\"(max-width: 1139px) 100vw, 1139px\" \/><\/a><figcaption id=\"caption-attachment-2979\" class=\"wp-caption-text\">Na okraji Ko\u0159ence jsme mohli sledovat tento v\u00fdjev \u017eiv\u00fdch jesli\u010dek. Chyb\u011bla jen Svat\u00e1 Rodina.<\/figcaption><\/figure>\n<p style=\"text-align: justify;\">Svi\u017en\u00fdm tempem vedl Petr v\u00fdpravu nejkrat\u0161\u00ed cestou, jej\u00ed\u017e p\u0159ev\u00e1\u017en\u00e1 \u010d\u00e1st vedla jednak po modr\u00e9 turistick\u00e9 zna\u010dce a jednak lesn\u00edm ter\u00e9nem. Zmrzl\u00fd\u00a0povrch pokr\u00fdval sn\u011bhov\u00fd popra\u0161ek a na\u0161\u00ed snahou bylo vyhnout se silnic\u00edm. D\u016fvodem byli \u010dty\u0159i na\u0161i hl\u00edda\u010di &#8211; pejsci, kter\u00fdm v\u017edy na citliv\u00fdch tlapk\u00e1ch vad\u00ed\u00a0silni\u010d\u00e1\u0159sk\u00e1 s\u016fl (a ta byla v uplynul\u00fdch dnech na region\u00e1ln\u00edch komunikac\u00edch aplikov\u00e1na vskutku vydatn\u011b). Druh\u00fd d\u016fvod, pro\u010d j\u00edt p\u0159\u00edrodn\u00edm ter\u00e9nem byl ten, \u017ee v n\u011bm nebylo t\u0159eba na\u0161i ps\u00ed ostrahu v\u00e1zat\u00a0na vod\u00edtka.<\/p>\n<figure id=\"attachment_2978\" aria-describedby=\"caption-attachment-2978\" style=\"width: 3545px\" class=\"wp-caption alignnone\"><a href=\"http:\/\/www.moravecteam.cz\/?attachment_id=2978\" rel=\"attachment wp-att-2978\"><img decoding=\"async\" loading=\"lazy\" class=\" wp-image-2978\" alt=\"DSCN5814\" src=\"http:\/\/www.moravecteam.cz\/wp-content\/uploads\/2016\/01\/DSCN5814.jpg\" width=\"3545\" height=\"2583\" srcset=\"https:\/\/www.moravecteam.cz\/wp-content\/uploads\/2016\/01\/DSCN5814.jpg 3545w, https:\/\/www.moravecteam.cz\/wp-content\/uploads\/2016\/01\/DSCN5814-300x218.jpg 300w, https:\/\/www.moravecteam.cz\/wp-content\/uploads\/2016\/01\/DSCN5814-1024x746.jpg 1024w\" sizes=\"(max-width: 3545px) 100vw, 3545px\" \/><\/a><figcaption id=\"caption-attachment-2978\" class=\"wp-caption-text\">Legend\u00e1rn\u00ed sochu Sv. Barbory jsme nemohli minout. Dorazili jsme k n\u00ed u\u017e za soumraku&#8230;<\/figcaption><\/figure>\n<p style=\"text-align: justify;\">Na rozd\u00edl od minul\u00e9ho t\u00fddne jsme toho tentokr\u00e1t nastoupali a naklesali \u00a0podstatn\u011b v\u00edce, proto\u017ee mezi Ko\u0159encem a Pohorou se nach\u00e1z\u00ed \u00fadol\u00ed \u0159\u00ed\u010dky B\u011bl\u00e9, kterou jsme dvakr\u00e1t p\u0159ekra\u010dovali a jej\u00ed\u017e poloha je dostate\u010dnou z\u00e1rukou nadmo\u0159sk\u00e9 v\u00fd\u0161ky o dost ni\u017e\u0161\u00ed, ne\u017e jakou se m\u016f\u017ee py\u0161nit startovac\u00ed a c\u00edlov\u00e1 obec Bene\u0161ov. V\u010detn\u011b\u00a0\u00a0&#8222;depa&#8220; po cest\u011b tam, n\u00e1m t\u011bch osm ter\u00e9nn\u00edch kilometr\u016f &#8222;vzalo&#8220; poctiv\u00e9 dv\u011b hodiny. A proto\u017ee n\u011bjak\u00e9 to zdr\u017een\u00ed na ob\u010derstvova\u010dce bylo i v c\u00edlov\u00e9 obci, fin\u00e1ln\u00ed cesta z Ko\u0159ence na Bene\u0161ov ji\u017e byla v \u00fapln\u00e9 tm\u011b a t\u00edm tak trochu adrenalinov\u00e1&#8230; Ale na zku\u0161en\u00e9 MORAVCE je spolehnut\u00ed, po sedmn\u00e1ct\u00e9 hodin\u011b se v\u0161ichni &#8222;st\u00edha\u010di&#8220; vr\u00e1tilo v po\u0159\u00e1dku na mate\u0159skou z\u00e1kladnu. <strong><a href=\"http:\/\/moravecteam.rajce.idnes.cz\/2016.01.03._Turistika_v_okoli_Benesova_po_druhe\/\">Fotogalerie<\/a><\/strong> je z Petrova fo\u0165\u00e1ku.<\/p>\n","protected":false},"excerpt":{"rendered":"<p>Po novoro\u010dn\u00edch prvn\u00edch asi dvaceti kilometrech v sedlech na\u0161ich bicykl\u016f p\u0159i\u0161ly prvn\u00ed ned\u011bli v roce na \u0159adu ty p\u011b\u0161\u00ed, v r\u00e1mci rutinn\u00edho\u00a0tr\u00e9ninku z\u00e1kladn\u00ed vytrvalosti. Po turistice z p\u0159ed t\u00fddne, p\u0159i kter\u00e9 kroky tr\u00e9nuj\u00edc\u00edch vedly ji\u017en\u011b od Bene\u0161ova, p\u0159i\u0161la na \u0159adu trasa v severn\u00edm sm\u011bru od nejv\u00fd\u0161e polo\u017een\u00e9 obce Drahansk\u00e9 vrchoviny, konkr\u00e9tn\u011b byla na\u0161\u00edm c\u00edlem mal\u00e1 &hellip; <a href=\"https:\/\/www.moravecteam.cz\/?p=2970\" class=\"more-link\">Pokra\u010dov\u00e1n\u00ed textu <span class=\"screen-reader-text\">Dal\u0161\u00ed dvac\u00edtka!<\/span> <span class=\"meta-nav\">&rarr;<\/span><\/a><\/p>\n","protected":false},"author":3,"featured_media":2977,"comment_status":"open","ping_status":"closed","sticky":false,"template":"","format":"standard","meta":[],"categories":[9],"tags":[],"_links":{"self":[{"href":"https:\/\/www.moravecteam.cz\/index.php?rest_route=\/wp\/v2\/posts\/2970"}],"collection":[{"href":"https:\/\/www.moravecteam.cz\/index.php?rest_route=\/wp\/v2\/posts"}],"about":[{"href":"https:\/\/www.moravecteam.cz\/index.php?rest_route=\/wp\/v2\/types\/post"}],"author":[{"embeddable":true,"href":"https:\/\/www.moravecteam.cz\/index.php?rest_route=\/wp\/v2\/users\/3"}],"replies":[{"embeddable":true,"href":"https:\/\/www.moravecteam.cz\/index.php?rest_route=%2Fwp%2Fv2%2Fcomments&post=2970"}],"version-history":[{"count":8,"href":"https:\/\/www.moravecteam.cz\/index.php?rest_route=\/wp\/v2\/posts\/2970\/revisions"}],"predecessor-version":[{"id":2981,"href":"https:\/\/www.moravecteam.cz\/index.php?rest_route=\/wp\/v2\/posts\/2970\/revisions\/2981"}],"wp:featuredmedia":[{"embeddable":true,"href":"https:\/\/www.moravecteam.cz\/index.php?rest_route=\/wp\/v2\/media\/2977"}],"wp:attachment":[{"href":"https:\/\/www.moravecteam.cz\/index.php?rest_route=%2Fwp%2Fv2%2Fmedia&parent=2970"}],"wp:term":[{"taxonomy":"category","embeddable":true,"href":"https:\/\/www.moravecteam.cz\/index.php?rest_route=%2Fwp%2Fv2%2Fcategories&post=2970"},{"taxonomy":"post_tag","embeddable":true,"href":"https:\/\/www.moravecteam.cz\/index.php?rest_route=%2Fwp%2Fv2%2Ftags&post=2970"}],"curies":[{"name":"wp","href":"https:\/\/api.w.org\/{rel}","templated":true}]}}