{"id":2982,"date":"2016-01-04T20:15:10","date_gmt":"2016-01-04T19:15:10","guid":{"rendered":"http:\/\/www.moravecteam.cz\/?p=2982"},"modified":"2016-01-09T09:08:39","modified_gmt":"2016-01-09T08:08:39","slug":"co-se-bude-dit-st01","status":"publish","type":"post","link":"https:\/\/www.moravecteam.cz\/?p=2982","title":{"rendered":"Co se bude d\u00edt? (ST01)"},"content":{"rendered":"<h5><span style=\"color: #800000;\">\u00dater\u00fd 5.1. 2016\u00a0<\/span><\/h5>\n<p style=\"text-align: justify;\">V r\u00e1mci prob\u00edhaj\u00edc\u00ed zimn\u00ed p\u0159\u00edpravy &#8211; od 18.00 hodin cvi\u010den\u00ed v t\u011blocvi\u010dn\u011b pro \u00a0MORAVCE &#8211; hlavn\u011b d\u011bti ve v\u011bku do 18 let (mr\u0148ata). . Atletick\u00e1 t\u00edlka V\u00e1m (i sob\u011b) \u00a0 prot\u00e1hne Petr. P\u0159ij\u010fte v hojn\u00e9m po\u010dtu!<\/p>\n<h5><span style=\"color: #800000;\">P\u00e1tek 8.1. 2016\u00a0<\/span><\/h5>\n<p style=\"text-align: justify;\">V r\u00e1mci prob\u00edhaj\u00edc\u00ed zimn\u00ed p\u0159\u00edpravy &#8211; od 18.00 hodin cvi\u010den\u00ed v t\u011blocvi\u010dn\u011b pro v\u0161echny \u00a0MORAVCE, . Atletick\u00e1 t\u00edlka V\u00e1m (i sob\u011b) \u00a0 prot\u00e1hne Iv\u010da Prudkov\u00e1. P\u0159ij\u010fte v hojn\u00e9m po\u010dtu!<\/p>\n<h5><span style=\"color: #800000;\">Sobota 9.1. 2016\u00a0<\/span><\/h5>\n<p style=\"text-align: justify;\">Dal\u0161\u00ed z\u00e1vod Brn\u011bnsk\u00e9ho b\u011b\u017eeck\u00e9ho poh\u00e1ru v Ku\u0159imi &#8211; Ku\u0159imsk\u00fd kros. \u00da\u010dast a dopravu si ka\u017ed\u00fd zaji\u0161\u0165uje s\u00e1m, zde jsou <strong><a href=\"http:\/\/www.atletikauni.cz\/cz\/s1522\/Kalendar-akci\/Seznam-akci\/c2130-Detail-akce\/ata232-BBP-5-Kurimsky-kros\">propozice<\/a><\/strong>.<\/p>\n<h5 style=\"text-align: justify;\"><span style=\"color: #800000;\">Ned\u011ble 10.1. 2016<\/span><\/h5>\n<p style=\"text-align: justify;\">Dal\u0161\u00ed tr\u00e9nink z\u00e1kladn\u00ed vytrvalosti v podob\u011b kondi\u010dn\u00ed turistiky bude u\u017e tuto ned\u011bli, kdy\u017e si vy\u0161l\u00e1pneme tentokr\u00e1t v okol\u00ed Okrouhl\u00e9. Sraz je u Tlamk\u016f (Okrouhl\u00e1 117) v 11.00.<\/p>\n<p style=\"text-align: justify;\">\n<h5 style=\"text-align: justify;\"><\/h5>\n","protected":false},"excerpt":{"rendered":"<p>\u00dater\u00fd 5.1. 2016\u00a0 V r\u00e1mci prob\u00edhaj\u00edc\u00ed zimn\u00ed p\u0159\u00edpravy &#8211; od 18.00 hodin cvi\u010den\u00ed v t\u011blocvi\u010dn\u011b pro \u00a0MORAVCE &#8211; hlavn\u011b d\u011bti ve v\u011bku do 18 let (mr\u0148ata). . Atletick\u00e1 t\u00edlka V\u00e1m (i sob\u011b) \u00a0 prot\u00e1hne Petr. P\u0159ij\u010fte v hojn\u00e9m po\u010dtu! P\u00e1tek 8.1. 2016\u00a0 V r\u00e1mci prob\u00edhaj\u00edc\u00ed zimn\u00ed p\u0159\u00edpravy &#8211; od 18.00 hodin cvi\u010den\u00ed v t\u011blocvi\u010dn\u011b pro &hellip; <a href=\"https:\/\/www.moravecteam.cz\/?p=2982\" class=\"more-link\">Pokra\u010dov\u00e1n\u00ed textu <span class=\"screen-reader-text\">Co se bude d\u00edt? (ST01)<\/span> <span class=\"meta-nav\">&rarr;<\/span><\/a><\/p>\n","protected":false},"author":3,"featured_media":2987,"comment_status":"open","ping_status":"closed","sticky":false,"template":"","format":"standard","meta":[],"categories":[11],"tags":[],"_links":{"self":[{"href":"https:\/\/www.moravecteam.cz\/index.php?rest_route=\/wp\/v2\/posts\/2982"}],"collection":[{"href":"https:\/\/www.moravecteam.cz\/index.php?rest_route=\/wp\/v2\/posts"}],"about":[{"href":"https:\/\/www.moravecteam.cz\/index.php?rest_route=\/wp\/v2\/types\/post"}],"author":[{"embeddable":true,"href":"https:\/\/www.moravecteam.cz\/index.php?rest_route=\/wp\/v2\/users\/3"}],"replies":[{"embeddable":true,"href":"https:\/\/www.moravecteam.cz\/index.php?rest_route=%2Fwp%2Fv2%2Fcomments&post=2982"}],"version-history":[{"count":5,"href":"https:\/\/www.moravecteam.cz\/index.php?rest_route=\/wp\/v2\/posts\/2982\/revisions"}],"predecessor-version":[{"id":3034,"href":"https:\/\/www.moravecteam.cz\/index.php?rest_route=\/wp\/v2\/posts\/2982\/revisions\/3034"}],"wp:featuredmedia":[{"embeddable":true,"href":"https:\/\/www.moravecteam.cz\/index.php?rest_route=\/wp\/v2\/media\/2987"}],"wp:attachment":[{"href":"https:\/\/www.moravecteam.cz\/index.php?rest_route=%2Fwp%2Fv2%2Fmedia&parent=2982"}],"wp:term":[{"taxonomy":"category","embeddable":true,"href":"https:\/\/www.moravecteam.cz\/index.php?rest_route=%2Fwp%2Fv2%2Fcategories&post=2982"},{"taxonomy":"post_tag","embeddable":true,"href":"https:\/\/www.moravecteam.cz\/index.php?rest_route=%2Fwp%2Fv2%2Ftags&post=2982"}],"curies":[{"name":"wp","href":"https:\/\/api.w.org\/{rel}","templated":true}]}}