{"id":3239,"date":"2016-01-31T23:23:20","date_gmt":"2016-01-31T22:23:20","guid":{"rendered":"http:\/\/www.moravecteam.cz\/?p=3239"},"modified":"2016-02-01T21:46:54","modified_gmt":"2016-02-01T20:46:54","slug":"sobotni-krasojizda","status":"publish","type":"post","link":"https:\/\/www.moravecteam.cz\/?p=3239","title":{"rendered":"Sobotn\u00ed krasoj\u00edzda!"},"content":{"rendered":"<p style=\"text-align: justify;\"><span style=\"color: #800000;\"><strong>V po\u0159ad\u00ed \u010dtvrt\u00fd ples cyklist\u016f prob\u011bhl minulou sobotu netradi\u010dn\u011b poprv\u00e9 mimo historick\u00fd objekt bene\u0161ovsk\u00e9 sokolovny. Sokol\u016fm jsme ale z\u00fastali v\u011brni, kdy\u017e n\u00e1s pod svoji st\u0159echu pohostinn\u011b skryla taky Sokolovna, tentokr\u00e1t ta valchovsk\u00e1. A mysl\u00edm, \u017ee se jadnalo o volbu spr\u00e1vnou. Prostorn\u00fd s\u00e1l v \u010detn\u011b z\u00e1zem\u00ed, to oboj\u00ed poskytlo v\u0161em host\u016fm plesu \u00fatuln\u00e9 prost\u0159ed\u00ed a kdy\u017e v\u0161e efektn\u011b podbarvila sv\u00fdm vystoupen\u00edm razantn\u00ed kapela s atraktivn\u00edmi hosty ve\u010dera &#8211; co by \u00fa\u010dinkuj\u00edc\u00edmi, \u00a0soud\u00edm, \u017ee zklaman\u00fd z cyklistick\u00e9ho plesu posledn\u00ed lednovou sobotu r.2016 odch\u00e1zel m\u00e1lo kdo&#8230;<\/strong><\/span><\/p>\n<figure id=\"attachment_3254\" aria-describedby=\"caption-attachment-3254\" style=\"width: 2000px\" class=\"wp-caption alignnone\"><a href=\"http:\/\/www.moravecteam.cz\/?attachment_id=3254\" rel=\"attachment wp-att-3254\"><img decoding=\"async\" loading=\"lazy\" class=\" wp-image-3254\" alt=\"OLYMPUS DIGITAL CAMERA\" src=\"http:\/\/www.moravecteam.cz\/wp-content\/uploads\/2016\/01\/01a.jpg\" width=\"2000\" height=\"1500\" srcset=\"https:\/\/www.moravecteam.cz\/wp-content\/uploads\/2016\/01\/01a.jpg 2000w, https:\/\/www.moravecteam.cz\/wp-content\/uploads\/2016\/01\/01a-300x225.jpg 300w, https:\/\/www.moravecteam.cz\/wp-content\/uploads\/2016\/01\/01a-1024x768.jpg 1024w\" sizes=\"(max-width: 2000px) 100vw, 2000px\" \/><\/a><figcaption id=\"caption-attachment-3254\" class=\"wp-caption-text\">\u017didli\u010dkov\u00e1 &#8222;race&#8220;. Tradi\u010dn\u00ed a s nap\u011bt\u00edm sledovan\u00e1 sout\u011b\u017e pro el\u00e9vy v r\u00e1mci d\u011btsk\u00e9 \u010d\u00e1sti plesu. Letos ji ovl\u00e1dli MORAVCI: vyhr\u00e1la Barunka Tlamkov\u00e1, kter\u00e1 ve fin\u00e1le porazila Maty\u00e1\u0161ka Koudelky.<\/figcaption><\/figure>\n<p style=\"text-align: justify;\">N\u00e1\u0161 ples je vyj\u00edme\u010dn\u00fd a unik\u00e1tn\u00ed z\u00e1rove\u0148 v tom, \u017ee se skl\u00e1d\u00e1 ze dvou \u010d\u00e1st\u00ed: d\u011btsk\u00e9 a dosp\u011bl\u00e9. Tak\u017ee pl\u00e1novan\u011b, u\u017e od 18.00 hodin se s\u00e1l za\u010dal plnit rodi\u010di s d\u011btmi a to p\u0159edev\u0161\u00edm t\u011bmi d\u011btmi, kter\u00e9 se staly laure\u00e1ty medailov\u00fdch um\u00edst\u011bn\u00ed v r\u00e1mci MTB Poh\u00e1ru Drahansk\u00e9 vrchoviny za r. 2015 v po\u0159ad\u00ed OBCE. Vyhl\u00e1sit t\u0159i nejlep\u0161\u00ed z ka\u017ed\u00e9 d\u011btsk\u00e9 kategorie v tomto po\u0159ad\u00ed bylo na programu v z\u00e1v\u011bru t\u00e9to &#8211; hlavn\u011b pro omladinu &#8211; \u010d\u00e1sti podve\u010dera. Ale poj\u010fme po po\u0159\u00e1dku&#8230;<\/p>\n<figure id=\"attachment_3270\" aria-describedby=\"caption-attachment-3270\" style=\"width: 452px\" class=\"wp-caption alignnone\"><a href=\"http:\/\/www.moravecteam.cz\/?attachment_id=3270\" rel=\"attachment wp-att-3270\"><img decoding=\"async\" loading=\"lazy\" class=\"size-full wp-image-3270\" alt=\"OLYMPUS DIGITAL CAMERA\" src=\"http:\/\/www.moravecteam.cz\/wp-content\/uploads\/2016\/01\/021.jpg\" width=\"452\" height=\"577\" srcset=\"https:\/\/www.moravecteam.cz\/wp-content\/uploads\/2016\/01\/021.jpg 452w, https:\/\/www.moravecteam.cz\/wp-content\/uploads\/2016\/01\/021-235x300.jpg 235w\" sizes=\"(max-width: 452px) 100vw, 452px\" \/><\/a><figcaption id=\"caption-attachment-3270\" class=\"wp-caption-text\">Hlavn\u00ed hv\u011bzda ve\u010dera, trojn\u00e1sobn\u00e1 sv\u011btov\u00e1 \u0161ampionka v krasoj\u00edzd\u011b, m\u011bla vd\u011b\u010dn\u00fdm div\u00edk\u016fm v\u011bru co \u0159\u00edci!<\/figcaption><\/figure>\n<p style=\"text-align: justify;\">V\u0161e na \u00favod &#8222;rozpumpovala&#8220; Monika Kone\u010dn\u00e1, kter\u00e1 se spolu se svoj\u00ed kamar\u00e1dkou postarala bezchybn\u011b o program prvn\u00ed poloviny plesu do v\u00fd\u0161e zm\u00edn\u011bn\u00e9ho vyhl\u00e1\u0161en\u00ed \u0161ampi\u00f3n\u016f. Mistrovskou vsuvkou t\u00e9to \u010d\u00e1sti na\u0161\u00ed spole\u010densk\u00e9 akce bylo prvn\u00ed vystoupen\u00ed na pozv\u00e1nk\u00e1ch sl\u00edben\u00e9ho trojn\u00e1sobn\u00e9ho mistra sv\u011bta. Nebyl j\u00edm nikdo men\u0161\u00ed, ne\u017e sv\u011btov\u00e1 \u0161ampionka v krasoj\u00edzd\u011b &#8211; Martina \u0160t\u011bp\u00e1nkov\u00e1! A v\u011b\u0159te, \u017ee u\u017e p\u0159i jej\u00edm prvn\u00edm vystoupen\u00ed se p\u0159\u00edtomn\u00fdm \u00a0z jej\u00edch kousk\u016f na speci\u00e1ln\u00edm krasojezdeck\u00e9m byciklu tajil dech&#8230;<\/p>\n<figure id=\"attachment_3252\" aria-describedby=\"caption-attachment-3252\" style=\"width: 2000px\" class=\"wp-caption alignnone\"><a href=\"http:\/\/www.moravecteam.cz\/?attachment_id=3252\" rel=\"attachment wp-att-3252\"><img decoding=\"async\" loading=\"lazy\" class=\" wp-image-3252\" alt=\"03\" src=\"http:\/\/www.moravecteam.cz\/wp-content\/uploads\/2016\/01\/03.jpg\" width=\"2000\" height=\"1125\" srcset=\"https:\/\/www.moravecteam.cz\/wp-content\/uploads\/2016\/01\/03.jpg 2000w, https:\/\/www.moravecteam.cz\/wp-content\/uploads\/2016\/01\/03-300x168.jpg 300w, https:\/\/www.moravecteam.cz\/wp-content\/uploads\/2016\/01\/03-1024x576.jpg 1024w\" sizes=\"(max-width: 2000px) 100vw, 2000px\" \/><\/a><figcaption id=\"caption-attachment-3252\" class=\"wp-caption-text\">Netradi\u010dn\u00ed, ale l\u00edbiv\u00e9 poh\u00e1ry pro nejlep\u0161\u00ed d\u011bti v MTB PDV 2015 &#8211; po\u0159ad\u00ed OBCE.<\/figcaption><\/figure>\n<p style=\"text-align: justify;\">Kdy\u017e jsme &#8222;rozchodili&#8220; vy\u0161\u0161\u00ed tepovku, kterou n\u00e1m sv\u00fdm grandi\u00f3zn\u00edm vystoupen\u00edm zp\u016fsobila krasojezdkyn\u011b Martina, pokra\u010doval ve\u010der hlavn\u00ed ud\u00e1lost\u00ed jeho d\u011btsk\u00e9 \u010d\u00e1sti: vyhl\u00e1\u0161en\u00edm v\u00edt\u011bz\u016f MTB Poh\u00e1ru Drahansk\u00e9 vrchoviny 2015 v po\u0159ad\u00ed OBCE. Pro nezasv\u011bcen\u00e9 p\u0159ipomenu, \u017ee se jednalo o dekoraci nejlep\u0161\u00edch d\u011bt\u00ed z po\u0159\u00e1daj\u00edc\u00edch obci dnes u\u017e legend\u00e1rn\u00edho MTB seri\u00e1lu, kter\u00fdmi v r. 2015 byli Valchov (3x), Velenov, Ko\u0159enec, Bo\u0159itov, Bene\u0161ov, Okrouhl\u00e1, Bukov\u00e1, Protivanov, Boskovice, \u017d\u010f\u00e1rn\u00e1, a Spe\u0161ov. Oproti lo\u0148sku zeli stupn\u011b v\u00edt\u011bz\u016f pr\u00e1zdnotou jen minim\u00e1ln\u011b. I po\u0159\u00e1daj\u00edc\u00ed obce se v cen\u00e1ch pro nejlep\u0161\u00ed letos vskutku (a\u017e na v\u00fdj\u00edmku) &#8222;pochlapily&#8220; a kdy\u017e v\u0161e dokreslila origin\u00e1ln\u00ed a netradi\u010dn\u00ed forma poh\u00e1ru (z d\u00edlny zru\u010dn\u00e9ho a inovativn\u00edho tv\u00far\u010d\u00edho tandemu Karel V\u0161etula\/Milan Tlamka) &#8211; jako odm\u011bna pro nejlep\u0161\u00ed, mohli jsme s uspokojen\u00edm monitorovat spokojen\u00e9 tv\u00e1\u0159e dekorovan\u00fdch d\u011bt\u00ed. T\u00edm sp\u00ed\u0161e, \u017ee n\u00e1sledn\u011b umocnily pohodi\u010dku mlad\u00fdch cyklist\u016f hodnotn\u00e9 v\u00fdhry v d\u011btsk\u00e9 tombole, kdy hv\u011bzdi\u010dkou slavnostn\u00edho podve\u010dera se stal mladi\u010dk\u00fd Maxim Machek z Boskovic, kter\u00fd nejen \u017ee bral dvojn\u00e1sobnou &#8222;bednu&#8220; v r\u00e1mci MTB PDV 2015, ale stal se i v\u00edt\u011bzem hlavn\u00ed ceny v d\u011btsk\u00e9 tombole (kdy cenou, kterou mladi\u010dk\u00fd Max\u00edk z\u00edskal, byla Hi-Fi v\u011b\u017e(i\u010dka))!<\/p>\n<figure id=\"attachment_3251\" aria-describedby=\"caption-attachment-3251\" style=\"width: 2000px\" class=\"wp-caption alignnone\"><a href=\"http:\/\/www.moravecteam.cz\/?attachment_id=3251\" rel=\"attachment wp-att-3251\"><img decoding=\"async\" loading=\"lazy\" class=\" wp-image-3251\" alt=\"OLYMPUS DIGITAL CAMERA\" src=\"http:\/\/www.moravecteam.cz\/wp-content\/uploads\/2016\/01\/04.jpg\" width=\"2000\" height=\"1500\" srcset=\"https:\/\/www.moravecteam.cz\/wp-content\/uploads\/2016\/01\/04.jpg 2000w, https:\/\/www.moravecteam.cz\/wp-content\/uploads\/2016\/01\/04-300x225.jpg 300w, https:\/\/www.moravecteam.cz\/wp-content\/uploads\/2016\/01\/04-1024x768.jpg 1024w\" sizes=\"(max-width: 2000px) 100vw, 2000px\" \/><\/a><figcaption id=\"caption-attachment-3251\" class=\"wp-caption-text\">Dvo\u0159\u00e1\u010dkovic &#8222;family&#8220; aneb &#8222;Ken\u0165\u00e1ci&#8220; aneb Trio-Kent z Petrovic v r\u00e1mcu slavnostn\u00ed &#8222;race v pln\u00e9 rychlosti&#8220;!<\/figcaption><\/figure>\n<p style=\"text-align: justify;\">Slavnost\u00ed &#8222;mejdlo&#8220; se pak plynule p\u0159eklopilo do t\u00e9 hlavn\u00ed , dosp\u011bl\u00e1ck\u00e9 \u010d\u00e1sti d\u00edk prvn\u00edm &#8222;peck\u00e1m&#8220; kapely TRIO-KENT, kter\u00e1 vyst\u0159\u00eddala do t\u00e9 doby bezchybn\u00e9ho &#8222;d\u00fdd\u017eeje&#8220;, protivanovsk\u00e9ho Lojz\u00edka Kol\u00e1\u0159e. V t\u00e9 dob\u011b jsme velice r\u00e1di p\u0159iv\u00edtali mezi sebou &#8222;Malou Evu&#8220; MORAVCOVOU &#8211; Bartol\u0161icovou s jej\u00edm man\u017eelem V\u00edtkem\u00b4Bartol\u0161icem a s jej\u00ed maminkou &#8222;Velkou&#8220; Evou MORAVCOVOU, kter\u00e1 m\u011bla na Plese cyklist\u016f letos premi\u00e9ru. I jim asi imponovala fanf\u00e1ra Lojz\u00edka Kol\u00e1\u0159a &#8222;We Are The Champions&#8220; p\u0159i vyhla\u0161ov\u00e1n\u00ed v\u00edt\u011bz\u016f MTB PDV v po\u0159ad\u00ed Obce za r.2015&#8230; Lojzovo citliv\u00e9 hudebn\u00ed aran\u017em\u00e1 bralo za srd\u00ed\u010dko&#8230; Bravo Lojzo a d\u00edky moc!<\/p>\n<figure id=\"attachment_3263\" aria-describedby=\"caption-attachment-3263\" style=\"width: 966px\" class=\"wp-caption alignnone\"><a href=\"http:\/\/www.moravecteam.cz\/?attachment_id=3263\" rel=\"attachment wp-att-3263\"><img decoding=\"async\" loading=\"lazy\" class=\" wp-image-3263\" alt=\"DSCN6353\" src=\"http:\/\/www.moravecteam.cz\/wp-content\/uploads\/2016\/01\/DSCN6353.jpg\" width=\"966\" height=\"1024\" srcset=\"https:\/\/www.moravecteam.cz\/wp-content\/uploads\/2016\/01\/DSCN6353.jpg 966w, https:\/\/www.moravecteam.cz\/wp-content\/uploads\/2016\/01\/DSCN6353-283x300.jpg 283w\" sizes=\"(max-width: 966px) 100vw, 966px\" \/><\/a><figcaption id=\"caption-attachment-3263\" class=\"wp-caption-text\">Pomysln\u00e9ho &#8222;p\u0159edskokana&#8220; (bezchybn\u00e9ho), ud\u011blal &#8222;Ken\u0165\u00e1k\u016fm&#8220; nejen DJ, ale p\u0159edev\u0161\u00edm skv\u011bl\u00fd muzikant s \u0161irok\u00fdm hudebn\u00edm obzorem &#8211; Alois Kol\u00e1\u0159!<\/figcaption><\/figure>\n<p style=\"text-align: justify;\">Kr\u00e1tce po dvaadvac\u00e1t\u00e9 hodin\u011b n\u00e1m podruh\u00e9 v pr\u016fb\u011bhu ve\u010dera zvedla adrenalin a tepovku z\u00e1rove\u0148 \u0161ampionka v cyklistick\u00e9 krasoj\u00edzd\u011b, Martina \u0160t\u011bp\u00e1nkov\u00e1&#8230; Je\u0161t\u011b p\u0159ed t\u00edm od n\u00ed Petr v kr\u00e1tk\u00e9m rozhovoru vyzjistil, \u017ee krom\u011b t\u0159\u00ed titul\u016f \u017eensk\u00e9 sv\u011btov\u00e9 \u0161ampionky je Martina \u0161estn\u00e1ctin\u00e1sobnou Mistrin\u00ed \u010cR v t\u00e9to discipl\u00edn\u011b! Discipl\u00edn\u011b, ve kter\u00e9 je snouben\u00ed gymnastick\u00e9ho kum\u0161tu s citem pro kolo hlavn\u00ed podm\u00ednkou&#8230; \u017de pr\u00e1v\u011b tohoto spojen\u00ed je Martina mistrin\u00ed, n\u00e1m p\u0159edvedla p\u0159i sv\u00e9m &#8211; op\u011bt dech berouc\u00edm &#8211; druh\u00e9m vystoupen\u00ed v r\u00e1mci slavnostn\u00edho Plesu cyklist\u016f. Brvo Martino, a taky d\u00edky moc!<\/p>\n<figure id=\"attachment_3249\" aria-describedby=\"caption-attachment-3249\" style=\"width: 2000px\" class=\"wp-caption alignnone\"><a href=\"http:\/\/www.moravecteam.cz\/?attachment_id=3249\" rel=\"attachment wp-att-3249\"><img decoding=\"async\" loading=\"lazy\" class=\" wp-image-3249\" alt=\"OLYMPUS DIGITAL CAMERA\" src=\"http:\/\/www.moravecteam.cz\/wp-content\/uploads\/2016\/01\/061.jpg\" width=\"2000\" height=\"1500\" srcset=\"https:\/\/www.moravecteam.cz\/wp-content\/uploads\/2016\/01\/061.jpg 2000w, https:\/\/www.moravecteam.cz\/wp-content\/uploads\/2016\/01\/061-300x225.jpg 300w, https:\/\/www.moravecteam.cz\/wp-content\/uploads\/2016\/01\/061-1024x768.jpg 1024w\" sizes=\"(max-width: 2000px) 100vw, 2000px\" \/><\/a><figcaption id=\"caption-attachment-3249\" class=\"wp-caption-text\">Komu \u010dest, tomu \u010dest! Prvn\u00edho Cyklo-Oskara z\u00edskala po z\u00e1sluze m\u00edstostarostka Boskovic &#8211; Miroslava V\u00edtkov\u00e1!<\/figcaption><\/figure>\n<p style=\"text-align: justify;\">Druh\u00e9 \u010d\u00edslo \u0161ampionky stihla shl\u00e9dnout i dal\u0161\u00ed celebrita plesu, na\u0161e kamar\u00e1dka, m\u00edstostarostka Boskovic, Mirka V\u00edtkov\u00e1. Mo\u017en\u00e1 jsme ji tro\u0161ku zasko\u010dili t\u00edm, \u017ee jsme ji p\u0159i t\u00e9to slavnostn\u00ed p\u0159\u00edle\u017eitosti ud\u011blili &#8211; od srdce a zcela po z\u00e1sluze &#8211; presti\u017en\u00ed odd\u00edlovou cenu &#8211; CYKLO-OSKARA &#8211; za jej\u00ed p\u0159\u00ednos pro region\u00e1ln\u00edho sportu a cyklistiky zvl\u00e1\u0161\u0165! \u017de je Mirka &#8222;na\u0161e&#8220;, potvrzuje n\u00e1m svoj\u00ed\u00a0nezi\u0161tnou podporou a pomoc\u00ed u\u017e l\u00e9ta a v r\u00e1mci slavnostn\u00edho ve\u010dera to znovu dok\u00e1zala \u00a0za\u0159\u00edzen\u00edm \u0161esti velmi hodnotn\u00fdch cen pro v\u00fd\u0161e zmi\u0148ovan\u00e9 vyhl\u00e1\u0161en\u00ed nejlep\u0161\u00edch biker\u016f v po\u0159ad\u00ed OBCE , katergorie odr\u00e1\u017eedel. I v t\u00e9to souvislosti se samoz\u0159ejm\u011b slu\u0161\u00ed \u0159\u00edci pochvaln\u00e9: Mirko bravo a d\u00edky!<\/p>\n<figure id=\"attachment_3250\" aria-describedby=\"caption-attachment-3250\" style=\"width: 1525px\" class=\"wp-caption alignnone\"><a href=\"http:\/\/www.moravecteam.cz\/?attachment_id=3250\" rel=\"attachment wp-att-3250\"><img decoding=\"async\" loading=\"lazy\" class=\" wp-image-3250\" alt=\"OLYMPUS DIGITAL CAMERA\" src=\"http:\/\/www.moravecteam.cz\/wp-content\/uploads\/2016\/01\/05.jpg\" width=\"1525\" height=\"846\" srcset=\"https:\/\/www.moravecteam.cz\/wp-content\/uploads\/2016\/01\/05.jpg 1525w, https:\/\/www.moravecteam.cz\/wp-content\/uploads\/2016\/01\/05-300x166.jpg 300w, https:\/\/www.moravecteam.cz\/wp-content\/uploads\/2016\/01\/05-1024x568.jpg 1024w, https:\/\/www.moravecteam.cz\/wp-content\/uploads\/2016\/01\/05-672x372.jpg 672w, https:\/\/www.moravecteam.cz\/wp-content\/uploads\/2016\/01\/05-1038x576.jpg 1038w\" sizes=\"(max-width: 1525px) 100vw, 1525px\" \/><\/a><figcaption id=\"caption-attachment-3250\" class=\"wp-caption-text\">Tanec: ide\u00e1ln\u00ed dopln\u011bk pro bikery v r\u00e1mci zimn\u00ed p\u0159\u00edpravy!<\/figcaption><\/figure>\n<p style=\"text-align: justify;\">Doba p\u0159edp\u016flno\u010dn\u00ed byla v r\u00e1mci plesu nejen ve znamen\u00ed tane\u010dn\u00edch chytlav\u00fdch kousk\u016f &#8222;Ken\u0165\u00e1k\u016f&#8220;, ale svoje \u010d\u00edslo pl\u00e1novan\u011b p\u0159edvedla i orient\u00e1ln\u00ed tane\u010dnice Pella. Jej\u00ed vystoupen\u00ed se sest\u00e1valo ze dvou &#8222;polo\u010das\u016f&#8220;, p\u0159i\u010dem\u017e oba byly prolo\u017eeny ohniv\u00fdmi efekty&#8230; Zvl\u00e1\u0161t\u011b v druh\u00e9m &#8222;polo\u010dasu&#8220; jsme se z hlediska po\u017e\u00e1rn\u00ed bezpe\u010dnosti tak trochu b\u00e1li&#8230; Ale tane\u010dnice &#8222;Pella&#8220; -Petra Langerov\u00e1 ze Svitav &#8211; jak pozd\u011bji p\u0159i improvizova\u00e9m, kr\u00e1tk\u00e9m rozhovoru s n\u00ed zjistil Petr, je veskrze profesion\u00e1lka a p\u0159i sv\u00fdch mnoha\u010detn\u00fdch vystoupen\u00edch je\u0161t\u011b \u017e\u00e1dn\u00fd s\u00e1l ani Sokolovnu nepodp\u00e1lila&#8230; Tak\u017ee k losov\u00e1n\u00ed hlavn\u00ed tomboly jsme se p\u0159es ve\u0161ker\u00e9 tane\u010dn\u00ed aktivity v\u010detn\u011b t\u011bch oh\u0148ovo-orient\u00e1ln\u00edch, &#8222;prost\u0159\u00edleli&#8220; beze ztr\u00e1t&#8230;<\/p>\n<figure id=\"attachment_3247\" aria-describedby=\"caption-attachment-3247\" style=\"width: 1966px\" class=\"wp-caption alignnone\"><a href=\"http:\/\/www.moravecteam.cz\/?attachment_id=3247\" rel=\"attachment wp-att-3247\"><img decoding=\"async\" loading=\"lazy\" class=\" wp-image-3247\" alt=\"OLYMPUS DIGITAL CAMERA\" src=\"http:\/\/www.moravecteam.cz\/wp-content\/uploads\/2016\/01\/07.jpg\" width=\"1966\" height=\"850\" srcset=\"https:\/\/www.moravecteam.cz\/wp-content\/uploads\/2016\/01\/07.jpg 1966w, https:\/\/www.moravecteam.cz\/wp-content\/uploads\/2016\/01\/07-300x129.jpg 300w, https:\/\/www.moravecteam.cz\/wp-content\/uploads\/2016\/01\/07-1024x442.jpg 1024w\" sizes=\"(max-width: 1966px) 100vw, 1966px\" \/><\/a><figcaption id=\"caption-attachment-3247\" class=\"wp-caption-text\">Tane\u010dn\u00ed sekvence v r\u00e1mci ve\u010dera nezanedb\u00e1vala ani p\u0159edsedkyn\u011b na\u0161eho FAN-Klubu, Maru\u0161ka Zouharov\u00e1!<\/figcaption><\/figure>\n<p style=\"text-align: justify;\">Opravdu to zpo\u010d\u00e1tku vypadalo, \u017ee MORAVEC m\u00e1 hlavn\u00ed tombolu &#8222;cinklou&#8220;&#8230; Ale proto\u017ee losuj\u00edc\u00edm nebyla nikdo jin\u00e1, ne\u017e z lo\u0148ska osv\u011bd\u010den\u00e1 p\u0159edsedkyn\u011b na\u0161eho FAN klubu, Maru\u0161ka Zouharov\u00e1, dovol\u00edm si touto cestou jej\u00edm jm\u00e9nem garantovat objektivnost v r\u00e1mci ve\u010dera ost\u0159e sledovan\u00e9 v\u00fdhern\u00ed sout\u011b\u017ee. \u017de d\u011btsk\u00e9 kolo, hlavn\u00ed cenu tomboly, vahr\u00e1la Ani\u010dka Zem\u00e1nkov\u00e1, je tak trochu napln\u011bn\u00edm p\u0159\u00edslov\u00ed o &#8222;no\u0161en\u00ed d\u0159\u00edv\u00ed do lesa&#8220;. Ale i Ani\u010dka bude jednou \u017eenou &#8211; matkou a kolo z tomboly cyklistick\u00e9ho plesu 2016 se pro jej\u00ed d\u011bti bude &#8222;ur\u010do&#8220; hodit!<\/p>\n<figure id=\"attachment_3269\" aria-describedby=\"caption-attachment-3269\" style=\"width: 1432px\" class=\"wp-caption alignnone\"><a href=\"http:\/\/www.moravecteam.cz\/?attachment_id=3269\" rel=\"attachment wp-att-3269\"><img decoding=\"async\" loading=\"lazy\" class=\" wp-image-3269\" alt=\"OLYMPUS DIGITAL CAMERA\" src=\"http:\/\/www.moravecteam.cz\/wp-content\/uploads\/2016\/01\/P1310543_1.jpg\" width=\"1432\" height=\"1141\" srcset=\"https:\/\/www.moravecteam.cz\/wp-content\/uploads\/2016\/01\/P1310543_1.jpg 1432w, https:\/\/www.moravecteam.cz\/wp-content\/uploads\/2016\/01\/P1310543_1-300x239.jpg 300w, https:\/\/www.moravecteam.cz\/wp-content\/uploads\/2016\/01\/P1310543_1-1024x815.jpg 1024w\" sizes=\"(max-width: 1432px) 100vw, 1432px\" \/><\/a><figcaption id=\"caption-attachment-3269\" class=\"wp-caption-text\">Cyklistick\u00fd B\u016fh se s hlavn\u00ed v\u00fdhrou strefil a nasm\u011b\u0159oval ji do veskrze do cyklistick\u00e9 rodiny!<\/figcaption><\/figure>\n<p style=\"text-align: justify;\">N\u00e1sledn\u011b &#8222;Ken\u0165\u00e1ci&#8220; d\u00e1l pokra\u010dovali ve sv\u00e9 odu\u0161evn\u011bl\u00e9, hluboko pop\u016flno\u010dn\u00ed, hudebn\u00ed produkci i po vylosov\u00e1n\u00ed hlavn\u00ed tomboly, tak\u017ee jak u\u017e se stalo tradic\u00ed, trsali jsme (alespo\u0148 Ti skute\u010dn\u011b a v pravd\u011b vytrval\u00ed) a\u017e skoro do rann\u00edho kurop\u011bn\u00ed&#8230; Zde je <strong><a href=\"http:\/\/moravecteam.rajce.idnes.cz\/2016.01._30._Ples_cyklistu_Valchov\/\">fotogalerie<\/a><\/strong> a jsou to fotky hlavn\u011b Mirka Maz\u00e1nka (nev\u00edm pro\u010d na nich nen\u00ed zachyceno vystoupen\u00ed Martiny Mikul\u00e1\u0161kov\u00e9 ani tane\u010dnice Pelly. Ale vysv\u011btlen\u00ed se nab\u00edz\u00ed: Mirka \u00a0kum\u0161t obou borek asi natolik rozechv\u011bl, \u017ee pravd\u011bpodobn\u011b nebyl s to ani stisknout spou\u0161\u0165 sv\u00e9ho fo\u0165\u00e1ku&#8230; Nediv\u00edm se mu a ch\u00e1pu to&#8230; Taky jsem si p\u0159i zmi\u0148ovan\u00fdch \u010d\u00edslech sp\u00ed\u0161e kousal nehty&#8230; Tak dobr\u00e9 minulou sobotu ve\u010der ve Valchov\u011b na plese cyklist\u016f Martina \u00a0s Pellou byly&#8230;).<\/p>\n","protected":false},"excerpt":{"rendered":"<p>V po\u0159ad\u00ed \u010dtvrt\u00fd ples cyklist\u016f prob\u011bhl minulou sobotu netradi\u010dn\u011b poprv\u00e9 mimo historick\u00fd objekt bene\u0161ovsk\u00e9 sokolovny. Sokol\u016fm jsme ale z\u00fastali v\u011brni, kdy\u017e n\u00e1s pod svoji st\u0159echu pohostinn\u011b skryla taky Sokolovna, tentokr\u00e1t ta valchovsk\u00e1. A mysl\u00edm, \u017ee se jadnalo o volbu spr\u00e1vnou. Prostorn\u00fd s\u00e1l v \u010detn\u011b z\u00e1zem\u00ed, to oboj\u00ed poskytlo v\u0161em host\u016fm plesu \u00fatuln\u00e9 prost\u0159ed\u00ed a kdy\u017e &hellip; <a href=\"https:\/\/www.moravecteam.cz\/?p=3239\" class=\"more-link\">Pokra\u010dov\u00e1n\u00ed textu <span class=\"screen-reader-text\">Sobotn\u00ed krasoj\u00edzda!<\/span> <span class=\"meta-nav\">&rarr;<\/span><\/a><\/p>\n","protected":false},"author":3,"featured_media":3244,"comment_status":"open","ping_status":"closed","sticky":false,"template":"","format":"standard","meta":[],"categories":[13],"tags":[],"_links":{"self":[{"href":"https:\/\/www.moravecteam.cz\/index.php?rest_route=\/wp\/v2\/posts\/3239"}],"collection":[{"href":"https:\/\/www.moravecteam.cz\/index.php?rest_route=\/wp\/v2\/posts"}],"about":[{"href":"https:\/\/www.moravecteam.cz\/index.php?rest_route=\/wp\/v2\/types\/post"}],"author":[{"embeddable":true,"href":"https:\/\/www.moravecteam.cz\/index.php?rest_route=\/wp\/v2\/users\/3"}],"replies":[{"embeddable":true,"href":"https:\/\/www.moravecteam.cz\/index.php?rest_route=%2Fwp%2Fv2%2Fcomments&post=3239"}],"version-history":[{"count":14,"href":"https:\/\/www.moravecteam.cz\/index.php?rest_route=\/wp\/v2\/posts\/3239\/revisions"}],"predecessor-version":[{"id":3283,"href":"https:\/\/www.moravecteam.cz\/index.php?rest_route=\/wp\/v2\/posts\/3239\/revisions\/3283"}],"wp:featuredmedia":[{"embeddable":true,"href":"https:\/\/www.moravecteam.cz\/index.php?rest_route=\/wp\/v2\/media\/3244"}],"wp:attachment":[{"href":"https:\/\/www.moravecteam.cz\/index.php?rest_route=%2Fwp%2Fv2%2Fmedia&parent=3239"}],"wp:term":[{"taxonomy":"category","embeddable":true,"href":"https:\/\/www.moravecteam.cz\/index.php?rest_route=%2Fwp%2Fv2%2Fcategories&post=3239"},{"taxonomy":"post_tag","embeddable":true,"href":"https:\/\/www.moravecteam.cz\/index.php?rest_route=%2Fwp%2Fv2%2Ftags&post=3239"}],"curies":[{"name":"wp","href":"https:\/\/api.w.org\/{rel}","templated":true}]}}