{"id":3275,"date":"2016-02-01T18:00:29","date_gmt":"2016-02-01T17:00:29","guid":{"rendered":"http:\/\/www.moravecteam.cz\/?p=3275"},"modified":"2016-02-03T00:06:30","modified_gmt":"2016-02-02T23:06:30","slug":"co-se-bude-dit-st05","status":"publish","type":"post","link":"https:\/\/www.moravecteam.cz\/?p=3275","title":{"rendered":"Co se bude d\u00edt? (ST05)"},"content":{"rendered":"<h5><span style=\"color: #800000;\">\u00dater\u00fd 2.2. 2016<\/span><\/h5>\n<p style=\"text-align: justify;\">V r\u00e1mci prob\u00edhaj\u00edc\u00ed zimn\u00ed p\u0159\u00edpravy \u2013 od 18.00 hodin cvi\u010den\u00ed v t\u011blocvi\u010dn\u011b pro \u00a0MORAVCE \u2013 hlavn\u011b d\u011bti ve v\u011bku do 18 let (mr\u0148ata)&#8230; Atletick\u00e1 t\u00edlka V\u00e1m (i sob\u011b) \u00a0 prot\u00e1hne Petr. P\u0159ij\u010fte v hojn\u00e9m po\u010dtu!<\/p>\n<h5><span style=\"color: #800000;\">P\u00e1tek 5.2. 2016\u00a0<\/span><\/h5>\n<p style=\"text-align: justify;\">V r\u00e1mci prob\u00edhaj\u00edc\u00ed zimn\u00ed p\u0159\u00edpravy &#8211; od 18.00 hodin cvi\u010den\u00ed v bene\u0161ovsk\u00e9 t\u011blocvi\u010dn\u011b pro v\u0161echny \u00a0MORAVCE. \u00a0Va\u0161e bezesporu atletick\u00e1 t\u00edlka V\u00e1m (i sob\u011b) \u00a0 prot\u00e1hnu mimo\u0159\u00e1dn\u011b op\u011bt j\u00e1 ve spolupr\u00e1ci s \u00a0&#8222;malou&#8220; Evou Zem\u00e1nkovou. P\u0159ij\u010fte v hojn\u00e9m po\u010dtu, i z toho d\u016fvodu, proto\u017ee <strong><span style=\"text-decoration: underline; color: #800000;\">v r\u00e1mci p\u00e1te\u010dn\u00edho cvi\u010den\u00ed se budou zkou\u0161et z\u00e1vodn\u00ed dresy MORAVEC Team &#8211; vzor 2016!<\/span><\/strong><\/p>\n<h5 style=\"text-align: justify;\"><span style=\"color: #800000;\">Sobota 6.2. 2016<\/span><\/h5>\n<p style=\"text-align: justify;\">Plav\u00e1n\u00ed v boskovick\u00fdch l\u00e1zn\u00edch. Tentokr\u00e1t se vln\u00e1m odd\u00e1me o p\u016fl hodiny d\u00e9le, rezervace je pro n\u00e1\u0161 odd\u00edl od 13.30 hodin do 15.00 hodin. P\u0159ij\u010fte si zaplavat v hojn\u00e9m po\u010dtu. D\u011btem vstupn\u00e9 op\u011bt zaplat\u00ed odd\u00edl, od dosp\u011bl\u00fdch vybereme za vstup 50.- K\u010d. Nezapome\u0148te si vz\u00edt drobnou desetikorunu na sk\u0159\u00ed\u0148ku v \u0161atn\u011b!<\/p>\n","protected":false},"excerpt":{"rendered":"<p>\u00dater\u00fd 2.2. 2016 V r\u00e1mci prob\u00edhaj\u00edc\u00ed zimn\u00ed p\u0159\u00edpravy \u2013 od 18.00 hodin cvi\u010den\u00ed v t\u011blocvi\u010dn\u011b pro \u00a0MORAVCE \u2013 hlavn\u011b d\u011bti ve v\u011bku do 18 let (mr\u0148ata)&#8230; Atletick\u00e1 t\u00edlka V\u00e1m (i sob\u011b) \u00a0 prot\u00e1hne Petr. P\u0159ij\u010fte v hojn\u00e9m po\u010dtu! P\u00e1tek 5.2. 2016\u00a0 V r\u00e1mci prob\u00edhaj\u00edc\u00ed zimn\u00ed p\u0159\u00edpravy &#8211; od 18.00 hodin cvi\u010den\u00ed v bene\u0161ovsk\u00e9 t\u011blocvi\u010dn\u011b pro &hellip; <a href=\"https:\/\/www.moravecteam.cz\/?p=3275\" class=\"more-link\">Pokra\u010dov\u00e1n\u00ed textu <span class=\"screen-reader-text\">Co se bude d\u00edt? (ST05)<\/span> <span class=\"meta-nav\">&rarr;<\/span><\/a><\/p>\n","protected":false},"author":3,"featured_media":3278,"comment_status":"open","ping_status":"closed","sticky":false,"template":"","format":"standard","meta":[],"categories":[11],"tags":[],"_links":{"self":[{"href":"https:\/\/www.moravecteam.cz\/index.php?rest_route=\/wp\/v2\/posts\/3275"}],"collection":[{"href":"https:\/\/www.moravecteam.cz\/index.php?rest_route=\/wp\/v2\/posts"}],"about":[{"href":"https:\/\/www.moravecteam.cz\/index.php?rest_route=\/wp\/v2\/types\/post"}],"author":[{"embeddable":true,"href":"https:\/\/www.moravecteam.cz\/index.php?rest_route=\/wp\/v2\/users\/3"}],"replies":[{"embeddable":true,"href":"https:\/\/www.moravecteam.cz\/index.php?rest_route=%2Fwp%2Fv2%2Fcomments&post=3275"}],"version-history":[{"count":6,"href":"https:\/\/www.moravecteam.cz\/index.php?rest_route=\/wp\/v2\/posts\/3275\/revisions"}],"predecessor-version":[{"id":3313,"href":"https:\/\/www.moravecteam.cz\/index.php?rest_route=\/wp\/v2\/posts\/3275\/revisions\/3313"}],"wp:featuredmedia":[{"embeddable":true,"href":"https:\/\/www.moravecteam.cz\/index.php?rest_route=\/wp\/v2\/media\/3278"}],"wp:attachment":[{"href":"https:\/\/www.moravecteam.cz\/index.php?rest_route=%2Fwp%2Fv2%2Fmedia&parent=3275"}],"wp:term":[{"taxonomy":"category","embeddable":true,"href":"https:\/\/www.moravecteam.cz\/index.php?rest_route=%2Fwp%2Fv2%2Fcategories&post=3275"},{"taxonomy":"post_tag","embeddable":true,"href":"https:\/\/www.moravecteam.cz\/index.php?rest_route=%2Fwp%2Fv2%2Ftags&post=3275"}],"curies":[{"name":"wp","href":"https:\/\/api.w.org\/{rel}","templated":true}]}}