{"id":3314,"date":"2016-02-06T09:05:40","date_gmt":"2016-02-06T08:05:40","guid":{"rendered":"http:\/\/www.moravecteam.cz\/?p=3314"},"modified":"2016-02-06T20:27:34","modified_gmt":"2016-02-06T19:27:34","slug":"v-patek-redukovane","status":"publish","type":"post","link":"https:\/\/www.moravecteam.cz\/?p=3314","title":{"rendered":"V p\u00e1tek redukovan\u011b&#8230;"},"content":{"rendered":"<p style=\"text-align: justify;\"><span style=\"color: #800000;\"><strong>P\u00e1te\u010dn\u00ed kondi\u010dn\u00ed tr\u00e9nink v r\u00e1mci zimn\u00ed p\u0159\u00edpravy byl v n\u011bkolika skute\u010dnostech v\u00fdjime\u010dn\u00fd. P\u0159edev\u0161\u00edm v\u00fdjime\u010dn\u011b chyb\u011bla tradi\u010dn\u00ed fenomen\u00e1ln\u00ed cvi\u010ditelka &#8211; Iv\u010da Prudkov\u00e1. Tak\u00e9 mil\u00ed host\u00e9 (kte\u0159\u00ed v leto\u0161n\u00edm roce u\u017e ale \u00a0nebudou jen pouh\u00fdmi hosty), byli v\u00fdjime\u010dnou ozdobou p\u00e1te\u010dn\u00edho podve\u010dera v bene\u0161ovsk\u00e9 t\u011blocvi\u010dn\u011b. \u00a0\u017de jsme dresy na novou sez\u00f3nu zkou\u0161ely u\u017e v prvn\u00edm \u00fanorov\u00e9m t\u00fddnu, bylo tak\u00e9 po\u010dinem &#8211; oproti minul\u00fdm let\u016fm &#8211; pozitivn\u011b v\u00fdjime\u010dn\u00fdm. Cvi\u010dko v\u0161ak m\u011blo ve sv\u00e9 druh\u00e9 polovin\u011b i nep\u0159\u00edjemn\u00fd st\u00edn&#8230;<\/strong><\/span><\/p>\n<figure id=\"attachment_3320\" aria-describedby=\"caption-attachment-3320\" style=\"width: 4199px\" class=\"wp-caption alignnone\"><a href=\"http:\/\/www.moravecteam.cz\/?attachment_id=3320\" rel=\"attachment wp-att-3320\"><img decoding=\"async\" loading=\"lazy\" class=\" wp-image-3320\" alt=\"DSCN6431\" src=\"http:\/\/www.moravecteam.cz\/wp-content\/uploads\/2016\/02\/DSCN6431.jpg\" width=\"4199\" height=\"1955\" srcset=\"https:\/\/www.moravecteam.cz\/wp-content\/uploads\/2016\/02\/DSCN6431.jpg 4199w, https:\/\/www.moravecteam.cz\/wp-content\/uploads\/2016\/02\/DSCN6431-300x139.jpg 300w, https:\/\/www.moravecteam.cz\/wp-content\/uploads\/2016\/02\/DSCN6431-1024x476.jpg 1024w\" sizes=\"(max-width: 4199px) 100vw, 4199px\" \/><\/a><figcaption id=\"caption-attachment-3320\" class=\"wp-caption-text\">Omladina nem\u011bla probl\u00e9m dr\u017eet s p\u0159edcvi\u010duj\u00edc\u00ed &#8222;Starou Stanovou K\u016f\u017e\u00ed&#8220; krok&#8230;<\/figcaption><\/figure>\n<p style=\"text-align: justify;\">Poj\u010fme tedy chronologicky popsat ud\u00e1losti na\u0161\u00ed posledn\u00ed tr\u00e9ninkov\u00e9 d\u00e1vky. Ivana Prudkov\u00e1 chyb\u011bla proto, \u017ee se v ten den spolu se sv\u00fdm legitimn\u00edm man\u017eelem a na\u0161\u00edm &#8222;head&#8220; tren\u00e9rem, V\u00ed\u0165ou Prudkem, pustila do docela riskantn\u00edho horolezeck\u00e9ho podniku: zdolat nejvy\u0161\u0161\u00ed horu Moravy prvov\u00fdstupem &#8211; severo-severov\u00fdchodn\u00ed st\u011bnou. \u00a0Jak to dopadlo, omrkn\u011bte n\u00ed\u017ee v mini fotogalerii. \u017de si do na\u0161ich \u0159ad na\u0161li cestu dal\u0161\u00ed TOP mlad\u00ed rajd\u0159i z regionu, n\u00e1s samoz\u0159ejm\u011b t\u011b\u0161\u00ed. Haasovi z Blanska i \u0160indel\u00e1\u0159ovi z \u0160ebrova &#8211; Sv. Kate\u0159iny byli ji\u017e \u00fa\u010dastni na\u0161\u00ed p\u00e1te\u010dn\u00ed p\u0159\u00edpravy, by\u0165 Haasovi zat\u00edm &#8211; z d\u016fvodu rekonvalescence v r\u00e1mci lehk\u00e9ho nachlazen\u00ed &#8211; pouze pasivn\u011b. Posil pro sez\u00f3nu 2016 je tolik, \u017ee jejich p\u0159edstaven\u00ed budeme muset v\u011bnovat samostatn\u00fd \u010dl\u00e1nek..!! T\u00edm v \u00favodn\u00edku k tomuto \u010dl\u00e1nku zm\u00edn\u011bn\u00fdm st\u00ednem bylo ne\u0161\u0165astn\u00e9 zran\u011bn\u00ed lev\u00e9ho kotn\u00edku, kter\u00e9 si na \u00favod z\u00e1vodu \u0161tafet p\u0159ivodila Monika. Proto\u017ee kotn\u00edk Mon\u010du bolel tak, \u017ee n\u011bj nemohla do\u0161l\u00e1pnout, a proto\u017ee se na n\u00e1s p\u016fl hodiny p\u0159ed dvac\u00e1tou &#8222;dob\u00fdvali&#8220; taky pohybuchtiv\u00ed m\u00edstn\u00ed fotbalist\u00e9, zavelel Petr k p\u0159ed\u010dasn\u00e9mu ukon\u010den\u00ed tr\u00e9ninku. L\u00e9ka\u0159sk\u00e9 ov\u011b\u0159en\u00ed stavu zran\u011bn\u00e9ho kotn\u00edku Moniky v boskovick\u00e9 nemocnici na\u0161t\u011bst\u00ed potvrdilo, \u017ee se jedn\u00e1 pouze o jeho podvrktnut\u00ed&#8230;<\/p>\n<p style=\"text-align: justify;\">\n","protected":false},"excerpt":{"rendered":"<p>P\u00e1te\u010dn\u00ed kondi\u010dn\u00ed tr\u00e9nink v r\u00e1mci zimn\u00ed p\u0159\u00edpravy byl v n\u011bkolika skute\u010dnostech v\u00fdjime\u010dn\u00fd. P\u0159edev\u0161\u00edm v\u00fdjime\u010dn\u011b chyb\u011bla tradi\u010dn\u00ed fenomen\u00e1ln\u00ed cvi\u010ditelka &#8211; Iv\u010da Prudkov\u00e1. Tak\u00e9 mil\u00ed host\u00e9 (kte\u0159\u00ed v leto\u0161n\u00edm roce u\u017e ale \u00a0nebudou jen pouh\u00fdmi hosty), byli v\u00fdjime\u010dnou ozdobou p\u00e1te\u010dn\u00edho podve\u010dera v bene\u0161ovsk\u00e9 t\u011blocvi\u010dn\u011b. \u00a0\u017de jsme dresy na novou sez\u00f3nu zkou\u0161ely u\u017e v prvn\u00edm \u00fanorov\u00e9m t\u00fddnu, bylo &hellip; <a href=\"https:\/\/www.moravecteam.cz\/?p=3314\" class=\"more-link\">Pokra\u010dov\u00e1n\u00ed textu <span class=\"screen-reader-text\">V p\u00e1tek redukovan\u011b&#8230;<\/span> <span class=\"meta-nav\">&rarr;<\/span><\/a><\/p>\n","protected":false},"author":3,"featured_media":3318,"comment_status":"open","ping_status":"closed","sticky":false,"template":"","format":"standard","meta":[],"categories":[9],"tags":[],"_links":{"self":[{"href":"https:\/\/www.moravecteam.cz\/index.php?rest_route=\/wp\/v2\/posts\/3314"}],"collection":[{"href":"https:\/\/www.moravecteam.cz\/index.php?rest_route=\/wp\/v2\/posts"}],"about":[{"href":"https:\/\/www.moravecteam.cz\/index.php?rest_route=\/wp\/v2\/types\/post"}],"author":[{"embeddable":true,"href":"https:\/\/www.moravecteam.cz\/index.php?rest_route=\/wp\/v2\/users\/3"}],"replies":[{"embeddable":true,"href":"https:\/\/www.moravecteam.cz\/index.php?rest_route=%2Fwp%2Fv2%2Fcomments&post=3314"}],"version-history":[{"count":6,"href":"https:\/\/www.moravecteam.cz\/index.php?rest_route=\/wp\/v2\/posts\/3314\/revisions"}],"predecessor-version":[{"id":3324,"href":"https:\/\/www.moravecteam.cz\/index.php?rest_route=\/wp\/v2\/posts\/3314\/revisions\/3324"}],"wp:featuredmedia":[{"embeddable":true,"href":"https:\/\/www.moravecteam.cz\/index.php?rest_route=\/wp\/v2\/media\/3318"}],"wp:attachment":[{"href":"https:\/\/www.moravecteam.cz\/index.php?rest_route=%2Fwp%2Fv2%2Fmedia&parent=3314"}],"wp:term":[{"taxonomy":"category","embeddable":true,"href":"https:\/\/www.moravecteam.cz\/index.php?rest_route=%2Fwp%2Fv2%2Fcategories&post=3314"},{"taxonomy":"post_tag","embeddable":true,"href":"https:\/\/www.moravecteam.cz\/index.php?rest_route=%2Fwp%2Fv2%2Ftags&post=3314"}],"curies":[{"name":"wp","href":"https:\/\/api.w.org\/{rel}","templated":true}]}}