{"id":3494,"date":"2016-02-23T22:47:28","date_gmt":"2016-02-23T21:47:28","guid":{"rendered":"http:\/\/www.moravecteam.cz\/?p=3494"},"modified":"2016-02-23T22:56:51","modified_gmt":"2016-02-23T21:56:51","slug":"v-utery-dobry","status":"publish","type":"post","link":"https:\/\/www.moravecteam.cz\/?p=3494","title":{"rendered":"V \u00fater\u00fd pr\u00fd dobr\u00fd!"},"content":{"rendered":"<p style=\"text-align: justify;\"><strong><span style=\"color: #800000;\">Dal\u0161\u00ed, u\u017e ani nav\u00edme kolik\u00e1t\u00fd, docela hutn\u00fd tr\u00e9nink za\u017eila bezm\u00e1la dvac\u00edtka MORAVC\u016e posledn\u00ed \u00fanorov\u00e9 \u00fater\u00fd. Pr\u00e1v\u011b v den, kdy se barometr v regionu op\u011bt posunul k ryze zimn\u00edm hodnot\u00e1m, jsme si uv\u011bdomili, \u017ee to s poklidn\u00fdm nasednut\u00edm do sedel na\u0161ich bycikl\u016f vzledem k aktu\u00e1ln\u00edmu v\u00fdvoji po\u010das\u00ed je\u0161t\u011b \u00a0asi po n\u011bjakou dobu nebude tak &#8222;hork\u00e9&#8220;&#8230; \u00datuln\u00e1, by\u0165 u\u017e letit\u00e1 bene\u0161ovsk\u00e1 sportovn\u00ed hala je n\u00e1s ale p\u0159ipravena hostit v r\u00e1mci zimn\u00ed p\u0159\u00edpravy tak dlouho, jak to jen budeme pot\u0159ebovat&#8230;<\/span><\/strong><\/p>\n<figure id=\"attachment_3500\" aria-describedby=\"caption-attachment-3500\" style=\"width: 2959px\" class=\"wp-caption alignnone\"><a href=\"http:\/\/www.moravecteam.cz\/?attachment_id=3500\" rel=\"attachment wp-att-3500\"><img decoding=\"async\" loading=\"lazy\" class=\" wp-image-3500\" alt=\"DSCN6788\" src=\"http:\/\/www.moravecteam.cz\/wp-content\/uploads\/2016\/02\/DSCN6788.jpg\" width=\"2959\" height=\"2243\" srcset=\"https:\/\/www.moravecteam.cz\/wp-content\/uploads\/2016\/02\/DSCN6788.jpg 2959w, https:\/\/www.moravecteam.cz\/wp-content\/uploads\/2016\/02\/DSCN6788-300x227.jpg 300w, https:\/\/www.moravecteam.cz\/wp-content\/uploads\/2016\/02\/DSCN6788-1024x776.jpg 1024w\" sizes=\"(max-width: 2959px) 100vw, 2959px\" \/><\/a><figcaption id=\"caption-attachment-3500\" class=\"wp-caption-text\">Bene\u0161ov je op\u011bt o krok p\u0159ed sv\u011btem! V r\u00e1mci relexace v pr\u016fb\u011bhu cvi\u010den\u00ed jsme zde mohli vyzkou\u0161t neviditeln\u00e9 (a tedy bezvadn\u011b skladn\u00e9) sedac\u00ed lavi\u010dky! Do v\u00fdbavy zdej\u0161\u00ed t\u011blocvi\u010dny je obstaral m\u00edstn\u00ed Obecn\u00ed \u00fa\u0159ad.<\/figcaption><\/figure>\n<p style=\"text-align: justify;\">Op\u011bt velmi zdatn\u00e1 s\u00edla cvi\u010denc\u016f odmakala &#8222;Koudelkovy&#8220; kapky velmi zodpov\u011bdn\u011b, tak\u017ee cvi\u010ditel zcela po pr\u00e1vu ne\u0161et\u0161il na adresu sv\u011bdomit\u00fdch cvi\u010d\u00edc\u00edch pr\u016fb\u011b\u017enou soustavnou chv\u00e1lou. Po rozb\u011bh\u00e1n\u00ed n\u00e1sledovala tradi\u010dn\u00ed &#8222;sokolsk\u00e1&#8220; rozcvi\u010dka, ve kter\u00e9 ale op\u011bt chyb\u011bl klasick\u00fd sokolsk\u00fd cvi\u010debn\u00ed prvek z p\u0159elomu devaten\u00e1ct\u00e9ho a dvac\u00e1t\u00e9ho stolet\u00ed&#8230; Velmi n\u00e1ro\u010dn\u00fd cvik, jeho\u017e autrosk\u00e1 pr\u00e1va pat\u0159\u00ed samotn\u00e9mu panu Josefu Tyr\u0161ovi, si Pert nech\u00e1v\u00e1 na samotn\u00e1 z\u00e1v\u011bre\u010dn\u00e1 cvi\u010den\u00ed v r\u00e1mci zimn\u00ed p\u0159\u00edpravy podle ok\u0159\u00eddlen\u00e9ho \u00faslov\u00ed: to nejlep\u0161\u00ed na konec&#8230; Po vybi\u0161ce odmakala t\u0159i dru\u017estva p\u0159\u00edkladn\u011b a s pln\u00fdm nasazen\u00edm dynamick\u00e9 \u0161tafety, aby v samotn\u00e9m z\u00e1v\u011bru byla \u0161estka slu\u017eebn\u011b skoro &#8222;nejsta\u0161\u00edch&#8220; cvi\u010d\u00edc\u00edch posazena na t\u0159\u00edseda\u010dkov\u00fd dvoukolov\u00fd koloto\u010d. A \u00faplnou novinkou v samotn\u00e9m z\u00e1v\u011bru byl origin\u00e1ln\u00ed tr\u00e9nink stehen\u00edho svalstva, ke kter\u00e9mu Petra &#8222;navedl&#8220; tren\u00e9r Milan. Mo\u017en\u00e1, \u017ee by se n\u011bkomu mohlo zd\u00e1t, \u017ee jsme tr\u00e9novali \u00fapln\u011b n\u011bco jin\u00e9ho, ne\u017e stehenn\u00ed svalstvo&#8230; Nev\u011b\u0159te ale tomu, zd\u00e1n\u00ed tentokr\u00e1t opravdu klamalo&#8230; Proto\u017ee fo\u0165\u00e1ku se ujal excelentn\u00ed fotoreport\u00e9r Libor Tesa\u0159, a proto\u017ee jsem se u\u017e b\u00e1l, aby na\u0161e &#8222;raj\u010de&#8220; neza\u010dalo reziv\u011bt, zde je tentokr\u00e1t komentovan\u00e1 <strong><a href=\"http:\/\/moravecteam.rajce.idnes.cz\/2016.02.23._Cviceni_v_telocvicne\/\">fotogalerie<\/a>.<\/strong><\/p>\n","protected":false},"excerpt":{"rendered":"<p>Dal\u0161\u00ed, u\u017e ani nav\u00edme kolik\u00e1t\u00fd, docela hutn\u00fd tr\u00e9nink za\u017eila bezm\u00e1la dvac\u00edtka MORAVC\u016e posledn\u00ed \u00fanorov\u00e9 \u00fater\u00fd. Pr\u00e1v\u011b v den, kdy se barometr v regionu op\u011bt posunul k ryze zimn\u00edm hodnot\u00e1m, jsme si uv\u011bdomili, \u017ee to s poklidn\u00fdm nasednut\u00edm do sedel na\u0161ich bycikl\u016f vzledem k aktu\u00e1ln\u00edmu v\u00fdvoji po\u010das\u00ed je\u0161t\u011b \u00a0asi po n\u011bjakou dobu nebude tak &#8222;hork\u00e9&#8220;&#8230; \u00datuln\u00e1, &hellip; <a href=\"https:\/\/www.moravecteam.cz\/?p=3494\" class=\"more-link\">Pokra\u010dov\u00e1n\u00ed textu <span class=\"screen-reader-text\">V \u00fater\u00fd pr\u00fd dobr\u00fd!<\/span> <span class=\"meta-nav\">&rarr;<\/span><\/a><\/p>\n","protected":false},"author":3,"featured_media":3501,"comment_status":"open","ping_status":"closed","sticky":false,"template":"","format":"standard","meta":[],"categories":[9],"tags":[],"_links":{"self":[{"href":"https:\/\/www.moravecteam.cz\/index.php?rest_route=\/wp\/v2\/posts\/3494"}],"collection":[{"href":"https:\/\/www.moravecteam.cz\/index.php?rest_route=\/wp\/v2\/posts"}],"about":[{"href":"https:\/\/www.moravecteam.cz\/index.php?rest_route=\/wp\/v2\/types\/post"}],"author":[{"embeddable":true,"href":"https:\/\/www.moravecteam.cz\/index.php?rest_route=\/wp\/v2\/users\/3"}],"replies":[{"embeddable":true,"href":"https:\/\/www.moravecteam.cz\/index.php?rest_route=%2Fwp%2Fv2%2Fcomments&post=3494"}],"version-history":[{"count":6,"href":"https:\/\/www.moravecteam.cz\/index.php?rest_route=\/wp\/v2\/posts\/3494\/revisions"}],"predecessor-version":[{"id":3502,"href":"https:\/\/www.moravecteam.cz\/index.php?rest_route=\/wp\/v2\/posts\/3494\/revisions\/3502"}],"wp:featuredmedia":[{"embeddable":true,"href":"https:\/\/www.moravecteam.cz\/index.php?rest_route=\/wp\/v2\/media\/3501"}],"wp:attachment":[{"href":"https:\/\/www.moravecteam.cz\/index.php?rest_route=%2Fwp%2Fv2%2Fmedia&parent=3494"}],"wp:term":[{"taxonomy":"category","embeddable":true,"href":"https:\/\/www.moravecteam.cz\/index.php?rest_route=%2Fwp%2Fv2%2Fcategories&post=3494"},{"taxonomy":"post_tag","embeddable":true,"href":"https:\/\/www.moravecteam.cz\/index.php?rest_route=%2Fwp%2Fv2%2Ftags&post=3494"}],"curies":[{"name":"wp","href":"https:\/\/api.w.org\/{rel}","templated":true}]}}