{"id":3504,"date":"2016-02-26T15:35:26","date_gmt":"2016-02-26T14:35:26","guid":{"rendered":"http:\/\/www.moravecteam.cz\/?p=3504"},"modified":"2016-02-27T07:00:11","modified_gmt":"2016-02-27T06:00:11","slug":"prvni-bikovani-na-kypru","status":"publish","type":"post","link":"https:\/\/www.moravecteam.cz\/?p=3504","title":{"rendered":"Prvn\u00ed bikov\u00e1n\u00ed na Kypru."},"content":{"rendered":"<p style=\"text-align: justify;\"><span style=\"color: #800000;\"><strong>Stalo se ji\u017e tradic\u00ed, \u017ee prvn\u00ed ostr\u00e9 setk\u00e1n\u00ed TOP MTB sv\u011btov\u00e9 konkurence je v r\u00e1mci Sunshine Cupu v posledn\u00edm \u00fanorov\u00e9m t\u00fddnu na Kypru. Ne jinak je tomu i letos a MORAVCI jsou ve st\u0159ehu, proto\u017ee trat\u011b zdej\u0161\u00edho etapov\u00e9ho z\u00e1vodu atakuje i na\u0161e odchovankyn\u011b, juniorka Ad\u00e9la \u0160af\u00e1\u0159ov\u00e1 (toho \u010dasu \u010dlenka &#8222;Rud\u00fdch \u010e\u00e1bl\u016f&#8220; Viktora Zapletala &#8211; \u00a0Nutrend Specialized).<\/strong><\/span><\/p>\n<figure id=\"attachment_3510\" aria-describedby=\"caption-attachment-3510\" style=\"width: 660px\" class=\"wp-caption alignnone\"><a href=\"http:\/\/www.moravecteam.cz\/?attachment_id=3510\" rel=\"attachment wp-att-3510\"><img decoding=\"async\" loading=\"lazy\" class=\" wp-image-3510\" alt=\"image-c7b566166203a32cc61f71883b9c9eb6f32aba7c2cf4c4b0a317d892d7750794-V\" src=\"http:\/\/www.moravecteam.cz\/wp-content\/uploads\/2016\/02\/image-c7b566166203a32cc61f71883b9c9eb6f32aba7c2cf4c4b0a317d892d7750794-V.jpg\" width=\"660\" height=\"403\" srcset=\"https:\/\/www.moravecteam.cz\/wp-content\/uploads\/2016\/02\/image-c7b566166203a32cc61f71883b9c9eb6f32aba7c2cf4c4b0a317d892d7750794-V.jpg 660w, https:\/\/www.moravecteam.cz\/wp-content\/uploads\/2016\/02\/image-c7b566166203a32cc61f71883b9c9eb6f32aba7c2cf4c4b0a317d892d7750794-V-300x183.jpg 300w\" sizes=\"(max-width: 660px) 100vw, 660px\" \/><\/a><figcaption id=\"caption-attachment-3510\" class=\"wp-caption-text\">Prudkov\u00e9 kapky j\u00ed sv\u011bd\u010d\u00ed&#8230; Ad\u00e9la \u0160af\u00e1\u0159ov\u00e1, tak\u0159ka pravideln\u00e1 za\u017eivatelka v r\u00e1mci zimn\u00ed p\u0159\u00edpravy p\u00e1te\u010dn\u00edch Prudkov\u00e9 kapek na Kypru potvrzuje, \u017ee j\u00ed Ivanina medikamence vysloven\u011b sv\u011bd\u010d\u00ed..!<\/figcaption><\/figure>\n<p style=\"text-align: justify;\">A v\u0161e nasv\u011bd\u010duje tomu, \u017ee &#8222;Adys&#8220; je na sez\u00f3nu p\u0159ipravena v\u00fdborn\u011b. V prvn\u00edch etap\u011b, kterou byla MTB \u010dasovka, si se sv\u00fdmi soupe\u0159kami v pravd\u011b pohr\u00e1la a stala se jistou v\u00edt\u011bzkou. Pravda, konkurence je v kategorii juniorek na ostrov\u011b ve St\u0159edozemn\u00edm jen o m\u00e1lo po\u010detn\u011bj\u0161\u00ed, ne\u017e na Poh\u00e1ru Drahansk\u00e9 vrchoviny, to ale v\u00fdkony Ad\u00e9ly \u0160af\u00e1\u0159ov\u00e9 nijak nesni\u017euje, proto\u017ee nen\u00ed-li na Kypru soupe\u0159ek kvantita, jsou ale na druhou stranu nadpr\u016fm\u011brn\u011b kvalitn\u00ed. A v tomto \u00fahlu pohledu je t\u0159eba v\u00fdkony na\u0161\u00ed odchovankyn\u011b p\u0159edev\u0161\u00edm vid\u011bt! Ad\u00e9le dr\u017e\u00edme palce i do dal\u0161\u00edch etap a p\u0159ejeme j\u00ed, a\u0165 to dopadne! Pro pos\u00edlen\u00ed sebev\u011bdom\u00ed v \u00favodu sez\u00f3ny by Adys nemohlo potkat nic lep\u0161\u00edho. Zde studujte <strong><a href=\"http:\/\/www.cyclingcy.com\/csc-race-info\/csc-results\/2016\/afxentia\/310-cyprus-sunshine-cup-1-afxentia-2016-stage-1-time-trial-results\">v\u00fdsledky 1. etapy<\/a>.\u00a0<\/strong><\/p>\n<figure id=\"attachment_3516\" aria-describedby=\"caption-attachment-3516\" style=\"width: 355px\" class=\"wp-caption alignnone\"><a href=\"http:\/\/www.moravecteam.cz\/?attachment_id=3516\" rel=\"attachment wp-att-3516\"><img decoding=\"async\" loading=\"lazy\" class=\"size-full wp-image-3516\" alt=\"image-cc87de5801a9cc9d7d3d62594d9b26f2cfe3cf2f430750b60e763c6f0dde1a3d-V\" src=\"http:\/\/www.moravecteam.cz\/wp-content\/uploads\/2016\/02\/image-cc87de5801a9cc9d7d3d62594d9b26f2cfe3cf2f430750b60e763c6f0dde1a3d-V.jpg\" width=\"355\" height=\"489\" srcset=\"https:\/\/www.moravecteam.cz\/wp-content\/uploads\/2016\/02\/image-cc87de5801a9cc9d7d3d62594d9b26f2cfe3cf2f430750b60e763c6f0dde1a3d-V.jpg 355w, https:\/\/www.moravecteam.cz\/wp-content\/uploads\/2016\/02\/image-cc87de5801a9cc9d7d3d62594d9b26f2cfe3cf2f430750b60e763c6f0dde1a3d-V-217x300.jpg 217w\" sizes=\"(max-width: 355px) 100vw, 355px\" \/><\/a><figcaption id=\"caption-attachment-3516\" class=\"wp-caption-text\">Adys nasadila na Kypru tempo veskrze &#8222;spanil\u00e9&#8220;!<\/figcaption><\/figure>\n<p style=\"text-align: justify;\">V p\u00e1te\u010dn\u00ed, druh\u00e9 etap\u011b Sunshine Cupu u\u017e \u0161lo do tuh\u00e9ho a Ad\u00e9la \u0160af\u00e1\u0159ov\u00e1 potvrdila formu, kdy\u017e op\u011bt soupe\u0159k\u00e1m nedala \u0161anci a dos\u00e1hla op\u011bt jist\u00e9ho v\u00edt\u011bzstv\u00ed! Celkov\u011b je &#8211; samoz\u0159ejm\u011b &#8211; l\u00eddrem kategorie juniorek s n\u00e1skokem, kter\u00fd \u010din\u00ed ji\u017e v\u00edce jak \u010dty\u0159i minuty. Ad\u00e9le dr\u017e\u00edme palce i do dal\u0161\u00edch boj\u016f! Jenom p\u0159ipom\u00edn\u00e1m, \u017ee ostatn\u00ed na\u0161e hv\u011bzdy (Kulhav\u00fd, Cink&#8230;) po &#8222;bedn\u011b&#8220; na Kypru zat\u00edm pokukuj\u00ed z odstupu (mo\u017en\u00e1, \u017ee kdyby potr\u00e9novali v zim\u011b s n\u00e1mi, jako Ad\u00e9la, bylo by v\u0161echno jinak)&#8230; Tak\u017ee je to pr\u00e1v\u011b Adys, kdo dr\u017e\u00ed ve st\u0159edomo\u0159\u00ed prapor \u010ceska hodn\u011b vysoko! Jen tak d\u00e1l! <strong><a href=\"http:\/\/www.cyclingcy.com\/csc-race-info\/csc-results\/2016\/afxentia\/313-cyprus-sunshine-cup-1-afxentia-2016-general-classification\">V\u00fdsledky 2. etapy<\/a><\/strong> si ov\u011b\u0159te zde, <strong><a href=\"http:\/\/www.skcpraha.cz\/?p=3327\">podrobn\u00e9 info<\/a><\/strong> ze z 2. etapy je k dispozici zase tu\u0165 <a href=\"http:\/\/mtbs.cz\/clanek\/mathieu-van-der-poel-vystrcil-drapky-na-kypru-vyhral-2-etapu-afxentie\/kategorie\/popis-xc\">a <strong>taky tu\u0165&#8230;<\/strong><\/a><\/p>\n","protected":false},"excerpt":{"rendered":"<p>Stalo se ji\u017e tradic\u00ed, \u017ee prvn\u00ed ostr\u00e9 setk\u00e1n\u00ed TOP MTB sv\u011btov\u00e9 konkurence je v r\u00e1mci Sunshine Cupu v posledn\u00edm \u00fanorov\u00e9m t\u00fddnu na Kypru. Ne jinak je tomu i letos a MORAVCI jsou ve st\u0159ehu, proto\u017ee trat\u011b zdej\u0161\u00edho etapov\u00e9ho z\u00e1vodu atakuje i na\u0161e odchovankyn\u011b, juniorka Ad\u00e9la \u0160af\u00e1\u0159ov\u00e1 (toho \u010dasu \u010dlenka &#8222;Rud\u00fdch \u010e\u00e1bl\u016f&#8220; Viktora Zapletala &#8211; \u00a0Nutrend &hellip; <a href=\"https:\/\/www.moravecteam.cz\/?p=3504\" class=\"more-link\">Pokra\u010dov\u00e1n\u00ed textu <span class=\"screen-reader-text\">Prvn\u00ed bikov\u00e1n\u00ed na Kypru.<\/span> <span class=\"meta-nav\">&rarr;<\/span><\/a><\/p>\n","protected":false},"author":3,"featured_media":3511,"comment_status":"open","ping_status":"closed","sticky":false,"template":"","format":"standard","meta":[],"categories":[1],"tags":[],"_links":{"self":[{"href":"https:\/\/www.moravecteam.cz\/index.php?rest_route=\/wp\/v2\/posts\/3504"}],"collection":[{"href":"https:\/\/www.moravecteam.cz\/index.php?rest_route=\/wp\/v2\/posts"}],"about":[{"href":"https:\/\/www.moravecteam.cz\/index.php?rest_route=\/wp\/v2\/types\/post"}],"author":[{"embeddable":true,"href":"https:\/\/www.moravecteam.cz\/index.php?rest_route=\/wp\/v2\/users\/3"}],"replies":[{"embeddable":true,"href":"https:\/\/www.moravecteam.cz\/index.php?rest_route=%2Fwp%2Fv2%2Fcomments&post=3504"}],"version-history":[{"count":12,"href":"https:\/\/www.moravecteam.cz\/index.php?rest_route=\/wp\/v2\/posts\/3504\/revisions"}],"predecessor-version":[{"id":3532,"href":"https:\/\/www.moravecteam.cz\/index.php?rest_route=\/wp\/v2\/posts\/3504\/revisions\/3532"}],"wp:featuredmedia":[{"embeddable":true,"href":"https:\/\/www.moravecteam.cz\/index.php?rest_route=\/wp\/v2\/media\/3511"}],"wp:attachment":[{"href":"https:\/\/www.moravecteam.cz\/index.php?rest_route=%2Fwp%2Fv2%2Fmedia&parent=3504"}],"wp:term":[{"taxonomy":"category","embeddable":true,"href":"https:\/\/www.moravecteam.cz\/index.php?rest_route=%2Fwp%2Fv2%2Fcategories&post=3504"},{"taxonomy":"post_tag","embeddable":true,"href":"https:\/\/www.moravecteam.cz\/index.php?rest_route=%2Fwp%2Fv2%2Ftags&post=3504"}],"curies":[{"name":"wp","href":"https:\/\/api.w.org\/{rel}","templated":true}]}}