{"id":3534,"date":"2016-02-27T20:31:58","date_gmt":"2016-02-27T19:31:58","guid":{"rendered":"http:\/\/www.moravecteam.cz\/?p=3534"},"modified":"2016-02-28T09:13:55","modified_gmt":"2016-02-28T08:13:55","slug":"dve-slunicka-na-kypru","status":"publish","type":"post","link":"https:\/\/www.moravecteam.cz\/?p=3534","title":{"rendered":"Dv\u011b slun\u00ed\u010dka na Kypru!"},"content":{"rendered":"<p style=\"text-align: justify;\"><span style=\"color: #800000;\"><strong>Krom\u011b toho tradi\u010dn\u00edho, kter\u00e9 v tomto ro\u010dn\u00edm obdob\u00ed st\u0159edomo\u0159sk\u00fd ostrov obvykle u\u017e zaplavuje, z\u00e1\u0159\u00ed v r\u00e1mci bikov\u00e9ho Sunshine Cupu i druh\u00e9 slun\u00ed\u010dko &#8211; hv\u011bzdi\u010dka: p\u016fvabn\u00e1 d\u00edvka z Boskovic, kter\u00e1 v\u00fdkonnostn\u011b rostla v \u0159ad\u00e1ch MORAVCE, Ad\u00e9la \u0160af\u00e1\u0159ov\u00e1 (Nutrend Specialized). Nav\u00edc se v sobotn\u00ed 3. etap\u011b v\u00fdsledkov\u011b bl\u00fdskl mezi mu\u017ei ELITE i Ad\u00e9lin t\u00fdmov\u00fd par\u0165\u00e1k, Jaroslav Kulhav\u00fd.<\/strong><\/span><\/p>\n<p style=\"text-align: justify;\"><a href=\"http:\/\/www.moravecteam.cz\/?attachment_id=3544\" rel=\"attachment wp-att-3544\"><img decoding=\"async\" loading=\"lazy\" class=\"size-full wp-image-3544 alignleft\" title=\"Ad\u00e9la \u0160af\u00e1\u0159ov\u00e1 na Kypru v\u00e9vod\u00ed v r\u00e1mci Sunshine Cupu sever\u00e9nn\u011b kategorii juniorek.\" alt=\"sunshine-cup-2016-2stage-_1_of_1-8\" src=\"http:\/\/www.moravecteam.cz\/wp-content\/uploads\/2016\/02\/sunshine-cup-2016-2stage-_1_of_1-8.jpg\" width=\"221\" height=\"250\" \/><\/a>I v sobotn\u00ed etap\u011b si Adys se sv\u00fdmi soupe\u0159kami poradila bez v\u011bt\u0161\u00edch pot\u00ed\u017e\u00ed a v c\u00edli fini\u0161ovala s n\u00e1skokem v\u00edce jak p\u011bt minut! V\u00fdsledek je o to cenn\u011bj\u0161\u00ed, \u017ee \u00a0p\u0159ed startem pot\u00fdkala s lehk\u00fdm nachlazen\u00edm. Zd\u00e1 se ale, soud\u011b podle jej\u00edho jist\u00e9ho v\u00edt\u011bzstv\u00ed, \u017ee se nejedn\u00e1 o nic v\u00e1\u017en\u00e9ho a \u017ee i do dal\u0161\u00edch kypersk\u00fdch z\u00e1polen\u00ed bude Adys &#8222;ready&#8220;. K dosavadn\u00edm excelentn\u00edm v\u00fdkon\u016fm blahop\u0159ejeme a i nad\u00e1le nezapom\u00edn\u00e1me dr\u017eet palce!<\/p>\n<figure id=\"attachment_3545\" aria-describedby=\"caption-attachment-3545\" style=\"width: 255px\" class=\"wp-caption alignleft\"><a href=\"http:\/\/www.moravecteam.cz\/?attachment_id=3545\" rel=\"attachment wp-att-3545\"><img decoding=\"async\" loading=\"lazy\" class=\"size-full wp-image-3545  \" title=\"Jarda Kulhyv\u00e1 na Kypru zrychluje: v sobotn\u00ed etap\u011b bral v z\u00e1vod\u011b elity bronz!\" alt=\"sunshine-cup-2016-2stage-_1_of_1-4\" src=\"http:\/\/www.moravecteam.cz\/wp-content\/uploads\/2016\/02\/sunshine-cup-2016-2stage-_1_of_1-4.jpg\" width=\"255\" height=\"250\" srcset=\"https:\/\/www.moravecteam.cz\/wp-content\/uploads\/2016\/02\/sunshine-cup-2016-2stage-_1_of_1-4.jpg 255w, https:\/\/www.moravecteam.cz\/wp-content\/uploads\/2016\/02\/sunshine-cup-2016-2stage-_1_of_1-4-25x25.jpg 25w\" sizes=\"(max-width: 255px) 100vw, 255px\" \/><\/a><figcaption id=\"caption-attachment-3545\" class=\"wp-caption-text\">Jarda Kulhyv\u00e1 na Kypru zrychluje: v sobotn\u00ed etap\u011b bral v z\u00e1vod\u011b elity bronz!<\/figcaption><\/figure>\n<p style=\"text-align: justify;\">V sobotu &#8222;zabral&#8220; i \u00a0st\u00e1le je\u0161t\u011b \u00fa\u0159aduj\u00edc\u00ed \u00a0olympijsk\u00fd \u0161ampion z \u010ceska, t\u00fdmov\u00fd par\u0165\u00e1k Ad\u00e9ly \u0160af\u00e1\u0159ov\u00e9, Jaroslav Kulhav\u00fd a potvrdil, \u017ee i on \u010dasuje formu na dva vcholy leto\u0161n\u00ed sez\u00f3ny velmi zku\u0161en\u011b! Zde m\u016f\u017eete omrknout z oficiln\u00edch www \u00a0 \u00fapln\u00fd <span style=\"color: #800000;\"><strong><span style=\"color: #800000;\"><a href=\"http:\/\/www.cyclingcy.com\/csc-race-info\/csc-results\/2016\/afxentia\/316-cyprus-sunshine-cup-1-afxentia-2016-stage-3-point-to-point-results\">v\u00fdsledkov\u00fd servis ze t\u0159et\u00ed etapy<\/a>,\u00a0<\/span><\/strong><span style=\"color: #000000;\">a tu\u0165 <strong><a href=\"http:\/\/mtbs.cz\/clanek\/jaroslav-kulhavy-se-na-kypru-rozjizdi-dnes-skoncil-treti\/kategorie\/popis-xc\">stru\u010dn\u00fd report<\/a>\u00a0<\/strong>a zde je\u0161t\u011b jeden, <strong><a href=\"http:\/\/www.skcpraha.cz\/?p=3342\">podrobn\u00fd report<\/a><\/strong>.<\/span><span style=\"color: #800000;\"><br \/>\n<\/span><\/span><\/p>\n<p>&nbsp;<\/p>\n","protected":false},"excerpt":{"rendered":"<p>Krom\u011b toho tradi\u010dn\u00edho, kter\u00e9 v tomto ro\u010dn\u00edm obdob\u00ed st\u0159edomo\u0159sk\u00fd ostrov obvykle u\u017e zaplavuje, z\u00e1\u0159\u00ed v r\u00e1mci bikov\u00e9ho Sunshine Cupu i druh\u00e9 slun\u00ed\u010dko &#8211; hv\u011bzdi\u010dka: p\u016fvabn\u00e1 d\u00edvka z Boskovic, kter\u00e1 v\u00fdkonnostn\u011b rostla v \u0159ad\u00e1ch MORAVCE, Ad\u00e9la \u0160af\u00e1\u0159ov\u00e1 (Nutrend Specialized). Nav\u00edc se v sobotn\u00ed 3. etap\u011b v\u00fdsledkov\u011b bl\u00fdskl mezi mu\u017ei ELITE i Ad\u00e9lin t\u00fdmov\u00fd par\u0165\u00e1k, Jaroslav Kulhav\u00fd. &hellip; <a href=\"https:\/\/www.moravecteam.cz\/?p=3534\" class=\"more-link\">Pokra\u010dov\u00e1n\u00ed textu <span class=\"screen-reader-text\">Dv\u011b slun\u00ed\u010dka na Kypru!<\/span> <span class=\"meta-nav\">&rarr;<\/span><\/a><\/p>\n","protected":false},"author":3,"featured_media":3541,"comment_status":"open","ping_status":"closed","sticky":false,"template":"","format":"standard","meta":[],"categories":[1],"tags":[],"_links":{"self":[{"href":"https:\/\/www.moravecteam.cz\/index.php?rest_route=\/wp\/v2\/posts\/3534"}],"collection":[{"href":"https:\/\/www.moravecteam.cz\/index.php?rest_route=\/wp\/v2\/posts"}],"about":[{"href":"https:\/\/www.moravecteam.cz\/index.php?rest_route=\/wp\/v2\/types\/post"}],"author":[{"embeddable":true,"href":"https:\/\/www.moravecteam.cz\/index.php?rest_route=\/wp\/v2\/users\/3"}],"replies":[{"embeddable":true,"href":"https:\/\/www.moravecteam.cz\/index.php?rest_route=%2Fwp%2Fv2%2Fcomments&post=3534"}],"version-history":[{"count":10,"href":"https:\/\/www.moravecteam.cz\/index.php?rest_route=\/wp\/v2\/posts\/3534\/revisions"}],"predecessor-version":[{"id":3549,"href":"https:\/\/www.moravecteam.cz\/index.php?rest_route=\/wp\/v2\/posts\/3534\/revisions\/3549"}],"wp:featuredmedia":[{"embeddable":true,"href":"https:\/\/www.moravecteam.cz\/index.php?rest_route=\/wp\/v2\/media\/3541"}],"wp:attachment":[{"href":"https:\/\/www.moravecteam.cz\/index.php?rest_route=%2Fwp%2Fv2%2Fmedia&parent=3534"}],"wp:term":[{"taxonomy":"category","embeddable":true,"href":"https:\/\/www.moravecteam.cz\/index.php?rest_route=%2Fwp%2Fv2%2Fcategories&post=3534"},{"taxonomy":"post_tag","embeddable":true,"href":"https:\/\/www.moravecteam.cz\/index.php?rest_route=%2Fwp%2Fv2%2Ftags&post=3534"}],"curies":[{"name":"wp","href":"https:\/\/api.w.org\/{rel}","templated":true}]}}