{"id":3710,"date":"2016-03-15T22:35:04","date_gmt":"2016-03-15T21:35:04","guid":{"rendered":"http:\/\/www.moravecteam.cz\/?p=3710"},"modified":"2016-03-15T22:55:51","modified_gmt":"2016-03-15T21:55:51","slug":"a-zase-ty-vlocky","status":"publish","type":"post","link":"https:\/\/www.moravecteam.cz\/?p=3710","title":{"rendered":"A zase ty vlo\u010dky&#8230;"},"content":{"rendered":"<p style=\"text-align: justify;\"><strong><span style=\"color: #800000;\">Aktu\u00e1ln\u00ed po\u010das\u00ed, tedy alespo\u0148 to, kter\u00e9 dodalo venkovn\u00ed kolorit \u00fatern\u00edmu cvi\u010den\u00ed v t\u011blocvi\u010dn\u011b, p\u0159ipom\u00edn\u00e1 v\u0161e, jen ne skute\u010dnost, \u017ee za t\u00fdden oslav\u00edme prvn\u00ed jarn\u00ed den&#8230; Chlad a sn\u011bhov\u00e9 vlo\u010dky jsou aktu\u00e1ln\u011b op\u011bt dominantn\u00ed a zdaleka nejen na Drahansk\u00e9 vrchovin\u011b. Toto n\u00e1s sice brzd\u00ed ve snaze u\u017e, u\u017e nasednout do sedel na\u0161ich bicykl\u016f, na druhou stranu ale je v\u0161echno zl\u00e9 v\u017edy k n\u011b\u010demu dobr\u00e9: vydr\u017e\u00ed-li sn\u00edh do ned\u011ble, bede se n\u00e1m docela hodit p\u0159i stopov\u00e1n\u00ed YETTI&#8230;<\/span><\/strong><\/p>\n<figure id=\"attachment_3713\" aria-describedby=\"caption-attachment-3713\" style=\"width: 4608px\" class=\"wp-caption alignnone\"><a href=\"http:\/\/www.moravecteam.cz\/?attachment_id=3713\" rel=\"attachment wp-att-3713\"><img decoding=\"async\" loading=\"lazy\" class=\" wp-image-3713\" alt=\"DSCN7126\" src=\"http:\/\/www.moravecteam.cz\/wp-content\/uploads\/2016\/03\/DSCN7126.jpg\" width=\"4608\" height=\"2592\" srcset=\"https:\/\/www.moravecteam.cz\/wp-content\/uploads\/2016\/03\/DSCN7126.jpg 4608w, https:\/\/www.moravecteam.cz\/wp-content\/uploads\/2016\/03\/DSCN7126-300x168.jpg 300w, https:\/\/www.moravecteam.cz\/wp-content\/uploads\/2016\/03\/DSCN7126-1024x576.jpg 1024w\" sizes=\"(max-width: 4608px) 100vw, 4608px\" \/><\/a><figcaption id=\"caption-attachment-3713\" class=\"wp-caption-text\">Tak takhle n\u011bjak m\u00e1 vypadat poctiv\u00e9 sportovn\u00ed gesto pora\u017een\u00e9ho (Dominik) v\u016f\u010di v\u00edt\u011bzi (V\u00ed\u0165a) po vyrovnan\u00e9m souboji s t\u011bsn\u00fdm v\u00fdsledkem.<\/figcaption><\/figure>\n<p style=\"text-align: justify;\">Skupina cvi\u010denc\u016f z \u00fatern\u00edho podve\u010dera nebyla (v\u00edce-m\u00e9n\u011b podle o\u010dek\u00e1v\u00e1n\u00ed) zrovna masov\u00e1, ale \u00a0Ti, co p\u0159i\u0161li, odmakali tr\u00e9nink p\u0159\u00edkladn\u011b. V r\u00e1mci rozcvi\u010dky pokra\u010doval Petr v trendu Iv\u010di Prudkov\u00e9 a kladl akcent na dal\u0161\u00ed s\u00edlen\u00ed na\u0161eho b\u0159i\u0161n\u00edho svalstva. Stre\u010dinkov\u00e9 vsuvky nechyb\u011bly a tak jsme do presti\u017en\u00edho kl\u00e1n\u00ed \u0161tafet nastupovali optim\u00e1ln\u011b zah\u0159\u00e1t\u00ed. Dv\u011b dru\u017estva svedla sedm vyhecovan\u00fdch, vyrovnan\u00fdch a atmosf\u00e9rou docela bou\u0159liv\u00fdch souboj\u016f, kdy\u017e nakonec o pov\u011bstn\u00e1 prsa zv\u00edt\u011bzilo na &#8222;z\u00e1pasy&#8220; pom\u011bru 4:3 dru\u017estvo \u010d.1, veden\u00e9 zku\u0161enou kapit\u00e1nkou Maru\u0161kou. Po l\u00edt\u00e9m souboji naordinoval Petr cvi\u010denc\u016fm netradi\u010dn\u011b i lekci z fair-play, kdy pora\u017een\u00ed, po n\u00e1le\u017eit\u00e9 Petrov\u011b instrukt\u00e1\u017ei nakonec vzorov\u011b pop\u0159\u00e1li v\u00edt\u011bz\u016fm. Nebo\u0165 jedn\u00edm ze z\u00e1kladn\u00edch z\u00e1kon\u016f sportu je, \u017ee jen ten (nebo ta) se stane \u00a0skute\u010dn\u00fdm \u0161ampionem (\u0161ampionkou), kter\u00fd (kter\u00e1) si dok\u00e1\u017ee za v\u0161ech okolnost\u00ed zachovat \u00factu k pora\u017een\u00e9m soupe\u0159i&#8230; P\u0159i z\u00e1v\u011bre\u010dn\u00e9m n\u00e1stupu jsme se dohodli na zru\u0161en\u00ed p\u00e1te\u010dn\u00edho cvi\u010den\u00ed s t\u00edm, \u017ee se m\u00edsto toho setk\u00e1me v ned\u011bli v r\u00e1mci stopov\u00e1n\u00ed YETTI. Na &#8222;raj\u010deti&#8220; Mrkn\u011bte na <a href=\"http:\/\/moravecteam.rajce.idnes.cz\/2016.03.15._Cviceni_v_telocvicne\/\">fotogalerii z na\u0161\u00ed \u00fatern\u00ed poctiv\u00e9 maka\u010dky<\/a>&#8230;<\/p>\n","protected":false},"excerpt":{"rendered":"<p>Aktu\u00e1ln\u00ed po\u010das\u00ed, tedy alespo\u0148 to, kter\u00e9 dodalo venkovn\u00ed kolorit \u00fatern\u00edmu cvi\u010den\u00ed v t\u011blocvi\u010dn\u011b, p\u0159ipom\u00edn\u00e1 v\u0161e, jen ne skute\u010dnost, \u017ee za t\u00fdden oslav\u00edme prvn\u00ed jarn\u00ed den&#8230; Chlad a sn\u011bhov\u00e9 vlo\u010dky jsou aktu\u00e1ln\u011b op\u011bt dominantn\u00ed a zdaleka nejen na Drahansk\u00e9 vrchovin\u011b. Toto n\u00e1s sice brzd\u00ed ve snaze u\u017e, u\u017e nasednout do sedel na\u0161ich bicykl\u016f, na druhou stranu &hellip; <a href=\"https:\/\/www.moravecteam.cz\/?p=3710\" class=\"more-link\">Pokra\u010dov\u00e1n\u00ed textu <span class=\"screen-reader-text\">A zase ty vlo\u010dky&#8230;<\/span> <span class=\"meta-nav\">&rarr;<\/span><\/a><\/p>\n","protected":false},"author":3,"featured_media":3712,"comment_status":"open","ping_status":"closed","sticky":false,"template":"","format":"standard","meta":[],"categories":[9],"tags":[],"_links":{"self":[{"href":"https:\/\/www.moravecteam.cz\/index.php?rest_route=\/wp\/v2\/posts\/3710"}],"collection":[{"href":"https:\/\/www.moravecteam.cz\/index.php?rest_route=\/wp\/v2\/posts"}],"about":[{"href":"https:\/\/www.moravecteam.cz\/index.php?rest_route=\/wp\/v2\/types\/post"}],"author":[{"embeddable":true,"href":"https:\/\/www.moravecteam.cz\/index.php?rest_route=\/wp\/v2\/users\/3"}],"replies":[{"embeddable":true,"href":"https:\/\/www.moravecteam.cz\/index.php?rest_route=%2Fwp%2Fv2%2Fcomments&post=3710"}],"version-history":[{"count":7,"href":"https:\/\/www.moravecteam.cz\/index.php?rest_route=\/wp\/v2\/posts\/3710\/revisions"}],"predecessor-version":[{"id":3719,"href":"https:\/\/www.moravecteam.cz\/index.php?rest_route=\/wp\/v2\/posts\/3710\/revisions\/3719"}],"wp:featuredmedia":[{"embeddable":true,"href":"https:\/\/www.moravecteam.cz\/index.php?rest_route=\/wp\/v2\/media\/3712"}],"wp:attachment":[{"href":"https:\/\/www.moravecteam.cz\/index.php?rest_route=%2Fwp%2Fv2%2Fmedia&parent=3710"}],"wp:term":[{"taxonomy":"category","embeddable":true,"href":"https:\/\/www.moravecteam.cz\/index.php?rest_route=%2Fwp%2Fv2%2Fcategories&post=3710"},{"taxonomy":"post_tag","embeddable":true,"href":"https:\/\/www.moravecteam.cz\/index.php?rest_route=%2Fwp%2Fv2%2Ftags&post=3710"}],"curies":[{"name":"wp","href":"https:\/\/api.w.org\/{rel}","templated":true}]}}