{"id":3723,"date":"2016-03-16T07:59:22","date_gmt":"2016-03-16T06:59:22","guid":{"rendered":"http:\/\/www.moravecteam.cz\/?p=3723"},"modified":"2016-03-16T21:49:34","modified_gmt":"2016-03-16T20:49:34","slug":"gargansky-denik-2","status":"publish","type":"post","link":"https:\/\/www.moravecteam.cz\/?p=3723","title":{"rendered":"Gargansk\u00fd den\u00edk &#8211; 2."},"content":{"rendered":"<p style=\"text-align: justify;\"><span style=\"color: #800000;\"><strong>Rovn\u00fd t\u00fdden tvrd\u00e9 fin\u00e1ln\u00ed p\u0159edsez\u00f3nn\u00ed p\u0159\u00edpravy m\u00e1 za sebou deseti\u010dlenn\u00e1 skupina MORAVC\u016e, operuj\u00edc\u00ed aktu\u00e1ln\u011b na jihu Evropy, na italsk\u00e9m poloostrov\u011b Gargano. Pl\u00e1novan\u00e9 st\u0159ede\u010dn\u00ed komunika\u010dn\u00ed okno prob\u011bhlo podle pl\u00e1nu, tak\u017ee se m\u016f\u017eeme ve stru\u010dnosti ohl\u00e9dnout za d\u011bn\u00edm uplynul\u00fdch t\u0159\u00ed dn\u00ed v r\u00e1mci mise RENZO ZORZI.<\/strong><\/span><\/p>\n<figure id=\"attachment_3739\" aria-describedby=\"caption-attachment-3739\" style=\"width: 420px\" class=\"wp-caption aligncenter\"><a href=\"http:\/\/www.moravecteam.cz\/?attachment_id=3739\" rel=\"attachment wp-att-3739\"><img decoding=\"async\" loading=\"lazy\" class=\"size-full wp-image-3739 \" alt=\"sta\u017een\u00fd soubor (1)\" src=\"http:\/\/www.moravecteam.cz\/wp-content\/uploads\/2016\/03\/sta\u017een\u00fd-soubor-1.jpg\" width=\"420\" height=\"280\" srcset=\"https:\/\/www.moravecteam.cz\/wp-content\/uploads\/2016\/03\/sta\u017een\u00fd-soubor-1.jpg 420w, https:\/\/www.moravecteam.cz\/wp-content\/uploads\/2016\/03\/sta\u017een\u00fd-soubor-1-300x200.jpg 300w\" sizes=\"(max-width: 420px) 100vw, 420px\" \/><\/a><figcaption id=\"caption-attachment-3739\" class=\"wp-caption-text\">Fas\u00e1dn\u00ed b\u00edl\u00e1 barva na gargansk\u00e9m poloostrov\u011b p\u0159evl\u00e1d\u00e1&#8230;<\/figcaption><\/figure>\n<p style=\"text-align: justify;\">Pond\u011bl\u00ed 14. b\u0159ezna bylo podle pl\u00e1nu dnem odpo\u010dinku a regenerace. Jedinou pohybovou aktivitou, ke kter\u00e9 tren\u00e9r V\u00ed\u0165a Prudek na\u0161e rajdry vyzval, ale ke kter\u00e9 nikoho nenutil, byla vych\u00e1zka do m\u011bste\u010dka, kter\u00e9 je na\u0161im nejbli\u017e &#8211; do malebn\u00e9ho <span style=\"color: #800000;\"><strong>Mattinata<\/strong><\/span>. S\u00eddlo na\u00a0\u00fapat\u00ed hory Monte Sacro, kter\u00e9 je poeticky naz\u00edv\u00e1no mot\u00fdlem, kter\u00fd sed\u00e1 na kv\u011bt, se rozprost\u00edr\u00e1 na rovin\u011b &#8222;La piana&#8220;, kterou obklopuj\u00ed 2 kopce (&#8222;Coppa della Madonna&#8220; a &#8222;Castelluccio&#8220;) z jedn\u00e9 strany\u00a0 a mo\u0159e z druh\u00e9. Je pokryt\u00e1 stalet\u00fdmi olivovn\u00edky a v p\u0159\u00edslu\u0161n\u00e9m ro\u010dn\u00edm obdob\u00ed bezpo\u010dtem druh\u016f orchidej\u00ed. Na vrcholu Monte Sacro na\u0161i do\u010dasn\u00ed turist\u00e9 m\u011bli mo\u017enost uvid\u011bt impozantn\u00ed z\u0159\u00edceninu benediktinsk\u00e9ho opatstv\u00ed sv.Trinity. Nask\u00fdt\u00e1 se \u00a0odtamtut n\u00e1dhern\u00fd panoramatick\u00fd v\u00fdhled nejen na b\u00edl\u00e9 m\u011bste\u010dko, ale na celou krajinu a p\u0159edev\u0161\u00edm na k\u0159i\u0161\u0165\u00e1lov\u00e9 mo\u0159e&#8230; Dobr\u00e1, kvalitn\u00ed, pohodov\u00e1 turistika&#8230;<\/p>\n<figure id=\"attachment_3738\" aria-describedby=\"caption-attachment-3738\" style=\"width: 374px\" class=\"wp-caption aligncenter\"><a href=\"http:\/\/www.moravecteam.cz\/?attachment_id=3738\" rel=\"attachment wp-att-3738\"><img decoding=\"async\" loading=\"lazy\" class=\"size-full wp-image-3738 \" alt=\"sta\u017een\u00fd soubor (2)\" src=\"http:\/\/www.moravecteam.cz\/wp-content\/uploads\/2016\/03\/sta\u017een\u00fd-soubor-2.jpg\" width=\"374\" height=\"280\" srcset=\"https:\/\/www.moravecteam.cz\/wp-content\/uploads\/2016\/03\/sta\u017een\u00fd-soubor-2.jpg 374w, https:\/\/www.moravecteam.cz\/wp-content\/uploads\/2016\/03\/sta\u017een\u00fd-soubor-2-300x224.jpg 300w\" sizes=\"(max-width: 374px) 100vw, 374px\" \/><\/a><figcaption id=\"caption-attachment-3738\" class=\"wp-caption-text\">V\u0161e je zde vpravd\u011b oku lahod\u00edc\u00ed&#8230;<\/figcaption><\/figure>\n<p style=\"text-align: justify;\">V \u00fater\u00fd 15. b\u0159ezna je u\u017e ale v\u0161echno jinak&#8230; V r\u00e1mci dal\u0161\u00edho ostr\u00e9ho tr\u00e9nikov\u00e9ho dne byla na programu j\u00edzda do cca 40km vzd\u00e1len\u00e9ho m\u011bste\u010dka <span style=\"color: #800000;\"><strong>Vieste<\/strong><\/span>. Kompletn\u00ed na\u0161i tr\u00e9ninkovou skupinu v\u010detn\u011b Dominika Prudka p\u0159iv\u00edtalo star\u00e9 m\u011bsto ji\u017en\u00ed It\u00e1lie le\u017e\u00edc\u00ed na jazyku zem\u011b, vysok\u00e9m skalnat\u00e9m ostrohu vy\u010dn\u00edvaj\u00edc\u00edm do mo\u0159e v nejv\u00fdchodn\u011bj\u0161\u00ed \u010d\u00e1sti Gargana. Bylo postaveno v typick\u00e9m stylu kraje Apulie, s \u00fazk\u00fdmi uli\u010dkami, p\u0159\u00edkr\u00fdmi schody a neuv\u011b\u0159iteln\u011b b\u00edl\u00fdmi domy. MORAVCI ale nem\u011bli p\u0159\u00edli\u0161 \u010dasu kochat se m\u00edstn\u00edmi kr\u00e1sami neb je \u010dekala stejn\u00e1 distanc i zp\u011bt. A proto\u017ee zdej\u0161\u00ed krajina je opravdu &#8222;nahoru-dol\u016f&#8220;, na\u0161i op\u011bt potr\u00e9novali v\u00edce ne\u017e kvalitn\u011b&#8230;<\/p>\n<figure id=\"attachment_3737\" aria-describedby=\"caption-attachment-3737\" style=\"width: 374px\" class=\"wp-caption aligncenter\"><a href=\"http:\/\/www.moravecteam.cz\/?attachment_id=3737\" rel=\"attachment wp-att-3737\"><img decoding=\"async\" loading=\"lazy\" class=\"size-full wp-image-3737   \" alt=\"sta\u017een\u00fd soubor (3)\" src=\"http:\/\/www.moravecteam.cz\/wp-content\/uploads\/2016\/03\/sta\u017een\u00fd-soubor-3.jpg\" width=\"374\" height=\"280\" srcset=\"https:\/\/www.moravecteam.cz\/wp-content\/uploads\/2016\/03\/sta\u017een\u00fd-soubor-3.jpg 374w, https:\/\/www.moravecteam.cz\/wp-content\/uploads\/2016\/03\/sta\u017een\u00fd-soubor-3-300x224.jpg 300w\" sizes=\"(max-width: 374px) 100vw, 374px\" \/><\/a><figcaption id=\"caption-attachment-3737\" class=\"wp-caption-text\">A op\u011bt and\u011blsk\u00e1 b\u00edl\u00e1 v decentn\u00ed kombinaci s azurovou&#8230; V tomto ro\u010dn\u00edm obdob\u00ed jsou ale pl\u00e1\u017ee je\u0161t\u011b vesm\u011bs osi\u0159el\u00e9&#8230;<\/figcaption><\/figure>\n<p style=\"text-align: justify;\">I st\u0159eda 16. b\u0159ezna byla ve znamen\u00ed piln\u00e9 p\u0159\u00edpravy v r\u00e1mci pln\u011bn\u00ed stanoven\u00e9ho &#8222;letov\u00e9ho pl\u00e1nu&#8220;. Tentokr\u00e1t MORAVCE \u010dekala kondi\u010dn\u00ed j\u00edzda do\u00a0m\u011bste\u010dka <span style=\"color: #800000;\"><strong>Sant Giovanni Rotondo<\/strong><\/span>, kter\u00e9 je hojn\u011b vyhled\u00e1van\u00e9 poutn\u00edky, kte\u0159\u00ed sem p\u0159ich\u00e1zej\u00ed v nad\u011bji, \u017ee je uzdrav\u00ed Padre Pio (1887\u20131968), kter\u00fd je zde poh\u0159ben. Proto\u017ee je na\u0161e skupina ale veskrze zdrav\u00e1 a ve v\u00fdborn\u00e9 kondici, nebylo t\u0159eba t\u00e9to m\u00edstn\u00ed pozoruhodnosti nijak vyu\u017e\u00edvat. V r\u00e1mci tr\u00e9ninku to &#8222;ko\u0161tovalo&#8220; t\u00e9m\u011b\u0159 100km a zaj\u00edmav\u011b se chovalo op\u011bt nevyzpytateln\u00e9 po\u010das\u00ed: po dv\u011b t\u0159etiny trat\u011b panovalo slune\u010dno a teplota se pohybovala v optim\u00e1ln\u00edm rozmez\u00ed 15-20 \u00b0C. V z\u00e1v\u011bre\u010dn\u00e9 t\u0159etin\u011b ale p\u0159i\u0161el op\u011bt teplotn\u00ed &#8222;kotrmelec&#8220; v podob\u011b ochlazen\u00ed o 10 \u00b0C&#8230;<\/p>\n<figure id=\"attachment_3736\" aria-describedby=\"caption-attachment-3736\" style=\"width: 642px\" class=\"wp-caption alignnone\"><a href=\"http:\/\/www.moravecteam.cz\/?attachment_id=3736\" rel=\"attachment wp-att-3736\"><img decoding=\"async\" loading=\"lazy\" class=\" wp-image-3736\" alt=\"sta\u017een\u00fd soubor (4)\" src=\"http:\/\/www.moravecteam.cz\/wp-content\/uploads\/2016\/03\/sta\u017een\u00fd-soubor-4.jpg\" width=\"642\" height=\"374\" srcset=\"https:\/\/www.moravecteam.cz\/wp-content\/uploads\/2016\/03\/sta\u017een\u00fd-soubor-4.jpg 642w, https:\/\/www.moravecteam.cz\/wp-content\/uploads\/2016\/03\/sta\u017een\u00fd-soubor-4-300x174.jpg 300w\" sizes=\"(max-width: 642px) 100vw, 642px\" \/><\/a><figcaption id=\"caption-attachment-3736\" class=\"wp-caption-text\">Dal\u0161\u00ed poutav\u00fd pohled na azurov\u00e9 mo\u0159e&#8230;<\/figcaption><\/figure>\n<p style=\"text-align: justify;\">Tak\u017ee op\u011bt rekapitulace d\u016fle\u017eit\u00fdch dat dosavadn\u00edho pr\u016fb\u011bhu mise:\u00a0<span style=\"color: #800000;\"><strong>Zdravotn\u00ed stav rajdr\u016f:<\/strong><\/span>\u00a0OK, v\u0161ichni v optim\u00e1ln\u00ed zdravotn\u00ed a psychick\u00e9 pohod\u011b. \u00a0<strong><span style=\"color: #800000;\">Po\u010das\u00ed:<\/span><\/strong>\u00a0P\u0159etrv\u00e1v\u00e1 jeho prom\u011bnliv\u00fd r\u00e1z. <span style=\"color: #800000;\"><strong>Ztr\u00e1ty:<\/strong><\/span>\u00a0Technika OK, ostatn\u00ed ztr\u00e1ty &#8211; 0. \u00a0<span style=\"color: #800000;\"><strong>P\u0159\u00ed\u0161t\u00ed kom<a href=\"http:\/\/www.moravecteam.cz\/?attachment_id=3743\" rel=\"attachment wp-att-3743\"><img decoding=\"async\" loading=\"lazy\" class=\"size-full wp-image-3743 alignleft\" title=\"Monika nejen \u017ee st\u00edh\u00e1 plnit &quot;letov\u00fd pl\u00e1n&quot;, ale je l\u00eddrem v r\u00e1mci star\u00e1n\u00ed se o sytost b\u0159\u00ed\u0161ek na\u0161ich rajdr\u016f!\" alt=\"IMG_20160310_152034208a\" src=\"http:\/\/www.moravecteam.cz\/wp-content\/uploads\/2016\/03\/IMG_20160310_152034208a.jpg\" width=\"150\" height=\"200\" \/><\/a>unika\u010dn\u00ed okno:<\/strong><\/span> p\u00e1tek 18.b\u0159ezna 2016. Tak\u017ee v p\u00e1tek ve\u010der nezapome\u0148te zase mrknout na na\u0161e www. A je\u0161t\u011b jedna pozn\u00e1mka: v cen\u011b pobytu m\u00e1 na\u0161e invazn\u00ed skupiny sn\u00eddan\u011b a ve\u010de\u0159e. O stravu uprost\u0159ed dne se od za\u010d\u00e1tku mise vzorn\u011b star\u00e1 (tu\u0161\u00edm, \u017ee za asistence ostatn\u00edch dvou holek) <span style=\"color: #800000;\"><strong>Monika Kone\u010dn\u00e1<\/strong><\/span>! A zpr\u00e1vy agentur ud\u00e1vaj\u00ed, \u017ee kucha\u0159i m\u00edstn\u00edch p\u0159ilehl\u00fdch restaurac\u00ed a hosp\u016fdek na Monice \u017eadon\u00ed recepty&#8230; Bravo Moni a d\u00edky! A hlavn\u011b nic nevyzrazuj!<\/p>\n<figure id=\"attachment_3735\" aria-describedby=\"caption-attachment-3735\" style=\"width: 481px\" class=\"wp-caption alignnone\"><a href=\"http:\/\/www.moravecteam.cz\/?attachment_id=3735\" rel=\"attachment wp-att-3735\"><img decoding=\"async\" loading=\"lazy\" class=\" wp-image-3735\" alt=\"sta\u017een\u00fd soubor\" src=\"http:\/\/www.moravecteam.cz\/wp-content\/uploads\/2016\/03\/sta\u017een\u00fd-soubor.jpg\" width=\"481\" height=\"280\" srcset=\"https:\/\/www.moravecteam.cz\/wp-content\/uploads\/2016\/03\/sta\u017een\u00fd-soubor.jpg 481w, https:\/\/www.moravecteam.cz\/wp-content\/uploads\/2016\/03\/sta\u017een\u00fd-soubor-300x174.jpg 300w\" sizes=\"(max-width: 481px) 100vw, 481px\" \/><\/a><figcaption id=\"caption-attachment-3735\" class=\"wp-caption-text\">No a takhle vypad\u00e1 gargansk\u00e1 lokalita po setm\u011bn\u00ed&#8230;<\/figcaption><\/figure>\n<p style=\"text-align: justify;\">V\u010dera a dnes dorazilo po\u00a0komunika\u010dn\u00edm kan\u00e1le <span style=\"color: #800000;\"><strong>Luk\u00e1\u0161 Gregor<\/strong><\/span> &#8211; Veronika Koudelkov\u00e1 dal\u0161\u00edch patn\u00e1ct fotek &#8211; p\u011bkn\u00fdch st\u0159\u00edpk\u016f z mozaiky\u00a0 mise s kryc\u00edm n\u00e1zvem RENZO ZORZI. Doplnil jsem je obratem do st\u00e1vaj\u00edc\u00ed fotogalerie &#8211; <strong><a href=\"http:\/\/moravecteam.rajce.idnes.cz\/2016.03.09.-20._Soustredeni_GARGANO\/\">mrkn\u011bte sem<\/a>,\u00a0<\/strong>&#8222;Luque&#8220; se pr\u00fd rozfotil, budou pr\u00fd dal\u0161\u00ed a dal\u0161\u00ed&#8230;<\/p>\n","protected":false},"excerpt":{"rendered":"<p>Rovn\u00fd t\u00fdden tvrd\u00e9 fin\u00e1ln\u00ed p\u0159edsez\u00f3nn\u00ed p\u0159\u00edpravy m\u00e1 za sebou deseti\u010dlenn\u00e1 skupina MORAVC\u016e, operuj\u00edc\u00ed aktu\u00e1ln\u011b na jihu Evropy, na italsk\u00e9m poloostrov\u011b Gargano. Pl\u00e1novan\u00e9 st\u0159ede\u010dn\u00ed komunika\u010dn\u00ed okno prob\u011bhlo podle pl\u00e1nu, tak\u017ee se m\u016f\u017eeme ve stru\u010dnosti ohl\u00e9dnout za d\u011bn\u00edm uplynul\u00fdch t\u0159\u00ed dn\u00ed v r\u00e1mci mise RENZO ZORZI. Pond\u011bl\u00ed 14. b\u0159ezna bylo podle pl\u00e1nu dnem odpo\u010dinku a regenerace. Jedinou &hellip; <a href=\"https:\/\/www.moravecteam.cz\/?p=3723\" class=\"more-link\">Pokra\u010dov\u00e1n\u00ed textu <span class=\"screen-reader-text\">Gargansk\u00fd den\u00edk &#8211; 2.<\/span> <span class=\"meta-nav\">&rarr;<\/span><\/a><\/p>\n","protected":false},"author":3,"featured_media":3726,"comment_status":"open","ping_status":"closed","sticky":false,"template":"","format":"standard","meta":[],"categories":[9],"tags":[],"_links":{"self":[{"href":"https:\/\/www.moravecteam.cz\/index.php?rest_route=\/wp\/v2\/posts\/3723"}],"collection":[{"href":"https:\/\/www.moravecteam.cz\/index.php?rest_route=\/wp\/v2\/posts"}],"about":[{"href":"https:\/\/www.moravecteam.cz\/index.php?rest_route=\/wp\/v2\/types\/post"}],"author":[{"embeddable":true,"href":"https:\/\/www.moravecteam.cz\/index.php?rest_route=\/wp\/v2\/users\/3"}],"replies":[{"embeddable":true,"href":"https:\/\/www.moravecteam.cz\/index.php?rest_route=%2Fwp%2Fv2%2Fcomments&post=3723"}],"version-history":[{"count":12,"href":"https:\/\/www.moravecteam.cz\/index.php?rest_route=\/wp\/v2\/posts\/3723\/revisions"}],"predecessor-version":[{"id":3744,"href":"https:\/\/www.moravecteam.cz\/index.php?rest_route=\/wp\/v2\/posts\/3723\/revisions\/3744"}],"wp:featuredmedia":[{"embeddable":true,"href":"https:\/\/www.moravecteam.cz\/index.php?rest_route=\/wp\/v2\/media\/3726"}],"wp:attachment":[{"href":"https:\/\/www.moravecteam.cz\/index.php?rest_route=%2Fwp%2Fv2%2Fmedia&parent=3723"}],"wp:term":[{"taxonomy":"category","embeddable":true,"href":"https:\/\/www.moravecteam.cz\/index.php?rest_route=%2Fwp%2Fv2%2Fcategories&post=3723"},{"taxonomy":"post_tag","embeddable":true,"href":"https:\/\/www.moravecteam.cz\/index.php?rest_route=%2Fwp%2Fv2%2Ftags&post=3723"}],"curies":[{"name":"wp","href":"https:\/\/api.w.org\/{rel}","templated":true}]}}