{"id":3745,"date":"2016-03-21T12:15:30","date_gmt":"2016-03-21T11:15:30","guid":{"rendered":"http:\/\/www.moravecteam.cz\/?p=3745"},"modified":"2016-03-26T10:11:29","modified_gmt":"2016-03-26T09:11:29","slug":"co-se-bude-dit-st12","status":"publish","type":"post","link":"https:\/\/www.moravecteam.cz\/?p=3745","title":{"rendered":"Co se bude d\u00edt? (ST12)"},"content":{"rendered":"<h5><span style=\"color: #800000;\">\u00dater\u00fd 22.3. 2016<\/span><\/h5>\n<p style=\"text-align: justify;\">V r\u00e1mci\u00a0fini\u0161uj\u00edc\u00ed zimn\u00ed p\u0159\u00edpravy\u00a0od 18.00 hodin\u00a0cvi\u010den\u00ed v t\u011blocvi\u010dn\u011b pro \u00a0MORAVCE \u2013 hlavn\u011b d\u011bti ve v\u011bku do 18 let (mr\u0148ata)&#8230; Atletick\u00e1 t\u00edlka V\u00e1m (i sob\u011b) \u00a0 prot\u00e1hne Petr. P\u0159ij\u010fte v hojn\u00e9m po\u010dtu! Na \u00fatern\u00edm cvi\u010den\u00ed se domluv\u00edme, zda potr\u00e9nujem i na sv\u00e1te\u010dn\u00ed Velikono\u010dn\u00ed Velk\u00fd p\u00e1tek.<\/p>\n<h5><span style=\"color: #800000;\">Sobota\u00a026.3. 2016<\/span><\/h5>\n<p style=\"text-align: justify;\">Prvn\u00ed ostr\u00fd z\u00e1vodn\u00ed test v r\u00e1mci Pra\u017esk\u00e9ho MTB poh\u00e1ru. Bli\u017e\u0161\u00ed informace poskytnou na\u0161i tren\u00e9\u0159i V\u00ed\u0165a Prudek s Milanem Tlamkou. <a href=\"http:\/\/prahamtb.cz\/?p=4200\"><strong>Zde naleznete k z\u00e1vodu podrobnosti<\/strong><\/a>.<\/p>\n<h5><span style=\"color: #800000;\">Pond\u011bl\u00ed 28.3. 2016<\/span><\/h5>\n<p style=\"text-align: justify;\">Velikono\u010dn\u00ed nen\u00e1ro\u010dn\u00e1 odd\u00edlov\u00e1 vych\u00e1zka okolo Boskovic. Sraz turist\u016f je v 11.00 hodin v s\u00eddle MORAVEC Teamu, v Boskovic\u00edch , n\u00e1m. 9. kv\u011btna 9. P\u0159ij\u010fte \u00a0vy\u0159e\u0161it netradi\u010dn\u011b Velikono\u010dn\u00ed pond\u011bl\u00ed &#8211; v hojn\u00e9m po\u010dtu!<\/p>\n","protected":false},"excerpt":{"rendered":"<p>\u00dater\u00fd 22.3. 2016 V r\u00e1mci\u00a0fini\u0161uj\u00edc\u00ed zimn\u00ed p\u0159\u00edpravy\u00a0od 18.00 hodin\u00a0cvi\u010den\u00ed v t\u011blocvi\u010dn\u011b pro \u00a0MORAVCE \u2013 hlavn\u011b d\u011bti ve v\u011bku do 18 let (mr\u0148ata)&#8230; Atletick\u00e1 t\u00edlka V\u00e1m (i sob\u011b) \u00a0 prot\u00e1hne Petr. P\u0159ij\u010fte v hojn\u00e9m po\u010dtu! Na \u00fatern\u00edm cvi\u010den\u00ed se domluv\u00edme, zda potr\u00e9nujem i na sv\u00e1te\u010dn\u00ed Velikono\u010dn\u00ed Velk\u00fd p\u00e1tek. Sobota\u00a026.3. 2016 Prvn\u00ed ostr\u00fd z\u00e1vodn\u00ed test v r\u00e1mci &hellip; <a href=\"https:\/\/www.moravecteam.cz\/?p=3745\" class=\"more-link\">Pokra\u010dov\u00e1n\u00ed textu <span class=\"screen-reader-text\">Co se bude d\u00edt? (ST12)<\/span> <span class=\"meta-nav\">&rarr;<\/span><\/a><\/p>\n","protected":false},"author":3,"featured_media":3769,"comment_status":"open","ping_status":"closed","sticky":false,"template":"","format":"standard","meta":[],"categories":[11],"tags":[],"_links":{"self":[{"href":"https:\/\/www.moravecteam.cz\/index.php?rest_route=\/wp\/v2\/posts\/3745"}],"collection":[{"href":"https:\/\/www.moravecteam.cz\/index.php?rest_route=\/wp\/v2\/posts"}],"about":[{"href":"https:\/\/www.moravecteam.cz\/index.php?rest_route=\/wp\/v2\/types\/post"}],"author":[{"embeddable":true,"href":"https:\/\/www.moravecteam.cz\/index.php?rest_route=\/wp\/v2\/users\/3"}],"replies":[{"embeddable":true,"href":"https:\/\/www.moravecteam.cz\/index.php?rest_route=%2Fwp%2Fv2%2Fcomments&post=3745"}],"version-history":[{"count":6,"href":"https:\/\/www.moravecteam.cz\/index.php?rest_route=\/wp\/v2\/posts\/3745\/revisions"}],"predecessor-version":[{"id":3824,"href":"https:\/\/www.moravecteam.cz\/index.php?rest_route=\/wp\/v2\/posts\/3745\/revisions\/3824"}],"wp:featuredmedia":[{"embeddable":true,"href":"https:\/\/www.moravecteam.cz\/index.php?rest_route=\/wp\/v2\/media\/3769"}],"wp:attachment":[{"href":"https:\/\/www.moravecteam.cz\/index.php?rest_route=%2Fwp%2Fv2%2Fmedia&parent=3745"}],"wp:term":[{"taxonomy":"category","embeddable":true,"href":"https:\/\/www.moravecteam.cz\/index.php?rest_route=%2Fwp%2Fv2%2Fcategories&post=3745"},{"taxonomy":"post_tag","embeddable":true,"href":"https:\/\/www.moravecteam.cz\/index.php?rest_route=%2Fwp%2Fv2%2Ftags&post=3745"}],"curies":[{"name":"wp","href":"https:\/\/api.w.org\/{rel}","templated":true}]}}