{"id":3747,"date":"2016-03-21T06:25:01","date_gmt":"2016-03-21T05:25:01","guid":{"rendered":"http:\/\/www.moravecteam.cz\/?p=3747"},"modified":"2016-03-21T21:41:03","modified_gmt":"2016-03-21T20:41:03","slug":"gargansky-denik-3","status":"publish","type":"post","link":"https:\/\/www.moravecteam.cz\/?p=3747","title":{"rendered":"Gargansk\u00fd den\u00edk &#8211; 3."},"content":{"rendered":"<p style=\"text-align: justify;\"><strong><span style=\"color: #800000;\">Ne\u017e jsme se nad\u00e1li, historick\u00e1 mise na\u0161ich rajdr\u016f na Apeninsk\u00fd poloostrov, p\u0159i kter\u00e9 des\u00edtka MORAVC\u016e naj\u00ed\u017ed\u011bla v r\u00e1mci fin\u00e1ln\u00ed \u010d\u00e1sti zimn\u00ed p\u0159\u00edpravy prvn\u00ed ostr\u00e9 kilometry, je v pomysln\u00e9 c\u00edlov\u00e9 rovince! Oproti p\u016fvodn\u00edmu p\u0159edpokladu se na\u0161i p\u0159esunovali zp\u011bt do domoviny o den d\u0159\u00edve, tak\u017ee n\u011bkte\u0159\u00ed z nich se stihli v ned\u011bln\u00edm podve\u010deru &#8222;potkat&#8220; s b\u00e1jn\u00fdmi Yetti, kter\u00e9m jsme po roce op\u011bt \u00fasp\u011b\u0161n\u011b zkontaktovali.<\/span><\/strong><\/p>\n<figure id=\"attachment_3782\" aria-describedby=\"caption-attachment-3782\" style=\"width: 2811px\" class=\"wp-caption alignnone\"><a href=\"http:\/\/www.moravecteam.cz\/?attachment_id=3782\" rel=\"attachment wp-att-3782\"><img decoding=\"async\" loading=\"lazy\" class=\" wp-image-3782\" alt=\"DSCN0306\" src=\"http:\/\/www.moravecteam.cz\/wp-content\/uploads\/2016\/03\/DSCN0306.jpg\" width=\"2811\" height=\"2864\" srcset=\"https:\/\/www.moravecteam.cz\/wp-content\/uploads\/2016\/03\/DSCN0306.jpg 2811w, https:\/\/www.moravecteam.cz\/wp-content\/uploads\/2016\/03\/DSCN0306-25x25.jpg 25w, https:\/\/www.moravecteam.cz\/wp-content\/uploads\/2016\/03\/DSCN0306-294x300.jpg 294w, https:\/\/www.moravecteam.cz\/wp-content\/uploads\/2016\/03\/DSCN0306-1005x1024.jpg 1005w\" sizes=\"(max-width: 2811px) 100vw, 2811px\" \/><\/a><figcaption id=\"caption-attachment-3782\" class=\"wp-caption-text\">Gargano je sm\u011brovkou do leto\u0161n\u00ed z\u00e1vodn\u00ed sez\u00f3ny MORAVEC Teamu.<\/figcaption><\/figure>\n<p style=\"text-align: justify;\">T\u0159et\u00ed, z\u00e1v\u011bre\u010dn\u00e9 komunika\u010dn\u00ed okno, kter\u00e9 jsem s na\u0161\u00edm tren\u00e9rem V\u0165ou Prudkem otev\u0159el v p\u00e1tek ve\u010der, bylo u\u017e tedy tak trochu pod dojmem p\u0159\u00edprav na jednodenn\u00ed zp\u00e1te\u010dn\u00ed cestu. I kdy\u017e v posledn\u00ed dny pobytu na\u0161im po\u010das\u00ed nep\u0159\u00e1lo (p\u0159evl\u00e1dalo de\u0161tivo a chladno), p\u0159esto si desetidenn\u00ed p\u0159\u00edpravn\u00fd pobyt na Gargansk\u00e9m poloostrov\u011b n\u00e1\u0161 &#8222;Head Coach&#8220; pochvaloval. Objemov\u00e9 z\u00e1m\u011bry byly spln\u011bny s p\u0159edstihem a kondi\u010dn\u00ed, v pravd\u011b horsk\u00e1 turistika, kterou na\u0161i za nep\u0159\u00edzniv\u00fdch klimatick\u00fdch pom\u011br\u016f praktikovali, byla vhodn\u00fdm a v\u00edtan\u00fdm tr\u00e9ninkov\u00fdm dopl\u0148kem. Ale i v z\u00e1v\u011bre\u010dn\u00fdch dnech mohli m\u00edstn\u00ed domorodci samoz\u0159ejm\u011b spat\u0159it na\u0161e v sedlech. P\u0159edev\u0161\u00edm odv\u00e1\u017en\u00e1 j\u00edzda tunely, kter\u00fdch je v p\u0159ilehl\u00e9m okol\u00ed bezpo\u010det, zaujala a prok\u00e1zala state\u010dn\u00e1 srdce na\u0161ich rajdr\u016f! A \u017ee v samotn\u00e9m z\u00e1v\u011bru pobytu nechyb\u011bli ani odv\u00e1\u017en\u00e9 plaveck\u00e9 v\u00fdkony na\u0161ich v Jadersk\u00e9m mo\u0159i zase dokazuje vysokou m\u00edru jejich otu\u017eilosti (teplota vody se pohybovala okolo 15\u00b0C)&#8230;<\/p>\n<figure id=\"attachment_3784\" aria-describedby=\"caption-attachment-3784\" style=\"width: 3410px\" class=\"wp-caption alignnone\"><a href=\"http:\/\/www.moravecteam.cz\/?attachment_id=3784\" rel=\"attachment wp-att-3784\"><img decoding=\"async\" loading=\"lazy\" class=\" wp-image-3784 \" alt=\"DSCN0354a\" src=\"http:\/\/www.moravecteam.cz\/wp-content\/uploads\/2016\/03\/DSCN0354a.jpg\" width=\"3410\" height=\"3197\" srcset=\"https:\/\/www.moravecteam.cz\/wp-content\/uploads\/2016\/03\/DSCN0354a.jpg 3410w, https:\/\/www.moravecteam.cz\/wp-content\/uploads\/2016\/03\/DSCN0354a-300x281.jpg 300w, https:\/\/www.moravecteam.cz\/wp-content\/uploads\/2016\/03\/DSCN0354a-1024x960.jpg 1024w\" sizes=\"(max-width: 3410px) 100vw, 3410px\" \/><\/a><figcaption id=\"caption-attachment-3784\" class=\"wp-caption-text\">Z\u00e1kladem ka\u017ed\u00e9ho \u00fasp\u011bchu je soudr\u017en\u00fd, dob\u0159e sehran\u00fd t\u00fdm! V\u0161e nasv\u011bd\u010duje, \u017ee italsk\u00e1 tr\u00e9ninkov\u00e1 mise k tomuto v\u00fdznam\u011b napomohla.<\/figcaption><\/figure>\n<p style=\"text-align: justify;\">Historicky prvn\u00ed tr\u00e9ninkov\u00fd pobyt MORAVC\u016e v zahrani\u010d\u00ed je tedy minulost\u00ed. Kompletn\u00ed des\u00edtka v ned\u011bln\u00edm odpoledni v po\u0159\u00e1dku dos\u00e1hla n\u00e1stupn\u00edho \/ v\u00fdstupn\u00edho \u00a0bodu (Olomouc) a my u\u017e te\u010f budeme s nap\u011bt\u00edm \u010dekat, jak se poctivou, nejen\u00a0b\u0159eznovou p\u0159\u00edpravu v It\u00e1lii, poda\u0159\u00ed \u00faro\u010dit v r\u00e1mci dal\u0161\u00ed z\u00e1vodn\u00ed sez\u00f3ny, na jej\u00edm\u017e prahu MORAVEC stoj\u00ed&#8230; A na prvn\u00ed sign\u00e1l, jak na tom po zimn\u00ed tr\u00e9ninkov\u00e9 \u0159eholi jsme, nebudeme muset \u010dekat p\u0159\u00edli\u0161 dlouho: o velikono\u010dn\u00ed\u00a0sobot\u011b\u00a0se ji\u017e na\u0161e dresy s nejv\u011bt\u0161\u00ed pravd\u011bpodobnost\u00ed objev\u00ed na prvn\u00edm z\u00e1vod\u011b Pra\u017esk\u00e9ho MTB poh\u00e1ru!\u00a0S nap\u011bt\u00edm budeme dr\u017eet palce! A samoz\u0159\u0159ejm\u011b, \u017ee nejen tuto sobotu! V pravd\u011b stovky fotek z mise RENZO ZORZI okoukn\u011bte v t\u00e9to bohat\u00e9\u00a0<a href=\"http:\/\/moravecteam.rajce.idnes.cz\/2016.03.09.-20._Soustredeni_GARGANO\/\"><strong>footogalerii<\/strong>.<\/a><\/p>\n","protected":false},"excerpt":{"rendered":"<p>Ne\u017e jsme se nad\u00e1li, historick\u00e1 mise na\u0161ich rajdr\u016f na Apeninsk\u00fd poloostrov, p\u0159i kter\u00e9 des\u00edtka MORAVC\u016e naj\u00ed\u017ed\u011bla v r\u00e1mci fin\u00e1ln\u00ed \u010d\u00e1sti zimn\u00ed p\u0159\u00edpravy prvn\u00ed ostr\u00e9 kilometry, je v pomysln\u00e9 c\u00edlov\u00e9 rovince! Oproti p\u016fvodn\u00edmu p\u0159edpokladu se na\u0161i p\u0159esunovali zp\u011bt do domoviny o den d\u0159\u00edve, tak\u017ee n\u011bkte\u0159\u00ed z nich se stihli v ned\u011bln\u00edm podve\u010deru &#8222;potkat&#8220; s b\u00e1jn\u00fdmi Yetti, &hellip; <a href=\"https:\/\/www.moravecteam.cz\/?p=3747\" class=\"more-link\">Pokra\u010dov\u00e1n\u00ed textu <span class=\"screen-reader-text\">Gargansk\u00fd den\u00edk &#8211; 3.<\/span> <span class=\"meta-nav\">&rarr;<\/span><\/a><\/p>\n","protected":false},"author":3,"featured_media":3783,"comment_status":"open","ping_status":"closed","sticky":false,"template":"","format":"standard","meta":[],"categories":[9],"tags":[],"_links":{"self":[{"href":"https:\/\/www.moravecteam.cz\/index.php?rest_route=\/wp\/v2\/posts\/3747"}],"collection":[{"href":"https:\/\/www.moravecteam.cz\/index.php?rest_route=\/wp\/v2\/posts"}],"about":[{"href":"https:\/\/www.moravecteam.cz\/index.php?rest_route=\/wp\/v2\/types\/post"}],"author":[{"embeddable":true,"href":"https:\/\/www.moravecteam.cz\/index.php?rest_route=\/wp\/v2\/users\/3"}],"replies":[{"embeddable":true,"href":"https:\/\/www.moravecteam.cz\/index.php?rest_route=%2Fwp%2Fv2%2Fcomments&post=3747"}],"version-history":[{"count":7,"href":"https:\/\/www.moravecteam.cz\/index.php?rest_route=\/wp\/v2\/posts\/3747\/revisions"}],"predecessor-version":[{"id":3785,"href":"https:\/\/www.moravecteam.cz\/index.php?rest_route=\/wp\/v2\/posts\/3747\/revisions\/3785"}],"wp:featuredmedia":[{"embeddable":true,"href":"https:\/\/www.moravecteam.cz\/index.php?rest_route=\/wp\/v2\/media\/3783"}],"wp:attachment":[{"href":"https:\/\/www.moravecteam.cz\/index.php?rest_route=%2Fwp%2Fv2%2Fmedia&parent=3747"}],"wp:term":[{"taxonomy":"category","embeddable":true,"href":"https:\/\/www.moravecteam.cz\/index.php?rest_route=%2Fwp%2Fv2%2Fcategories&post=3747"},{"taxonomy":"post_tag","embeddable":true,"href":"https:\/\/www.moravecteam.cz\/index.php?rest_route=%2Fwp%2Fv2%2Ftags&post=3747"}],"curies":[{"name":"wp","href":"https:\/\/api.w.org\/{rel}","templated":true}]}}