{"id":3750,"date":"2016-03-21T08:50:15","date_gmt":"2016-03-21T07:50:15","guid":{"rendered":"http:\/\/www.moravecteam.cz\/?p=3750"},"modified":"2016-03-21T19:54:05","modified_gmt":"2016-03-21T18:54:05","slug":"nedelni-piknik-s-yetti","status":"publish","type":"post","link":"https:\/\/www.moravecteam.cz\/?p=3750","title":{"rendered":"Ned\u011bln\u00ed piknik s YETTI!"},"content":{"rendered":"<p style=\"text-align: justify;\"><span style=\"color: #800000;\"><strong>Dal\u0161\u00ed, l\u00e9ty u\u017e tradi\u010dn\u00ed akce v re\u017eii na\u0161eho odd\u00edlu p\u0159il\u00e1kala po\u010detnou skupinu stopa\u0159\u016f i letos. A\u017e jsem byl p\u0159ekvapen, p\u0159i\u00a0dojedn\u00e1v\u00e1n\u00ed setk\u00e1n\u00ed se dv\u011bma himal\u00e1jsk\u00fdmi sn\u011b\u017en\u00fdmi mu\u017ei, co v lese je\u0161t\u011b zbylo\u00a0z ledov\u00fdch &#8222;injekc\u00edch&#8220; minul\u00fdch dn\u00ed sn\u011bhu&#8230; A tato skute\u010dnost n\u00e1m hodn\u011b usnadnila p\u00e1tr\u00e1n\u00ed, proto\u017ee kvalitn\u00edch stop bylo tentokr\u00e1t skute\u010dn\u011b v\u00edc, ne\u017e dost!<\/strong><\/span><\/p>\n<figure id=\"attachment_3777\" aria-describedby=\"caption-attachment-3777\" style=\"width: 3672px\" class=\"wp-caption alignnone\"><a href=\"http:\/\/www.moravecteam.cz\/?attachment_id=3777\" rel=\"attachment wp-att-3777\"><img decoding=\"async\" loading=\"lazy\" class=\" wp-image-3777\" alt=\"DSCN7228\" src=\"http:\/\/www.moravecteam.cz\/wp-content\/uploads\/2016\/03\/DSCN7228.jpg\" width=\"3672\" height=\"2474\" srcset=\"https:\/\/www.moravecteam.cz\/wp-content\/uploads\/2016\/03\/DSCN7228.jpg 3672w, https:\/\/www.moravecteam.cz\/wp-content\/uploads\/2016\/03\/DSCN7228-300x202.jpg 300w, https:\/\/www.moravecteam.cz\/wp-content\/uploads\/2016\/03\/DSCN7228-1024x689.jpg 1024w\" sizes=\"(max-width: 3672px) 100vw, 3672px\" \/><\/a><figcaption id=\"caption-attachment-3777\" class=\"wp-caption-text\">Letos se n\u00e1s &#8222;na startu&#8220; neb\u00fdvale urodilo!<\/figcaption><\/figure>\n<p style=\"text-align: justify;\">U n\u011bkdej\u0161\u00ed partyz\u00e1nsk\u00e9 chaty, na druh\u00e9m nejvy\u0161\u0161\u00edm bod\u011b Drahansk\u00e9 vrchoviny (sk\u00e1ly &#8211; 734 m.n.m.), kde bilater\u00e1ln\u00ed setk\u00e1n\u00ed u\u017e po l\u00e9ta pravideln\u011b prob\u00edh\u00e1, pl\u00e1polal i letos ohe\u0148, kter\u00fd p\u0159\u00edjemn\u011b zah\u0159\u00edval p\u0159\u00edtomn\u00e9 a kter\u00fd p\u0159edev\u0161\u00edm\u00a0zajistil sv\u00fdm \u017e\u00e1rem\u00a0 stopa\u0159\u016fm\u00a0op\u00e9kanou\u00a0p\u00e1rkovou pochutinu, kter\u00e1\u017eto k akci t\u00e9\u017e neodmysliteln\u011b\u00a0pat\u0159\u00ed. Koho neproh\u0159\u00e1l plamen t\u00e1bor\u00e1\u010dku z vn\u011bj\u0161ku, ten se mohl zah\u0159\u00e1t vnit\u0159n\u011b hork\u00fdm ovocn\u00fdm \u010dajem (p\u0159\u00edpadn\u011b i n\u011b\u010d\u00edm jin\u00fdm), tak\u017ee pod bedliv\u00fdm dozorem p\u0159edsedkyn\u011b na\u0161eho FAN Klubu, Maru\u0161ky Zouharov\u00e9, jsme v optim\u00e1ln\u00ed tepeln\u00e9 pohod\u011b zap\u0159edli nespo\u010det r\u016fzn\u00fdch\u00a0 dialog\u016f obdivuj\u00edce p\u0159i tom z\u00e1rove\u0148 op\u011bt po roce vybudovanou ch\u00fd\u0161i dvou sn\u011b\u017en\u00fdch p\u0159elud\u016f,\u00a0kter\u00e9 jsme\u00a0op\u011bt zastihli v dobr\u00e9 n\u00e1lad\u011b a je\u0161t\u011b lep\u0161\u00ed\u00a0kondici. Jedinou malou v\u00fdjimkou je skute\u010dnost, \u017ee Yettimu \u010d.2 tro\u0161ku zesl\u00e1bnul zrak a tud\u00ed\u017e jsme mohli s obdivem p\u0159es zarostlou tv\u00e1\u0159 uvid\u011bt, \u017ee nos\u00ed br\u00fdle! Dal\u0161\u00ed d\u016fkaz toho, \u017ee chlapi jsou u\u017e u n\u00e1s jako doma, a \u017ee by n\u00e1s m\u011bli n\u011bkdy je\u0161t\u011b opustit, se u\u017e asi nemus\u00edme b\u00e1t!<\/p>\n<figure id=\"attachment_3772\" aria-describedby=\"caption-attachment-3772\" style=\"width: 1308px\" class=\"wp-caption alignnone\"><a href=\"http:\/\/www.moravecteam.cz\/?attachment_id=3772\" rel=\"attachment wp-att-3772\"><img decoding=\"async\" loading=\"lazy\" class=\" wp-image-3772 \" alt=\"DSCN7243a\" src=\"http:\/\/www.moravecteam.cz\/wp-content\/uploads\/2016\/03\/DSCN7243a.jpg\" width=\"1308\" height=\"893\" srcset=\"https:\/\/www.moravecteam.cz\/wp-content\/uploads\/2016\/03\/DSCN7243a.jpg 1308w, https:\/\/www.moravecteam.cz\/wp-content\/uploads\/2016\/03\/DSCN7243a-300x204.jpg 300w, https:\/\/www.moravecteam.cz\/wp-content\/uploads\/2016\/03\/DSCN7243a-1024x699.jpg 1024w\" sizes=\"(max-width: 1308px) 100vw, 1308px\" \/><\/a><figcaption id=\"caption-attachment-3772\" class=\"wp-caption-text\">Na kole YETTI um\u00ed! V\u0161ak v minulosti se z\u00fa\u010dastnili v r\u00e1mci Velk\u00e9 ceny Bene\u0161ova z\u00e1vodu Ukrajina Cup.<\/figcaption><\/figure>\n<p style=\"text-align: justify;\">Po uspokojen\u00ed na\u0161ich b\u0159\u00ed\u0161ek ope\u010den\u00fdmi bu\u0159t\u00edky jsme dva na\u0161e chlupat\u00e9 k\u00e1mo\u0161e pozvali na opl\u00e1tku zase my, na pokra\u010dov\u00e1n\u00ed setk\u00e1n\u00ed, kter\u00e9 bylo pl\u00e1novan\u00e9 na podve\u010der do neku\u0159\u00e1ck\u00e9 \u010d\u00e1sti restaurace Morava. P\u0159edvojem byli op\u011bt t\u0159i cyklist\u00e9 (Petr, Mat\u00fdsek a Verunka), nicm\u00e9n\u011b Petr v\u011bd\u011bl, \u017ee n\u00e1s na Morav\u011b u\u017e \u010dekaj\u00ed dva veter\u00e1ni pr\u00e1v\u011b skon\u010den\u00e9 Gargansk\u00e9 mise, V\u00ed\u0165a a Dom\u010da Prudkovi, p\u0159i\u010dem\u017e t\u0159et\u00ed hrdinka z It\u00e1lie, Ani\u010dka Zem\u00e1nkov\u00e1, za n\u00e1mi stihla dorazit jako \u010dtvrt\u00fd cyklista je\u0161t\u011b i k\u00a0t\u00e1borov\u00e9mu ohni! A v\u011b\u0159te &#8211; nev\u011b\u0159te:\u00a0 z &#8222;garg\u00e1nc\u016f&#8220; sr\u0161\u00ed energie\u00a0na prvn\u00ed\u00a0pohled! A jak u\u017e b\u00fdv\u00e1 tradic\u00ed,\u00a0necht\u011blo-li se n\u00e1m odch\u00e1zet z lesa od t\u00e1bor\u00e1ku, tak z \u00fatuln\u00e9 to\u00a0na\u0161\u00ed mate\u0159sk\u00e9 hosp\u016fdky u\u017e v\u016fbec ne&#8230; Zde\u00a0mrkn\u011bte na\u00a0<strong><a href=\"http:\/\/moravecteam.rajce.idnes.cz\/2016.03.20._Po_stopach_YETTI\/\">fotogalerii z stopov\u00e1n\u00ed Yetti<\/a><\/strong>&#8230;<\/p>\n","protected":false},"excerpt":{"rendered":"<p>Dal\u0161\u00ed, l\u00e9ty u\u017e tradi\u010dn\u00ed akce v re\u017eii na\u0161eho odd\u00edlu p\u0159il\u00e1kala po\u010detnou skupinu stopa\u0159\u016f i letos. A\u017e jsem byl p\u0159ekvapen, p\u0159i\u00a0dojedn\u00e1v\u00e1n\u00ed setk\u00e1n\u00ed se dv\u011bma himal\u00e1jsk\u00fdmi sn\u011b\u017en\u00fdmi mu\u017ei, co v lese je\u0161t\u011b zbylo\u00a0z ledov\u00fdch &#8222;injekc\u00edch&#8220; minul\u00fdch dn\u00ed sn\u011bhu&#8230; A tato skute\u010dnost n\u00e1m hodn\u011b usnadnila p\u00e1tr\u00e1n\u00ed, proto\u017ee kvalitn\u00edch stop bylo tentokr\u00e1t skute\u010dn\u011b v\u00edc, ne\u017e dost! U n\u011bkdej\u0161\u00ed partyz\u00e1nsk\u00e9 &hellip; <a href=\"https:\/\/www.moravecteam.cz\/?p=3750\" class=\"more-link\">Pokra\u010dov\u00e1n\u00ed textu <span class=\"screen-reader-text\">Ned\u011bln\u00ed piknik s YETTI!<\/span> <span class=\"meta-nav\">&rarr;<\/span><\/a><\/p>\n","protected":false},"author":3,"featured_media":3770,"comment_status":"open","ping_status":"closed","sticky":false,"template":"","format":"standard","meta":[],"categories":[13],"tags":[],"_links":{"self":[{"href":"https:\/\/www.moravecteam.cz\/index.php?rest_route=\/wp\/v2\/posts\/3750"}],"collection":[{"href":"https:\/\/www.moravecteam.cz\/index.php?rest_route=\/wp\/v2\/posts"}],"about":[{"href":"https:\/\/www.moravecteam.cz\/index.php?rest_route=\/wp\/v2\/types\/post"}],"author":[{"embeddable":true,"href":"https:\/\/www.moravecteam.cz\/index.php?rest_route=\/wp\/v2\/users\/3"}],"replies":[{"embeddable":true,"href":"https:\/\/www.moravecteam.cz\/index.php?rest_route=%2Fwp%2Fv2%2Fcomments&post=3750"}],"version-history":[{"count":10,"href":"https:\/\/www.moravecteam.cz\/index.php?rest_route=\/wp\/v2\/posts\/3750\/revisions"}],"predecessor-version":[{"id":3780,"href":"https:\/\/www.moravecteam.cz\/index.php?rest_route=\/wp\/v2\/posts\/3750\/revisions\/3780"}],"wp:featuredmedia":[{"embeddable":true,"href":"https:\/\/www.moravecteam.cz\/index.php?rest_route=\/wp\/v2\/media\/3770"}],"wp:attachment":[{"href":"https:\/\/www.moravecteam.cz\/index.php?rest_route=%2Fwp%2Fv2%2Fmedia&parent=3750"}],"wp:term":[{"taxonomy":"category","embeddable":true,"href":"https:\/\/www.moravecteam.cz\/index.php?rest_route=%2Fwp%2Fv2%2Fcategories&post=3750"},{"taxonomy":"post_tag","embeddable":true,"href":"https:\/\/www.moravecteam.cz\/index.php?rest_route=%2Fwp%2Fv2%2Ftags&post=3750"}],"curies":[{"name":"wp","href":"https:\/\/api.w.org\/{rel}","templated":true}]}}