{"id":3752,"date":"2016-03-21T03:00:43","date_gmt":"2016-03-21T02:00:43","guid":{"rendered":"http:\/\/www.moravecteam.cz\/?p=3752"},"modified":"2016-03-21T21:52:01","modified_gmt":"2016-03-21T20:52:01","slug":"jirka-stepanik-zrychluje","status":"publish","type":"post","link":"https:\/\/www.moravecteam.cz\/?p=3752","title":{"rendered":"Jura \u0160t\u011bpan\u00edk zrychluje!"},"content":{"rendered":"<p style=\"text-align: justify;\"><span style=\"color: #800000;\"><strong>I letos se bude moci op\u0159\u00edt sloupsk\u00fd Jirka \u0160t\u011bpan\u00edk o vydatn\u00fd aerobn\u00ed z\u00e1klad. Sv\u011bd\u010d\u00ed o tom v\u00fdsledky, kter\u00fdch postupn\u011b dosahuje na z\u00e1vodech Brn\u011bnsk\u00e9ho b\u011b\u017eeck\u00e9ho poh\u00e1ru, a kter\u00e9 maj\u00ed jednozna\u010dn\u011b vzestupnou tendenci. A proto\u017ee Jirka tuto formu zimn\u00ed p\u0159\u00edpravy \u0159e\u0161\u00ed v na\u0161em dresu, jsme p\u0159i ka\u017ed\u00e9m dal\u0161\u00edm z\u00e1vod\u011b t\u00e9to b\u011b\u017eeck\u00e9 s\u00e9rie ve st\u0159ehu a nejinak tomu bylo i o minul\u00e9m v\u00edkendu.<\/strong><\/span><\/p>\n<p style=\"text-align: justify;\"><a href=\"http:\/\/www.moravecteam.cz\/?attachment_id=3786\" rel=\"attachment wp-att-3786\"><img decoding=\"async\" loading=\"lazy\" class=\"size-full wp-image-3786 alignleft\" title=\"Jirka \u0160t\u011bpan\u00edk zab\u011bhl v okol\u00ed brn\u011bnsk\u00e9 Myslivny v\u00fdbornou &quot;p\u011btku&quot;!\" alt=\"P1590148\" src=\"http:\/\/www.moravecteam.cz\/wp-content\/uploads\/2016\/03\/P1590148.jpg\" width=\"211\" height=\"250\" \/><\/a>B\u011b\u017eelo se op\u011bt v Brn\u011b, tentokr\u00e1t v okol\u00ed legend\u00e1rn\u00edho hotelu Myslivna a p\u00e1t\u00e9 m\u00edsto Jirky \u0160t\u011bpan\u00edka z juniorsk\u00e9 &#8222;p\u011btky&#8220; m\u00e1 beze sporu vysokou cenu. Nerad bych se m\u00fdlil, ale d\u0159\u00edv ne\u017e se leto\u0161n\u00ed ro\u010dn\u00edk BBP uzav\u0159e, dovoluji si p\u0159edpov\u011bd\u011bt, \u017ee Jirka je\u0161t\u011b stihne na zaslou\u017eenou &#8222;bednu&#8220; vyb\u011bhnout! Za vzorn\u00e9 repre odd\u00edlu mu pat\u0159\u00ed d\u00edk\u00a0 a k v\u00fdsledku gratulova\u010dka! Dal\u0161\u00ed n\u00e1\u0161 pravideln\u00fd atletick\u00fd reprezentant, Petr Bo\u0159il, tentokr\u00e1t ve v\u00fdsledkov\u00fdch listin\u00e1ch neobjevil a tak jsme mohli alespo\u0148 na d\u00e1lku zatleskat okrouhlick\u00fdm borc\u016fm Luk\u00e1\u0161i Koudelkovi a Petrovi Kone\u010dn\u00e9mu, kte\u0159\u00ed na hlavn\u00ed trati dob\u011bhli mezi mu\u017ei na 17. resp. 18. m\u00edst\u011b se ztr\u00e1tou n\u011bco m\u00e1lo p\u0159es p\u011bt minut na v\u00edt\u011bzn\u00e9ho Luk\u00e1\u0161e Olejn\u00ed\u010dka. Dost dobr\u00fd&#8230; \u00a0Zde m\u016f\u017eete studovat<strong><a href=\"http:\/\/www.atletikauni.cz\/cz\/s1522\/Vysledky\/Seznam-probehlych-akci\/c2132-Detail-akce\/ata236-BBP-9-Beh-kolem-Myslivny\"> kompletn\u00ed v\u00fdsledky<\/a><\/strong>.<\/p>\n","protected":false},"excerpt":{"rendered":"<p>I letos se bude moci op\u0159\u00edt sloupsk\u00fd Jirka \u0160t\u011bpan\u00edk o vydatn\u00fd aerobn\u00ed z\u00e1klad. Sv\u011bd\u010d\u00ed o tom v\u00fdsledky, kter\u00fdch postupn\u011b dosahuje na z\u00e1vodech Brn\u011bnsk\u00e9ho b\u011b\u017eeck\u00e9ho poh\u00e1ru, a kter\u00e9 maj\u00ed jednozna\u010dn\u011b vzestupnou tendenci. A proto\u017ee Jirka tuto formu zimn\u00ed p\u0159\u00edpravy \u0159e\u0161\u00ed v na\u0161em dresu, jsme p\u0159i ka\u017ed\u00e9m dal\u0161\u00edm z\u00e1vod\u011b t\u00e9to b\u011b\u017eeck\u00e9 s\u00e9rie ve st\u0159ehu a nejinak tomu &hellip; <a href=\"https:\/\/www.moravecteam.cz\/?p=3752\" class=\"more-link\">Pokra\u010dov\u00e1n\u00ed textu <span class=\"screen-reader-text\">Jura \u0160t\u011bpan\u00edk zrychluje!<\/span> <span class=\"meta-nav\">&rarr;<\/span><\/a><\/p>\n","protected":false},"author":3,"featured_media":3787,"comment_status":"open","ping_status":"closed","sticky":false,"template":"","format":"standard","meta":[],"categories":[1],"tags":[],"_links":{"self":[{"href":"https:\/\/www.moravecteam.cz\/index.php?rest_route=\/wp\/v2\/posts\/3752"}],"collection":[{"href":"https:\/\/www.moravecteam.cz\/index.php?rest_route=\/wp\/v2\/posts"}],"about":[{"href":"https:\/\/www.moravecteam.cz\/index.php?rest_route=\/wp\/v2\/types\/post"}],"author":[{"embeddable":true,"href":"https:\/\/www.moravecteam.cz\/index.php?rest_route=\/wp\/v2\/users\/3"}],"replies":[{"embeddable":true,"href":"https:\/\/www.moravecteam.cz\/index.php?rest_route=%2Fwp%2Fv2%2Fcomments&post=3752"}],"version-history":[{"count":8,"href":"https:\/\/www.moravecteam.cz\/index.php?rest_route=\/wp\/v2\/posts\/3752\/revisions"}],"predecessor-version":[{"id":3789,"href":"https:\/\/www.moravecteam.cz\/index.php?rest_route=\/wp\/v2\/posts\/3752\/revisions\/3789"}],"wp:featuredmedia":[{"embeddable":true,"href":"https:\/\/www.moravecteam.cz\/index.php?rest_route=\/wp\/v2\/media\/3787"}],"wp:attachment":[{"href":"https:\/\/www.moravecteam.cz\/index.php?rest_route=%2Fwp%2Fv2%2Fmedia&parent=3752"}],"wp:term":[{"taxonomy":"category","embeddable":true,"href":"https:\/\/www.moravecteam.cz\/index.php?rest_route=%2Fwp%2Fv2%2Fcategories&post=3752"},{"taxonomy":"post_tag","embeddable":true,"href":"https:\/\/www.moravecteam.cz\/index.php?rest_route=%2Fwp%2Fv2%2Ftags&post=3752"}],"curies":[{"name":"wp","href":"https:\/\/api.w.org\/{rel}","templated":true}]}}