{"id":3793,"date":"2016-03-22T22:19:23","date_gmt":"2016-03-22T21:19:23","guid":{"rendered":"http:\/\/www.moravecteam.cz\/?p=3793"},"modified":"2016-03-23T20:59:12","modified_gmt":"2016-03-23T19:59:12","slug":"a-je-to-tady","status":"publish","type":"post","link":"https:\/\/www.moravecteam.cz\/?p=3793","title":{"rendered":"A je to tady..!"},"content":{"rendered":"<p style=\"text-align: justify;\"><span style=\"color: #800000;\"><strong>Letos o n\u011bco d\u0159\u00edve ne\u017e jindy vyraz\u00ed MORAVEC Team poprv\u00e9 do bikov\u00e9 bitvy&#8230; V minul\u00fdch letech b\u00fdvalo zpravidla na\u0161\u00ed premi\u00e9rovou &#8222;\u0161tac\u00ed&#8220; rakousk\u00e9 Langenlois, letos s t\u00fdden\u00edm p\u0159edstihem &#8222;prubnem&#8220; konkurenci v docela siln\u00e9 sestav\u011b \u00a0v r\u00e1mci prvn\u00edho z\u00e1vodu MTB Pra\u017esk\u00e9ho poh\u00e1ru, kter\u00fd se jede na trati v Praze-Zli\u010d\u00edn\u011b ji\u017e tuto Velikono\u010dn\u00ed sobotu, 26. b\u0159ezna 2016.<\/strong><\/span><\/p>\n<p style=\"text-align: justify;\">V\u011bt\u0161ina na\u0161ich jde do akce z pln\u00e9ho tr\u00e9ninku, kter\u00fd za\u017e\u00edvali v uplynul\u00fdch dnech v italsk\u00e9m Garganu. Z po\u010detn\u00e9 enkl\u00e1vy, kter\u00e1 bude v Praze v sobotu startovat, a kter\u00e1 je v r\u00e1mci tohoto seri\u00e1lu rekordn\u00ed, je zcela jasn\u011b patrn\u00e1 chu\u0165 u\u017e, u\u017e, z\u00e1vodit, u\u017e, u\u017e se &#8222;popasovat&#8220; s konkurenc\u00ed. A to je na za\u010d\u00e1tku sez\u00f3ny ur\u010dit\u011b dobr\u00e9 znamen\u00ed! A proto\u017ee star\u00e1 cyklistick\u00e1 pravda \u0159\u00edk\u00e1, \u017ee nejlep\u0161\u00edm tr\u00e9ninkem je ostr\u00fd z\u00e1vod, tak pro\u010d nedat t\u00e9to aktivit\u011b &#8222;zelenou&#8220;? Noty na sobotn\u00ed v\u00fdsadek, kter\u00fd m\u00e1 volac\u00ed znak <span style=\"color: #800000;\"><strong>&#8222;STRAKA V HRSTI&#8220;<\/strong><\/span> jsou tyto:<\/p>\n<h5 style=\"text-align: justify;\"><span style=\"color: #800000;\">P\u0159esun tam (sobota 26.3.2016):<\/span><\/h5>\n<p>Pojedou dv\u011b invazn\u00ed vozidla:<\/p>\n<ul>\n<li style=\"text-align: justify;\">IV1 &#8211; \u0159idi\u010d velitel <strong><span style=\"color: #800000;\">Milan Tlamka (776108046)<\/span><\/strong>, odjezd v 6.00 z Bene\u0161ova. Rajd\u0159i: Monika Kone\u010dn\u00e1, Anna Zem\u00e1nkov\u00e1, Tom\u00e1\u0161 Tlamka &#8222;Contador&#8220;, Mat\u011bj Maz\u00e1nek a V\u00edt Such\u00e1nek (ten je zat\u00edm s otazn\u00edkem). Kola mus\u00ed m\u00edt v\u0161ichni p\u0159ipraveni k nakl\u00e1dce <span style=\"text-decoration: underline;\"><strong><span style=\"color: #ff0000; text-decoration: underline;\">bezpodm\u00edne\u010dn\u011b<\/span><\/strong><\/span> takto: sundan\u00e9 p\u0159edn\u00ed i zadn\u00ed kolo, r\u00e1m bezpe\u010dn\u011b zabalen v dece nebo v obalu na kolo, demontovan\u00e1 kola ulo\u017eena v ochrann\u00e9m obalu!!! &#8222;Jedni\u010dka&#8220; se po nakl\u00e1dce p\u0159esune do Lysic, kde je hlavn\u00ed invazn\u00ed se\u0159adi\u0161t\u011b, kter\u00e9 je \u010dasov\u00e1no na 6.30 hodin.<\/li>\n<li style=\"text-align: justify;\">IV2 &#8211; \u0159idi\u010d, velitel <span style=\"color: #800000;\"><strong>Honza \u0160indel\u00e1\u0159 st. (731076981)<\/strong><\/span>, odjezd ze Sv. Kate\u0159iny tak, aby po nalo\u017een\u00ed v\u0161ech dorazilo na hlavn\u00ed invazn\u00ed se\u0159adi\u0161t\u011b do Lysic na 6.30 hodin. Rajd\u0159i: Honza a Roman \u0160indel\u00e1\u0159ovi, Jakub a Jana Tesa\u0159ovi, Krist\u00fdna Haasov\u00e1 (ta je je\u0161t\u011b zat\u00edm s otazn\u00edkem) a Luk\u00e1\u0161 Gregor (ten je taky je\u0161t\u011b zat\u00edm s otazn\u00edkem &#8211; v p\u0159\u00edpad\u011b, \u017ee p\u016fjde do akce, domluv\u00ed si setk\u00e1n\u00ed s IV2 na vhodn\u00e9m m\u00edst\u011b). V Lysic\u00edch dopln\u00ed v\u00fdsadek V\u00ed\u0165a a Dominik Prudkovi, IV1 a IV2 zam\u00ed\u0159\u00ed ve skupin\u011b ku Praze.<\/li>\n<\/ul>\n<h5><span style=\"color: #800000;\">P\u0159esun zp\u011bt (sobota 26.3.2016):<\/span><\/h5>\n<p style=\"text-align: justify;\">Kdo bude m\u00edt z pra\u017esk\u00e9 sestavy z\u00e1jem, m\u016f\u017ee p\u0159ejet s IV2 na Vyso\u010dinu (nedaleko Nov\u00e9ho M\u011bsta na Morav\u011b), na chalupu Honzy \u0160indel\u00e1\u0159e st., kde se p\u0159enocuje a v ned\u011bli bude bikov\u00fd v\u00edkend pokra\u010dovat dal\u0161\u00edmi dv\u011bma tvrd\u00fdmi tr\u00e9ninkov\u00fdmi f\u00e1zemi: nejd\u0159\u00edve se potr\u00e9nuje na novom\u011bstsk\u00e9 &#8222;sv\u011btov\u00e9&#8220; trati a po odpo\u010dinku bude n\u00e1sledovat p\u0159ejezd na kolech s c\u00edlem v Lysic\u00edch. <strong><span style=\"color: #ff0000;\">POZOR: kdo bude m\u00edt o toto ned\u011bln\u00ed &#8222;dotr\u00e9nov\u00e1n\u00ed&#8220; z\u00e1jem, dejte v\u011bd\u011bt tren\u00e9rovi V\u00ed\u0165ovi Prudkovi (731180096) <span style=\"text-decoration: underline;\">nejpozd\u011bji do \u010dtvrtku 24.3.2016 do 20.00 hodin<\/span>,<\/span><\/strong> aby se mohla v\u010das rozvrhnout logistika p\u0159esunu zp\u011bt, z Prahy po z\u00e1vod\u011b ve Zli\u010d\u00edn\u011b. Zlomte vaz, budeme dr\u017eet palce! Good Luck Boys and Girls!<\/p>\n<h5 style=\"text-align: justify;\"><\/h5>\n","protected":false},"excerpt":{"rendered":"<p>Letos o n\u011bco d\u0159\u00edve ne\u017e jindy vyraz\u00ed MORAVEC Team poprv\u00e9 do bikov\u00e9 bitvy&#8230; V minul\u00fdch letech b\u00fdvalo zpravidla na\u0161\u00ed premi\u00e9rovou &#8222;\u0161tac\u00ed&#8220; rakousk\u00e9 Langenlois, letos s t\u00fdden\u00edm p\u0159edstihem &#8222;prubnem&#8220; konkurenci v docela siln\u00e9 sestav\u011b \u00a0v r\u00e1mci prvn\u00edho z\u00e1vodu MTB Pra\u017esk\u00e9ho poh\u00e1ru, kter\u00fd se jede na trati v Praze-Zli\u010d\u00edn\u011b ji\u017e tuto Velikono\u010dn\u00ed sobotu, 26. b\u0159ezna 2016. V\u011bt\u0161ina &hellip; <a href=\"https:\/\/www.moravecteam.cz\/?p=3793\" class=\"more-link\">Pokra\u010dov\u00e1n\u00ed textu <span class=\"screen-reader-text\">A je to tady..!<\/span> <span class=\"meta-nav\">&rarr;<\/span><\/a><\/p>\n","protected":false},"author":3,"featured_media":3795,"comment_status":"open","ping_status":"closed","sticky":false,"template":"","format":"standard","meta":[],"categories":[1],"tags":[],"_links":{"self":[{"href":"https:\/\/www.moravecteam.cz\/index.php?rest_route=\/wp\/v2\/posts\/3793"}],"collection":[{"href":"https:\/\/www.moravecteam.cz\/index.php?rest_route=\/wp\/v2\/posts"}],"about":[{"href":"https:\/\/www.moravecteam.cz\/index.php?rest_route=\/wp\/v2\/types\/post"}],"author":[{"embeddable":true,"href":"https:\/\/www.moravecteam.cz\/index.php?rest_route=\/wp\/v2\/users\/3"}],"replies":[{"embeddable":true,"href":"https:\/\/www.moravecteam.cz\/index.php?rest_route=%2Fwp%2Fv2%2Fcomments&post=3793"}],"version-history":[{"count":3,"href":"https:\/\/www.moravecteam.cz\/index.php?rest_route=\/wp\/v2\/posts\/3793\/revisions"}],"predecessor-version":[{"id":3822,"href":"https:\/\/www.moravecteam.cz\/index.php?rest_route=\/wp\/v2\/posts\/3793\/revisions\/3822"}],"wp:featuredmedia":[{"embeddable":true,"href":"https:\/\/www.moravecteam.cz\/index.php?rest_route=\/wp\/v2\/media\/3795"}],"wp:attachment":[{"href":"https:\/\/www.moravecteam.cz\/index.php?rest_route=%2Fwp%2Fv2%2Fmedia&parent=3793"}],"wp:term":[{"taxonomy":"category","embeddable":true,"href":"https:\/\/www.moravecteam.cz\/index.php?rest_route=%2Fwp%2Fv2%2Fcategories&post=3793"},{"taxonomy":"post_tag","embeddable":true,"href":"https:\/\/www.moravecteam.cz\/index.php?rest_route=%2Fwp%2Fv2%2Ftags&post=3793"}],"curies":[{"name":"wp","href":"https:\/\/api.w.org\/{rel}","templated":true}]}}