{"id":3797,"date":"2016-03-22T20:43:50","date_gmt":"2016-03-22T19:43:50","guid":{"rendered":"http:\/\/www.moravecteam.cz\/?p=3797"},"modified":"2016-03-23T21:05:58","modified_gmt":"2016-03-23T20:05:58","slug":"kdo-bude-zenou-roku","status":"publish","type":"post","link":"https:\/\/www.moravecteam.cz\/?p=3797","title":{"rendered":"Vol\u00ed se \u017eena regionu!"},"content":{"rendered":"<p style=\"text-align: justify;\"><a href=\"http:\/\/www.moravecteam.cz\/?attachment_id=3804\" rel=\"attachment wp-att-3804\"><img decoding=\"async\" loading=\"lazy\" class=\"size-full wp-image-3804 alignleft\" title=\"Mirka letos v\u00fdznamn\u00e1 ocen\u011bn\u00ed sb\u00edr\u00e1, snad j\u00ed dopom\u00e1\u017eeme sv\u00fdmi hlasy i k dal\u0161\u00edmu!\" alt=\"OLYMPUS DIGITAL CAMERA\" src=\"http:\/\/www.moravecteam.cz\/wp-content\/uploads\/2016\/03\/P1300518.jpg\" width=\"199\" height=\"300\" \/><\/a>Obdob\u00ed anket vrchol\u00ed a mezi nimi i jedna, kter\u00e1 n\u00e1s eminentn\u011b zaj\u00edm\u00e1: na\u0161e dlouholet\u00e1 kamar\u00e1dka, ktar\u00e1 n\u00e1m fand\u00ed a ob\u011btav\u011b pom\u00e1h\u00e1, m\u00edstostarostka Boskovic, <span style=\"color: #800000;\"><strong>Ing. Jarom\u00edra V\u00edtkov\u00e1<\/strong>,<\/span> je ve h\u0159e o &#8222;\u017denu regionu&#8220;! A mysl\u00edm, \u017ee od \u010dlen\u016f MORAVEC Teamu si hlas jedenozna\u010dn\u011b zaslou\u017e\u00ed! Tak\u017ee pros\u00edm nev\u00e1hejte a hlasujte pro Mirku, pro \u017eenu, kter\u00e1 je nejen jednou z m\u00e1la politik\u016f, za kterou bych dal &#8222;ruku do ohn\u011b&#8220;, ale je tak\u00e9 v\u00fdbornou hobby-cyklistkou a i zdatnou tren\u00e9rkou &#8211; amat\u00e9rkou t\u011bch nejmlad\u0161\u00edch nad\u011bj\u00ed! A nav\u00edc je i dr\u017eitelkou historicky prvn\u00edho <strong><a href=\"http:\/\/www.moravecteam.cz\/?p=3239\">CykloOskara<\/a><\/strong>! J\u00e1 jsem nev\u00e1hal ani chvilku a hlas Mirce odeslal obratem! <strong><a href=\"http:\/\/www.zenaregionu.cz\/zena\/345\/jaromira-vitkova#hlasovat\">V\u00edce se dozv\u00edte zde<\/a><\/strong>, hlasov\u00e1n\u00ed trv\u00e1 do pond\u011bl\u00ed 28. b\u0159ezna 2016.<\/p>\n","protected":false},"excerpt":{"rendered":"<p>Obdob\u00ed anket vrchol\u00ed a mezi nimi i jedna, kter\u00e1 n\u00e1s eminentn\u011b zaj\u00edm\u00e1: na\u0161e dlouholet\u00e1 kamar\u00e1dka, ktar\u00e1 n\u00e1m fand\u00ed a ob\u011btav\u011b pom\u00e1h\u00e1, m\u00edstostarostka Boskovic, Ing. Jarom\u00edra V\u00edtkov\u00e1, je ve h\u0159e o &#8222;\u017denu regionu&#8220;! A mysl\u00edm, \u017ee od \u010dlen\u016f MORAVEC Teamu si hlas jedenozna\u010dn\u011b zaslou\u017e\u00ed! Tak\u017ee pros\u00edm nev\u00e1hejte a hlasujte pro Mirku, pro \u017eenu, kter\u00e1 je nejen &hellip; <a href=\"https:\/\/www.moravecteam.cz\/?p=3797\" class=\"more-link\">Pokra\u010dov\u00e1n\u00ed textu <span class=\"screen-reader-text\">Vol\u00ed se \u017eena regionu!<\/span> <span class=\"meta-nav\">&rarr;<\/span><\/a><\/p>\n","protected":false},"author":3,"featured_media":3801,"comment_status":"open","ping_status":"closed","sticky":false,"template":"","format":"standard","meta":[],"categories":[13],"tags":[],"_links":{"self":[{"href":"https:\/\/www.moravecteam.cz\/index.php?rest_route=\/wp\/v2\/posts\/3797"}],"collection":[{"href":"https:\/\/www.moravecteam.cz\/index.php?rest_route=\/wp\/v2\/posts"}],"about":[{"href":"https:\/\/www.moravecteam.cz\/index.php?rest_route=\/wp\/v2\/types\/post"}],"author":[{"embeddable":true,"href":"https:\/\/www.moravecteam.cz\/index.php?rest_route=\/wp\/v2\/users\/3"}],"replies":[{"embeddable":true,"href":"https:\/\/www.moravecteam.cz\/index.php?rest_route=%2Fwp%2Fv2%2Fcomments&post=3797"}],"version-history":[{"count":12,"href":"https:\/\/www.moravecteam.cz\/index.php?rest_route=\/wp\/v2\/posts\/3797\/revisions"}],"predecessor-version":[{"id":3823,"href":"https:\/\/www.moravecteam.cz\/index.php?rest_route=\/wp\/v2\/posts\/3797\/revisions\/3823"}],"wp:featuredmedia":[{"embeddable":true,"href":"https:\/\/www.moravecteam.cz\/index.php?rest_route=\/wp\/v2\/media\/3801"}],"wp:attachment":[{"href":"https:\/\/www.moravecteam.cz\/index.php?rest_route=%2Fwp%2Fv2%2Fmedia&parent=3797"}],"wp:term":[{"taxonomy":"category","embeddable":true,"href":"https:\/\/www.moravecteam.cz\/index.php?rest_route=%2Fwp%2Fv2%2Fcategories&post=3797"},{"taxonomy":"post_tag","embeddable":true,"href":"https:\/\/www.moravecteam.cz\/index.php?rest_route=%2Fwp%2Fv2%2Ftags&post=3797"}],"curies":[{"name":"wp","href":"https:\/\/api.w.org\/{rel}","templated":true}]}}