{"id":3811,"date":"2016-03-23T20:38:34","date_gmt":"2016-03-23T19:38:34","guid":{"rendered":"http:\/\/www.moravecteam.cz\/?p=3811"},"modified":"2016-03-23T20:52:55","modified_gmt":"2016-03-23T19:52:55","slug":"prvni-jarni-trenink","status":"publish","type":"post","link":"https:\/\/www.moravecteam.cz\/?p=3811","title":{"rendered":"Prvn\u00ed jarn\u00ed tr\u00e9nink!"},"content":{"rendered":"<p style=\"text-align: justify;\"><span style=\"color: #800000;\"><strong>Minul\u00fd v\u00edkend prvn\u00edm jarn\u00edm dnem potvrdil (na\u0161t\u011bst\u00ed) nem\u011bnn\u00e9 z\u00e1kony p\u0159\u00edrody a tak jsme si mohli d\u00e1t k nadpisu \u00fatern\u00edho cvi\u010den\u00ed dva adekv\u00e1tn\u00ed p\u0159\u00edvlastky: prvn\u00ed, jarn\u00ed! A nikoli posledn\u00ed, proto\u017ee jsme se na cvi\u010dku domluvili i dal\u0161\u00ed \u00fater\u00fd. Na rozd\u00edl \u00a0od t\u011bch p\u00e1te\u010dn\u00edch, kter\u00fdm asi definitivn\u011b &#8211; pro toto ro\u010dn\u00ed obdob\u00ed &#8211; odzvonilo&#8230; D\u016fvod je v\u00edc ne\u017e jasn\u00fd: nased\u00e1me do sedel!<\/strong><\/span><\/p>\n<figure id=\"attachment_3816\" aria-describedby=\"caption-attachment-3816\" style=\"width: 1485px\" class=\"wp-caption alignnone\"><a href=\"http:\/\/www.moravecteam.cz\/?attachment_id=3816\" rel=\"attachment wp-att-3816\"><img decoding=\"async\" loading=\"lazy\" class=\" wp-image-3816\" alt=\"DSCN7302a\" src=\"http:\/\/www.moravecteam.cz\/wp-content\/uploads\/2016\/03\/DSCN7302a.jpg\" width=\"1485\" height=\"1574\" srcset=\"https:\/\/www.moravecteam.cz\/wp-content\/uploads\/2016\/03\/DSCN7302a.jpg 1485w, https:\/\/www.moravecteam.cz\/wp-content\/uploads\/2016\/03\/DSCN7302a-25x25.jpg 25w, https:\/\/www.moravecteam.cz\/wp-content\/uploads\/2016\/03\/DSCN7302a-283x300.jpg 283w, https:\/\/www.moravecteam.cz\/wp-content\/uploads\/2016\/03\/DSCN7302a-966x1024.jpg 966w\" sizes=\"(max-width: 1485px) 100vw, 1485px\" \/><\/a><figcaption id=\"caption-attachment-3816\" class=\"wp-caption-text\">P\u0159i \u0161tafet\u00e1ch nen\u00ed o dramatick\u00e9 okam\u017eiky nouze! Honz\u00edka jist\u00ed na prvn\u00edm \u00faseku jeho maminka.<\/figcaption><\/figure>\n<p style=\"text-align: justify;\">Docela po\u010detn\u00e1n\u00e1 skupina cvi\u010denc\u016f si tedy v \u00fatern\u00edm zave\u010deru &#8222;cvakla&#8220; Petrovy kapky a tradi\u010dn\u00ed cvi\u010ditel mohl s uspokojen\u00edm sledovat jejich neutuchaj\u00edc\u00ed tr\u00e9ninkovou p\u00edli..! Po rozb\u011bh\u00e1n\u00ed p\u0159i\u0161la na \u0159adu rozcvi\u010dka, kter\u00e1 krom\u011b tradi\u010dn\u00edch sokolsk\u00fdch prvk\u016f (st\u00e1le je\u0161t\u011b Petr nep\u0159edcvi\u010dil ten avizovan\u00fd pov\u011bstn\u00fd &#8211; Sokolsk\u00fd kr\u00e1lovsk\u00fd) byla tentokr\u00e1t bohat\u011bji oko\u0159en\u011bna vydatn\u00fdmi ingrediencemi z &#8222;Prudkov\u00e9 kapek&#8220;, kterou uzav\u0159ela stre\u010dinkem bezvadn\u011b Ani\u010dka Zem\u00e1nkov\u00e1, a to v\u0161e MORAVCI odmakali &#8211; jako v\u017edy &#8211; \u00a0p\u0159\u00edkladn\u011b. Po relaxu vybi\u0161kou a &#8222;ryb\u00e1\u0159i&#8220; jsme se pustili do dynamiky p\u0159i \u0161tafet\u00e1ch t\u0159\u00ed dru\u017estev. Chvilku n\u00e1m sice trvalo, ne\u017e jsme v\u0161e optim\u00e1ln\u011b zorganizovali, zdr\u017een\u00ed ale st\u00e1lo za to, proto\u017ee souboje byly vz\u00e1cn\u011b vyrovnan\u00e9, o v\u00edt\u011bzstv\u00ed rozhodovaly zpravidla desetinky vte\u0159inek&#8230; A ne\u017e jsme se nad\u00e1li, tlouhli na kostele dvac\u00e1tou hodinu&#8230; \u00dapln\u011b na z\u00e1v\u011br p\u0159i n\u00e1stupu jsme si je\u0161t\u011b up\u0159esnili, \u017ee na Velk\u00fd p\u00e1tek cvi\u010dit nebudeme, ale \u017ee za t\u00fdden v \u00fater\u00fd se do toho je\u0161t\u011b v t\u011blocvi\u010dn\u011b &#8222;vop\u0159em&#8220;. Ze \u0161ikovn\u00fdch rukou Dominika a Moniky jsou zde z \u00faterka <strong><a href=\"http:\/\/moravecteam.rajce.idnes.cz\/2016.03.22._Cviceni_v_telocvicne\/\">komentovan\u00e9 fotky<\/a><\/strong>, mrkn\u011bte..<\/p>\n","protected":false},"excerpt":{"rendered":"<p>Minul\u00fd v\u00edkend prvn\u00edm jarn\u00edm dnem potvrdil (na\u0161t\u011bst\u00ed) nem\u011bnn\u00e9 z\u00e1kony p\u0159\u00edrody a tak jsme si mohli d\u00e1t k nadpisu \u00fatern\u00edho cvi\u010den\u00ed dva adekv\u00e1tn\u00ed p\u0159\u00edvlastky: prvn\u00ed, jarn\u00ed! A nikoli posledn\u00ed, proto\u017ee jsme se na cvi\u010dku domluvili i dal\u0161\u00ed \u00fater\u00fd. Na rozd\u00edl \u00a0od t\u011bch p\u00e1te\u010dn\u00edch, kter\u00fdm asi definitivn\u011b &#8211; pro toto ro\u010dn\u00ed obdob\u00ed &#8211; odzvonilo&#8230; D\u016fvod je v\u00edc &hellip; <a href=\"https:\/\/www.moravecteam.cz\/?p=3811\" class=\"more-link\">Pokra\u010dov\u00e1n\u00ed textu <span class=\"screen-reader-text\">Prvn\u00ed jarn\u00ed tr\u00e9nink!<\/span> <span class=\"meta-nav\">&rarr;<\/span><\/a><\/p>\n","protected":false},"author":3,"featured_media":3815,"comment_status":"open","ping_status":"closed","sticky":false,"template":"","format":"standard","meta":[],"categories":[9],"tags":[],"_links":{"self":[{"href":"https:\/\/www.moravecteam.cz\/index.php?rest_route=\/wp\/v2\/posts\/3811"}],"collection":[{"href":"https:\/\/www.moravecteam.cz\/index.php?rest_route=\/wp\/v2\/posts"}],"about":[{"href":"https:\/\/www.moravecteam.cz\/index.php?rest_route=\/wp\/v2\/types\/post"}],"author":[{"embeddable":true,"href":"https:\/\/www.moravecteam.cz\/index.php?rest_route=\/wp\/v2\/users\/3"}],"replies":[{"embeddable":true,"href":"https:\/\/www.moravecteam.cz\/index.php?rest_route=%2Fwp%2Fv2%2Fcomments&post=3811"}],"version-history":[{"count":7,"href":"https:\/\/www.moravecteam.cz\/index.php?rest_route=\/wp\/v2\/posts\/3811\/revisions"}],"predecessor-version":[{"id":3820,"href":"https:\/\/www.moravecteam.cz\/index.php?rest_route=\/wp\/v2\/posts\/3811\/revisions\/3820"}],"wp:featuredmedia":[{"embeddable":true,"href":"https:\/\/www.moravecteam.cz\/index.php?rest_route=\/wp\/v2\/media\/3815"}],"wp:attachment":[{"href":"https:\/\/www.moravecteam.cz\/index.php?rest_route=%2Fwp%2Fv2%2Fmedia&parent=3811"}],"wp:term":[{"taxonomy":"category","embeddable":true,"href":"https:\/\/www.moravecteam.cz\/index.php?rest_route=%2Fwp%2Fv2%2Fcategories&post=3811"},{"taxonomy":"post_tag","embeddable":true,"href":"https:\/\/www.moravecteam.cz\/index.php?rest_route=%2Fwp%2Fv2%2Ftags&post=3811"}],"curies":[{"name":"wp","href":"https:\/\/api.w.org\/{rel}","templated":true}]}}