{"id":3825,"date":"2016-03-26T12:38:19","date_gmt":"2016-03-26T11:38:19","guid":{"rendered":"http:\/\/www.moravecteam.cz\/?p=3825"},"modified":"2016-03-27T10:42:51","modified_gmt":"2016-03-27T08:42:51","slug":"zlicin-prvni-placky","status":"publish","type":"post","link":"https:\/\/www.moravecteam.cz\/?p=3825","title":{"rendered":"Zli\u010d\u00edn: prvn\u00ed MTB &#8222;placky&#8220;!"},"content":{"rendered":"<p style=\"text-align: justify;\"><span style=\"color: #800000;\"><strong>Z\u00e1vodnick\u00e1 pruba MORAVEC Teamu v r\u00e1mci prvn\u00edho z\u00e1vodu Pra\u017esk\u00e9ho MTB poh\u00e1ru minulou sobotu v Praze &#8211; Zli\u010d\u00edn\u011b dopadla nad o\u010dek\u00e1v\u00e1n\u00ed! Teorie &#8222;sla\u010den\u00fdch pru\u017ein&#8220; zd\u00e1 se, funguje i letos, z fotek je patrn\u00e1 enormn\u00ed chu\u0165 na\u0161ich &#8222;mlad\u00fdch pu\u0161ek&#8220; po z\u00e1vod\u011bn\u00ed, po bikov\u00e9 &#8222;\u010dertovin\u011b&#8220;, po stoprocentn\u00edm z\u00faro\u010den\u00ed toho, co v r\u00e1mci zimn\u00ed p\u0159ipravn\u00e9 \u0159ehole do sebe v potu tv\u00e1\u0159\u00ed vpravily&#8230; V\u00fdsledek samoz\u0159ejm\u011b nen\u00ed radno p\u0159ece\u0148ovat, je t\u0159eba z\u016fstat nohama pevn\u011b na zemi a po\u010dkat na dal\u0161\u00ed ostr\u00e9 konfrontace. Zli\u010d\u00edn ka\u017edop\u00e1dn\u011b uk\u00e1zal, \u017ee p\u0159ed sez\u00f3nou je i letos n\u00e1\u0161 d\u016fvod k opatrn\u00e9mu optimismu zcela opr\u00e1vn\u011bn\u00fd&#8230;\u00a0<\/strong><\/span><\/p>\n<figure id=\"attachment_3836\" aria-describedby=\"caption-attachment-3836\" style=\"width: 897px\" class=\"wp-caption alignnone\"><a href=\"http:\/\/www.moravecteam.cz\/?attachment_id=3836\" rel=\"attachment wp-att-3836\"><img decoding=\"async\" loading=\"lazy\" class=\" wp-image-3836\" alt=\"IMG_3544\" src=\"http:\/\/www.moravecteam.cz\/wp-content\/uploads\/2016\/03\/IMG_3544.jpg\" width=\"897\" height=\"944\" srcset=\"https:\/\/www.moravecteam.cz\/wp-content\/uploads\/2016\/03\/IMG_3544.jpg 897w, https:\/\/www.moravecteam.cz\/wp-content\/uploads\/2016\/03\/IMG_3544-25x25.jpg 25w, https:\/\/www.moravecteam.cz\/wp-content\/uploads\/2016\/03\/IMG_3544-285x300.jpg 285w\" sizes=\"(max-width: 897px) 100vw, 897px\" \/><\/a><figcaption id=\"caption-attachment-3836\" class=\"wp-caption-text\">Prvn\u00ed leto\u0161n\u00ed velk\u00e9 &#8222;double&#8220; pro MORAVEC d\u00edk Tom\u00e1\u0161i Tlamkovi &#8222;Contadorovi&#8220; a Honzovi &#8222;D\u017eony&#8220; \u0160indel\u00e1\u0159ovi!<\/figcaption><\/figure>\n<p style=\"text-align: justify;\">Rovn\u00fdch deset rajdr\u016f &#8211; MORAVC\u016e se pustilo do tuh\u00fdch souboj\u016f se zdatn\u00fdmi soupe\u0159i na technick\u00e9, &#8222;jezdiv\u00e9&#8220; trati, kterou ob\u011btav\u00ed po\u0159adatel\u00e9 pod taktovkou repre tren\u00e9ra Viktora Zapletala citliv\u011b &#8222;vy\u0161perkovali&#8220; n\u011bkolika &#8222;vychyt\u00e1vkami&#8220;&#8230; Na\u0161e \u00fa\u010dinkov\u00e1n\u00ed zapo\u010dal start \u017e\u00e1kovsk\u00fdch kategori\u00ed, kdy zas\u00e1hl do boj\u016f rovn\u00fd &#8222;qartet&#8220; na\u0161ich rajdr\u016f. A hned tento start n\u00e1m p\u0159inesl dvojn\u00e1sobnou radost v podob\u011b v\u00edt\u011bzstv\u00ed <strong><span style=\"color: #800000;\">Tom\u00e1\u0161e Tlamky &#8222;Contadora&#8220;<\/span><\/strong> a druh\u00e9ho m\u00edsta <span style=\"color: #800000;\"><strong>Honzy \u0160indel\u00e1\u0159e<\/strong><\/span> v kategorii star\u0161\u00edch \u017e\u00e1k\u016f! Letos prvn\u00ed start a hned &#8222;double&#8220; pro MORAVEC! A to na\u0161im dv\u011bma prim\u016fm je\u0161t\u011b zdatn\u011b p\u0159ikryl z\u00e1da <span style=\"color: #800000;\"><strong>Jakub Tesa\u0159<\/strong><\/span>, kter\u00fd m\u011bl mezi star\u0161\u00edmi \u017e\u00e1ky v Praze premi\u00e9ru a hned se p\u0159i n\u00ed dok\u00e1zal m\u00e1lem prosadit do elitn\u00ed des\u00edtky! A aby toho nebylo m\u00e1lo: v nejpo\u010detn\u011bji obsazen\u00e9 kategorii mlad\u0161\u00edch \u017e\u00e1k\u016f se do elitn\u00ed dvac\u00edtky v\u00fdsledkov\u00e9 listiny dok\u00e1zala prosadit po bojovn\u00e9m v\u00fdkonu i dal\u0161\u00ed na\u0161e leto\u0161n\u00ed posila &#8211; <strong><span style=\"color: #800000;\">Roman \u0160indel\u00e1\u0159<\/span><\/strong>! Bravo &#8222;Boy\u00b4s&#8220;!<\/p>\n<figure id=\"attachment_3837\" aria-describedby=\"caption-attachment-3837\" style=\"width: 1189px\" class=\"wp-caption alignnone\"><a href=\"http:\/\/www.moravecteam.cz\/?attachment_id=3837\" rel=\"attachment wp-att-3837\"><img decoding=\"async\" loading=\"lazy\" class=\" wp-image-3837\" alt=\"IMG_3559\" src=\"http:\/\/www.moravecteam.cz\/wp-content\/uploads\/2016\/03\/IMG_3559.jpg\" width=\"1189\" height=\"969\" srcset=\"https:\/\/www.moravecteam.cz\/wp-content\/uploads\/2016\/03\/IMG_3559.jpg 1189w, https:\/\/www.moravecteam.cz\/wp-content\/uploads\/2016\/03\/IMG_3559-300x244.jpg 300w, https:\/\/www.moravecteam.cz\/wp-content\/uploads\/2016\/03\/IMG_3559-1024x834.jpg 1024w\" sizes=\"(max-width: 1189px) 100vw, 1189px\" \/><\/a><figcaption id=\"caption-attachment-3837\" class=\"wp-caption-text\">Druh\u00e9 velk\u00e9 &#8222;double&#8220; pro MORAVEC na sebe nenechalo dlouho \u010dekat&#8230; Potaraly se o n\u011bj Jana &#8222;D\u017eejn&#8220; Tesa\u0159ov\u00e1 s A\u0148ou Zem\u00e1nkovou! Moc nechyb\u011blo, a mohlo b\u00fdt &#8222;trouble&#8220;&#8230;<\/figcaption><\/figure>\n<p style=\"text-align: justify;\">V\u00fdsledkov\u011b n\u00e1s prvn\u00ed start v\u011bru namlsal a to jsme je\u0161t\u011b netu\u0161ili, \u017ee nen\u00ed zdaleka na\u0161im vav\u0159\u00edn\u016fm ze Zli\u010d\u00edna konec&#8230; Spole\u010dn\u00fd start \u017een, juniorek, kadetek a kadet\u016f n\u00e1s op\u011bt uvedl v maxim\u00e1ln\u00ed pozornost neb svedl na start rovn\u00fdch p\u011bt borc\u016f a borek v dresu MORAVEC Teamu. Mnoho nechyb\u011blo a ze z\u00e1vodu kadetek jsme si ud\u011blali &#8222;odd\u00edlov\u00fd p\u0159ebor&#8220;&#8230; Pro zlato si v pohod\u011b dojela <span style=\"color: #800000;\"><strong>Jana &#8222;D\u017eejn&#8220; Tesa\u0159ov\u00e1<\/strong><\/span>\u00a0kdy\u017e, podobn\u011b jako v kategorii satr\u0161\u00edch \u017e\u00e1k\u016f, se n\u00e1m i v z\u00e1vod\u011b kadetek urodilo dal\u0161\u00ed &#8222;double&#8220;! To d\u00edky <span style=\"color: #800000;\"><strong>Ani\u010dce Zem\u00e1nkov\u00e9<\/strong><\/span>, kter\u00e1 fini\u0161ovala na st\u0159\u00edbrn\u00e9 pozici. Moc nechyb\u011blo a mohli jsme &#8222;bednu&#8220; kadetek obsadit kompletn\u011b. <strong><span style=\"color: #800000;\">Krist\u00fdna Haasov\u00e1<\/span><\/strong> toti\u017e svedla boj o bronz a by\u0165 j\u00ed nakonec medaile unikla, umocnila sv\u00fdm v\u00fdkonem s\u00edlu na\u0161ich d\u011bv\u010dat v t\u00e9to kategorii stejn\u011b jako v c\u00edli na v\u00fdborn\u00e9m \u0161est\u00e9m m\u00edst\u011b,\u00a0<strong><span style=\"color: #800000;\">Monika Kone\u010dn\u00e1<\/span><\/strong>&#8230; Bravo &#8222;Girls&#8220;! Do elitn\u00ed des\u00edtky v\u00fdsledkov\u00fdch listin se mezi kadety ve\u0161el i <strong><span style=\"color: #800000;\">Mat\u011bj Maz\u00e1nek<\/span><\/strong> a kdo v\u00ed, jak\u00fd by byl jeho fin\u00e1ln\u00ed v\u00fdsledek, neb\u00fdt nep\u0159\u00edjemn\u00e9ho p\u00e1du, kter\u00fd ho na zr\u00e1dn\u00e9, kluzk\u00e9 trati potkal&#8230;<\/p>\n<figure id=\"attachment_3838\" aria-describedby=\"caption-attachment-3838\" style=\"width: 1080px\" class=\"wp-caption aligncenter\"><a href=\"http:\/\/www.moravecteam.cz\/?attachment_id=3838\" rel=\"attachment wp-att-3838\"><img decoding=\"async\" loading=\"lazy\" class=\" wp-image-3838 \" alt=\"IMG_3561\" src=\"http:\/\/www.moravecteam.cz\/wp-content\/uploads\/2016\/03\/IMG_3561.jpg\" width=\"1080\" height=\"936\" srcset=\"https:\/\/www.moravecteam.cz\/wp-content\/uploads\/2016\/03\/IMG_3561.jpg 1080w, https:\/\/www.moravecteam.cz\/wp-content\/uploads\/2016\/03\/IMG_3561-300x260.jpg 300w, https:\/\/www.moravecteam.cz\/wp-content\/uploads\/2016\/03\/IMG_3561-1024x887.jpg 1024w\" sizes=\"(max-width: 1080px) 100vw, 1080px\" \/><\/a><figcaption id=\"caption-attachment-3838\" class=\"wp-caption-text\">Ad\u00e9la \u0160af\u00e9\u0159ov\u00e1 letos drt\u00ed v\u0161e, co j\u00ed pod kolo p\u0159ijde&#8230; Po Kypru nebyla ani Praha vyj\u00edmkou!<\/figcaption><\/figure>\n<p style=\"text-align: justify;\">\u017de hork\u00e1 favoritka z\u00e1vodu juniorek, hrdinka ze Sunshine Cupu na Kypru a na\u0161e odchovankyn\u011b<span style=\"color: #800000;\"><strong> Ad\u00e9la \u0160af\u00e1\u0159ov\u00e1<\/strong><\/span> (toho \u010dasu Nutrend Specialized) ovl\u00e1dla suver\u00e9nn\u011b z\u00e1vod juniorek, se \u010dakalo a &#8222;Adys&#8220; i ve Zli\u010d\u00edn\u011b potvrdila, \u017ee na za\u010d\u00e1tku sez\u00f3ny uj\u00ed\u017ed\u00ed na v\u00edt\u011bzn\u00e9 vln\u011b! Blahop\u0159ejeme! Pro n\u00e1s byl onu posledn\u00ed b\u0159eznovou sobotu medailovou te\u010dkou z\u00e1vod junior\u016f, ve kter\u00e9m t\u0159et\u00edm m\u00edstem n\u00e1\u0161 <strong><span style=\"color: #800000;\">Dominik Prudek<\/span><\/strong> potvrdil, \u017ee s n\u00edm letos bude muset konkurence v\u00e1\u017en\u011b po\u010d\u00edtat. I k Dominikovi let\u00ed na\u0161e blahop\u0159\u00e1n\u00ed! \u00a0Dopln\u00edm je\u0161t\u011b um\u00edst\u011bn\u00ed dal\u0161\u00edho borce, kter\u00fd v minulosti &#8222;\u0161krtnul&#8220; o MORAVEC: <strong><span style=\"color: #800000;\">Jirka \u0160t\u011bpan\u00edk<\/span><\/strong> si p\u0159i sv\u00e9 premi\u00e9\u0159e v z\u00e1vod\u011b mu\u017e\u016f ELITE vedl v\u00edc n\u011b\u017e zdatn\u011b o \u010dem\u017e sv\u011bd\u010d\u00ed jeho v c\u00edli 10. m\u00edsto..!<\/p>\n<p style=\"text-align: justify;\"><span style=\"color: #800000;\"><strong>V\u00fdsledkov\u00fd souhrn MORAVC\u016e z PMTBP ze Zli\u010d\u00edna je tentok:<\/strong><\/span><\/p>\n<ul>\n<li>Mlad\u0161\u00ed \u017e\u00e1ci &#8211; 18. Roman \u0160indel\u00e1\u0159<\/li>\n<li>Star\u0161\u00ed \u017e\u00e1ci &#8211; <span style=\"color: #800000;\"><strong>1. Tom\u00e1\u0161 Tlamka &#8222;Contador&#8220;, 2. Honza \u0160indel\u00e1\u0159,<\/strong> <\/span>11. Jakub Tesa\u0159<\/li>\n<li>Kadetky &#8211; <strong><span style=\"color: #800000;\">1. Jana Tesa\u0159ov\u00e1, 2. Anna Zem\u00e1nkov\u00e1,<\/span><\/strong> 4. Krist\u00fdna Haasov\u00e1, 6. Monika Kone\u010dn\u00e1<\/li>\n<li>Kadeti &#8211; 10. Mat\u011bj Maz\u00e1nek<\/li>\n<li>Juniorky &#8211; <strong><span style=\"color: #800000;\">1. Ad\u00e9la \u0160af\u00e1\u0159ov\u00e1<\/span><\/strong><\/li>\n<li>Junio\u0159i &#8211; <span style=\"color: #800000;\"><strong>3. Dominik Prudek<\/strong><\/span><\/li>\n<li>Mu\u017ei ELITE &#8211; 10. Jirka \u0160t\u011bpan\u00edk<\/li>\n<\/ul>\n<p style=\"text-align: justify;\">Opravdu nad\u011bjn\u00e9&#8230; D\u00edky v\u0161em rajdr\u016fm za &#8222;podlahov\u00e9&#8220; v\u00fdkony, d\u00edky i realiza\u010dn\u00edmu podp\u016frn\u00e9mu t\u00fdmu za vzorn\u011b odvedenou pr\u00e1ci v\u010detn\u011b medi\u00e1ln\u00ed reprezentace odd\u00edlu v r\u00e1mci z\u00e1vodu na TOP \u00farovni! <strong><a href=\"http:\/\/moravecteam.rajce.idnes.cz\/2016.03.26_Prazsky_MTB_pohar_Zlicin\/\">Zde jsou supr fotky a videosekvenc<\/a><\/strong>\u00a0Libora Tesa\u0159 z \u00fasp\u011b\u0161n\u00e9 mise STRAKA V HRSTI a taky kompletn\u00ed <strong><a href=\"http:\/\/www.skcpraha.cz\/?p=3479\">v\u00fdsledkov\u00fd servis<\/a><\/strong>.<\/p>\n<p style=\"text-align: justify;\">**************************************************************************<\/p>\n<p style=\"text-align: justify;\"><span style=\"line-height: 1.5;\">On line z prvn\u00edho velk\u00e9ho tuzemsk\u00e9ho leto\u0161n\u00edho cross-country v Praze &#8211; Zli\u010d\u00edn\u011b, kter\u00e9 se jede jako prvn\u00ed z\u00e1vod Pra\u017esk\u00e9ho MTB Poh\u00e1ru:<\/span><\/p>\n<ul>\n<li style=\"text-align: justify;\">Junio\u0159i ofici\u00e1ln\u00ed v\u00fdsledky: <span style=\"color: #800000;\"><strong>3. Dominik Prudek<\/strong><\/span>! Ke kompletn\u00ed informaci sch\u00e1z\u00ed u\u017e jenom um\u00edst\u011bn\u00ed dal\u0161\u00edho na\u0161eho odchovance, <span style=\"color: #800000;\"><strong>Jirky \u0160t\u011bpan\u00edka<\/strong><\/span>. Mise <strong>STRAKA V HRSTI<\/strong> p\u0159edb\u011b\u017en\u011b hodnocena jako velmi \u00fasp\u011b\u0161n\u00e1! Info 16.48 od tren\u00e9ra Milana Tlamky.<\/li>\n<li style=\"text-align: justify;\">Kadetky ofici\u00e1ln\u00ed v\u00fdsledky: <strong><span style=\"color: #800000;\">1.<\/span><span style=\"color: #800000;\"> Jana Tesa\u0159ov\u00e1, 2. Anna Zem\u00e1nkov\u00e1, &#8230;4. Krist\u00fdna Haasov\u00e1, &#8230;6. Monika Kone\u010dn\u00e1.<\/span>\u00a0<\/strong>Kadeti op\u011bt ofici\u00e1ln\u00ed<strong>\u00a0<\/strong>\u00a0v\u00fdsledky: &#8230;<strong><span style=\"color: #800000;\">10. Mat\u011bj Maz\u00e1nek.<\/span><\/strong>\u00a0Juniorky<strong>\u00a0<\/strong>tak\u00e9 ji\u017e<strong>\u00a0<\/strong>ofici\u00e1ln\u00ed<strong>\u00a0<\/strong>v\u00fdsledky<strong> &#8211; <span style=\"color: #800000;\">1. Ad\u00e9la \u0160af\u00e1\u0159ov\u00e1<\/span>.\u00a0<\/strong>\u017d\u00e1kovsk\u00e9 kategorie &#8211; star\u0161\u00ed \u017e\u00e1ci &#8211;\u00a0<span style=\"color: #800000;\"><strong>1. Tom\u00e1\u0161 Tlamka &#8222;Contador&#8220;, 2. Honza \u0160indel\u00e1\u0159, &#8230;11. Jakub Tesa\u0159.<\/strong>\u00a0<span style=\"color: #000000;\">Mlad\u0161\u00ed \u017e\u00e1ci &#8211; &#8230;<strong><span style=\"color: #800000;\">18. Roman \u0160indel\u00e1\u0159<\/span><\/strong>. Info 14.24 od tren\u00e9ra Milana Tlamky.\u00a0<\/span><b><br \/>\n<\/b><\/span><strong><\/strong><\/li>\n<li style=\"text-align: justify;\">Star\u0161\u00ed \u017e\u00e1ci: <span style=\"color: #800000;\"><strong>1. Tom\u00e1\u0161 Tlamka &#8222;Contador&#8220;, 2. Honza \u0160indel\u00e1\u0159!<\/strong><\/span>\u00a0Dob\u0159e odjeli sv\u016fj z\u00e1vod mlad\u0161\u00edch \u017e\u00e1k\u016f i Roman \u0160indel\u00e1\u0159 s Jakubem Tesa\u0159em, jejich um\u00edst\u011bn\u00ed zat\u00edm nezn\u00e1me. Tra\u0165 po rann\u00edm de\u0161ti bl\u00e1tiv\u00e1, mokr\u00e1, t\u011b\u017ek\u00e1&#8230; Na trati aktu\u00e1ln\u011b kadeti a kadetky. Info ve 12.17 od tren\u00e9ra Milana Tlamky.<\/li>\n<\/ul>\n","protected":false},"excerpt":{"rendered":"<p>Z\u00e1vodnick\u00e1 pruba MORAVEC Teamu v r\u00e1mci prvn\u00edho z\u00e1vodu Pra\u017esk\u00e9ho MTB poh\u00e1ru minulou sobotu v Praze &#8211; Zli\u010d\u00edn\u011b dopadla nad o\u010dek\u00e1v\u00e1n\u00ed! Teorie &#8222;sla\u010den\u00fdch pru\u017ein&#8220; zd\u00e1 se, funguje i letos, z fotek je patrn\u00e1 enormn\u00ed chu\u0165 na\u0161ich &#8222;mlad\u00fdch pu\u0161ek&#8220; po z\u00e1vod\u011bn\u00ed, po bikov\u00e9 &#8222;\u010dertovin\u011b&#8220;, po stoprocentn\u00edm z\u00faro\u010den\u00ed toho, co v r\u00e1mci zimn\u00ed p\u0159ipravn\u00e9 \u0159ehole do sebe v &hellip; <a href=\"https:\/\/www.moravecteam.cz\/?p=3825\" class=\"more-link\">Pokra\u010dov\u00e1n\u00ed textu <span class=\"screen-reader-text\">Zli\u010d\u00edn: prvn\u00ed MTB &#8222;placky&#8220;!<\/span> <span class=\"meta-nav\">&rarr;<\/span><\/a><\/p>\n","protected":false},"author":3,"featured_media":3835,"comment_status":"open","ping_status":"closed","sticky":false,"template":"","format":"standard","meta":[],"categories":[1],"tags":[],"_links":{"self":[{"href":"https:\/\/www.moravecteam.cz\/index.php?rest_route=\/wp\/v2\/posts\/3825"}],"collection":[{"href":"https:\/\/www.moravecteam.cz\/index.php?rest_route=\/wp\/v2\/posts"}],"about":[{"href":"https:\/\/www.moravecteam.cz\/index.php?rest_route=\/wp\/v2\/types\/post"}],"author":[{"embeddable":true,"href":"https:\/\/www.moravecteam.cz\/index.php?rest_route=\/wp\/v2\/users\/3"}],"replies":[{"embeddable":true,"href":"https:\/\/www.moravecteam.cz\/index.php?rest_route=%2Fwp%2Fv2%2Fcomments&post=3825"}],"version-history":[{"count":15,"href":"https:\/\/www.moravecteam.cz\/index.php?rest_route=\/wp\/v2\/posts\/3825\/revisions"}],"predecessor-version":[{"id":3845,"href":"https:\/\/www.moravecteam.cz\/index.php?rest_route=\/wp\/v2\/posts\/3825\/revisions\/3845"}],"wp:featuredmedia":[{"embeddable":true,"href":"https:\/\/www.moravecteam.cz\/index.php?rest_route=\/wp\/v2\/media\/3835"}],"wp:attachment":[{"href":"https:\/\/www.moravecteam.cz\/index.php?rest_route=%2Fwp%2Fv2%2Fmedia&parent=3825"}],"wp:term":[{"taxonomy":"category","embeddable":true,"href":"https:\/\/www.moravecteam.cz\/index.php?rest_route=%2Fwp%2Fv2%2Fcategories&post=3825"},{"taxonomy":"post_tag","embeddable":true,"href":"https:\/\/www.moravecteam.cz\/index.php?rest_route=%2Fwp%2Fv2%2Ftags&post=3825"}],"curies":[{"name":"wp","href":"https:\/\/api.w.org\/{rel}","templated":true}]}}