{"id":3854,"date":"2016-03-27T23:13:53","date_gmt":"2016-03-27T21:13:53","guid":{"rendered":"http:\/\/www.moravecteam.cz\/?p=3854"},"modified":"2016-03-27T23:46:35","modified_gmt":"2016-03-27T21:46:35","slug":"zdenku-vsechno-nej","status":"publish","type":"post","link":"https:\/\/www.moravecteam.cz\/?p=3854","title":{"rendered":"Zde\u0148ku, v\u0161echno NEJ!"},"content":{"rendered":"<p style=\"text-align: justify;\"><span style=\"color: #800000;\"><strong>V\u011bru n\u00e1ro\u010dn\u00e9 pond\u011bl\u00ed \u010dek\u00e1 v\u00fdraznou (neb\u00e1l bych se toto p\u0159\u00eddavn\u00e9 jm\u00e9no je\u0161t\u011b dvakr\u00e1t vystup\u0148ovat a napsat &#8211; NEJV\u00ddRAZN\u011aJ\u0160\u00cd) osobnost soudob\u00e9 \u010desk\u00e9 kultury, Zde\u0148ka Sv\u011br\u00e1ka. Krom\u011b toho, \u017ee jako ka\u017ed\u00fd mu\u017e bude m\u00edt svoje d\u016fle\u017eit\u00e9 povinnosti souvisej\u00edc\u00ed s Velikono\u010dn\u00edm pond\u011bl\u00edm, oslav\u00ed 28. b\u0159ezna 2016 &#8222;Zden\u00e1l &#8211; P\u0159\u00edtel&#8220; svoje osmdes\u00e1t\u00e9 narozeniny!<\/strong><\/span><\/p>\n<figure id=\"attachment_3861\" aria-describedby=\"caption-attachment-3861\" style=\"width: 1213px\" class=\"wp-caption alignnone\"><a href=\"http:\/\/www.moravecteam.cz\/?attachment_id=3861\" rel=\"attachment wp-att-3861\"><img decoding=\"async\" loading=\"lazy\" class=\" wp-image-3861\" alt=\"DSCN6801a\" src=\"http:\/\/www.moravecteam.cz\/wp-content\/uploads\/2016\/03\/DSCN6801a.jpg\" width=\"1213\" height=\"531\" srcset=\"https:\/\/www.moravecteam.cz\/wp-content\/uploads\/2016\/03\/DSCN6801a.jpg 1213w, https:\/\/www.moravecteam.cz\/wp-content\/uploads\/2016\/03\/DSCN6801a-300x131.jpg 300w, https:\/\/www.moravecteam.cz\/wp-content\/uploads\/2016\/03\/DSCN6801a-1024x448.jpg 1024w\" sizes=\"(max-width: 1213px) 100vw, 1213px\" \/><\/a><figcaption id=\"caption-attachment-3861\" class=\"wp-caption-text\">Nejcen\u011bj\u0161\u00ed artefakt MORAVEC Teamu, rukopis J\u00e1ry Cimrmana autorizovan\u00fd t\u00e9\u017e Zde\u0148kem Sv\u011br\u00e1kem. Pa\u0159\u00ed\u017esk\u00fd Louvre mi za rukopis v aktu\u00e1ln\u00ed podob\u011b (s podpisem Zde\u0148ka Sv\u011br\u00e1ka) nab\u00eddl koncem lo\u0148sk\u00e9ho roku \u00a020.000.000.- EUR&#8230; Neprod\u00e1me&#8230; Nikdy&#8230; Nikomu&#8230;<\/figcaption><\/figure>\n<p style=\"text-align: justify;\">Ke Zde\u0148kovi m\u00e1me od 10. dubna 2014 vztah o to v\u0159elej\u0161\u00ed, \u017ee spolu se sv\u00fdmi kamar\u00e1dy z Divadla J\u00e1ry Cimrmana sv\u00fdm podpisem jedozna\u010dn\u011b ztvrdil objev MORAVC\u016e z roku 2006, kdy jsme v r\u00e1mci na\u0161eho letn\u00edho kempu v r.2006 objevili jedine\u010dn\u00fd rukopis \u010desk\u00e9ho velik\u00e1na, kter\u00fd potvrzuje, \u017ee horsk\u00e9 kolo vynalezl pr\u00e1v\u011b J\u00e1ra Cimrman&#8230; Kdy\u017e mu to tehdy, 10. dubna 2014 ve\u010der, v D\u011blnick\u00e9m dom\u011b Cimrmanovsk\u00e1 sekce na\u0161eho odd\u00edlu p\u0159i setk\u00e1n\u00ed po divadeln\u00edm p\u0159edstaven\u00ed ozn\u00e1mila, odpov\u011bd\u011bl n\u00e1m Zden\u011bk s vtipem jemu vlastn\u00edm: &#8222;No kdo jin\u00fd mohla vynaleznout horsk\u00e9 kolo, kdy\u017e ne J\u00e1ra Cimrman?&#8220; Zde\u0148ku p\u0159ejeme Ti hodn\u011b dal\u0161\u00edch v\u00fdborn\u00fdch n\u00e1pad\u016f, hodn\u011b kilometr\u016f bez nehody na kole a hlavn\u011b &#8211; pevn\u00e9 zdrav\u00ed i do da\u0161\u00edch let! Zde mrkn\u011bte na <strong><a href=\"http:\/\/moravec.benesov-u-boskovic.cz\/cz\/akce\/2014\/djc-blansko-10-4\/\">dal\u0161\u00edch p\u00e1r fotek<\/a><\/strong> z historick\u00e9ho setk\u00e1n\u00ed \u010dlen\u016f MORAVEC Teamu se Zde\u0148kem Sv\u011br\u00e1kem&#8230;<\/p>\n","protected":false},"excerpt":{"rendered":"<p>V\u011bru n\u00e1ro\u010dn\u00e9 pond\u011bl\u00ed \u010dek\u00e1 v\u00fdraznou (neb\u00e1l bych se toto p\u0159\u00eddavn\u00e9 jm\u00e9no je\u0161t\u011b dvakr\u00e1t vystup\u0148ovat a napsat &#8211; NEJV\u00ddRAZN\u011aJ\u0160\u00cd) osobnost soudob\u00e9 \u010desk\u00e9 kultury, Zde\u0148ka Sv\u011br\u00e1ka. Krom\u011b toho, \u017ee jako ka\u017ed\u00fd mu\u017e bude m\u00edt svoje d\u016fle\u017eit\u00e9 povinnosti souvisej\u00edc\u00ed s Velikono\u010dn\u00edm pond\u011bl\u00edm, oslav\u00ed 28. b\u0159ezna 2016 &#8222;Zden\u00e1l &#8211; P\u0159\u00edtel&#8220; svoje osmdes\u00e1t\u00e9 narozeniny! Ke Zde\u0148kovi m\u00e1me od 10. dubna &hellip; <a href=\"https:\/\/www.moravecteam.cz\/?p=3854\" class=\"more-link\">Pokra\u010dov\u00e1n\u00ed textu <span class=\"screen-reader-text\">Zde\u0148ku, v\u0161echno NEJ!<\/span> <span class=\"meta-nav\">&rarr;<\/span><\/a><\/p>\n","protected":false},"author":3,"featured_media":3857,"comment_status":"open","ping_status":"closed","sticky":false,"template":"","format":"standard","meta":[],"categories":[13],"tags":[],"_links":{"self":[{"href":"https:\/\/www.moravecteam.cz\/index.php?rest_route=\/wp\/v2\/posts\/3854"}],"collection":[{"href":"https:\/\/www.moravecteam.cz\/index.php?rest_route=\/wp\/v2\/posts"}],"about":[{"href":"https:\/\/www.moravecteam.cz\/index.php?rest_route=\/wp\/v2\/types\/post"}],"author":[{"embeddable":true,"href":"https:\/\/www.moravecteam.cz\/index.php?rest_route=\/wp\/v2\/users\/3"}],"replies":[{"embeddable":true,"href":"https:\/\/www.moravecteam.cz\/index.php?rest_route=%2Fwp%2Fv2%2Fcomments&post=3854"}],"version-history":[{"count":17,"href":"https:\/\/www.moravecteam.cz\/index.php?rest_route=\/wp\/v2\/posts\/3854\/revisions"}],"predecessor-version":[{"id":3876,"href":"https:\/\/www.moravecteam.cz\/index.php?rest_route=\/wp\/v2\/posts\/3854\/revisions\/3876"}],"wp:featuredmedia":[{"embeddable":true,"href":"https:\/\/www.moravecteam.cz\/index.php?rest_route=\/wp\/v2\/media\/3857"}],"wp:attachment":[{"href":"https:\/\/www.moravecteam.cz\/index.php?rest_route=%2Fwp%2Fv2%2Fmedia&parent=3854"}],"wp:term":[{"taxonomy":"category","embeddable":true,"href":"https:\/\/www.moravecteam.cz\/index.php?rest_route=%2Fwp%2Fv2%2Fcategories&post=3854"},{"taxonomy":"post_tag","embeddable":true,"href":"https:\/\/www.moravecteam.cz\/index.php?rest_route=%2Fwp%2Fv2%2Ftags&post=3854"}],"curies":[{"name":"wp","href":"https:\/\/api.w.org\/{rel}","templated":true}]}}