{"id":3877,"date":"2016-03-28T20:45:10","date_gmt":"2016-03-28T18:45:10","guid":{"rendered":"http:\/\/www.moravecteam.cz\/?p=3877"},"modified":"2016-03-28T22:52:34","modified_gmt":"2016-03-28T20:52:34","slug":"nedele-na-vysocine","status":"publish","type":"post","link":"https:\/\/www.moravecteam.cz\/?p=3877","title":{"rendered":"Ned\u011ble na Vyso\u010din\u011b!"},"content":{"rendered":"<p style=\"text-align: justify;\"><span style=\"color: #800000;\"><strong>V\u00edkend elitn\u00edch snajpr\u016f MORAVCE byl skute\u010dn\u011b hutn\u00fd a na v\u00edc &#8211; pro mnoh\u00e9 z nich \u00a0&#8211; je\u0161t\u011b prodlou\u017een\u00fd o vydatnou pond\u011bln\u00ed turistiku&#8230; Ale poj\u010fme po-po\u0159ad\u011b. Byl to n\u00e1pad \u00a0tat\u00ednka na\u0161ich \u010derstv\u00fdch leto\u0161n\u00edch vydatn\u00fdch (v\u00edc t\u011bch p\u0159\u00edvlastk\u016f asi ned\u00e1m) posil Honzy a Romana \u0160indel\u00e1\u0159ov\u00fdch, Honzy \u0160indel\u00e1\u0159ovic star\u0161\u00edho, aby se na\u0161e \u00faderka z MTB Pra\u017esk\u00e9ho poh\u00e1ru p\u0159esunula v sobotu 26.3.2016 do jeho chalupy na Vyso\u010din\u011b (lokalita L\u00e1sek) a zde v pr\u016fb\u011bhu ned\u011ble 27.3.2016 je\u0161t\u011b vydatn\u011b potr\u00e9novala&#8230;<\/strong><\/span><\/p>\n<figure id=\"attachment_3887\" aria-describedby=\"caption-attachment-3887\" style=\"width: 1189px\" class=\"wp-caption alignnone\"><a href=\"http:\/\/www.moravecteam.cz\/?attachment_id=3887\" rel=\"attachment wp-att-3887\"><img decoding=\"async\" loading=\"lazy\" class=\" wp-image-3887\" alt=\"20131001_104941\" src=\"http:\/\/www.moravecteam.cz\/wp-content\/uploads\/2016\/03\/20131001_104941.jpg\" width=\"1189\" height=\"1225\" srcset=\"https:\/\/www.moravecteam.cz\/wp-content\/uploads\/2016\/03\/20131001_104941.jpg 1189w, https:\/\/www.moravecteam.cz\/wp-content\/uploads\/2016\/03\/20131001_104941-25x25.jpg 25w, https:\/\/www.moravecteam.cz\/wp-content\/uploads\/2016\/03\/20131001_104941-291x300.jpg 291w, https:\/\/www.moravecteam.cz\/wp-content\/uploads\/2016\/03\/20131001_104941-993x1024.jpg 993w\" sizes=\"(max-width: 1189px) 100vw, 1189px\" \/><\/a><figcaption id=\"caption-attachment-3887\" class=\"wp-caption-text\">Z\u00e1zem\u00ed chaty je bez chyb, posledn\u00ed b\u0159eznovou ned\u011bli letos jsme zde pravd\u011bpodobn\u011b zdaleka nebyli na posled&#8230;<\/figcaption><\/figure>\n<p style=\"text-align: justify;\">Proto\u017ee na\u0161i dva tren\u00e9\u0159i souhlasili, prodlou\u017een\u00fd v\u00edkend v sedlech byl na sv\u011bt\u011b! Ale v\u011b\u0159te, \u017ee se nejednalo o \u017e\u00e1dnou rekreaci&#8230; Ned\u011bln\u00edmu r\u00e1nu, kdy na\u0161i snajp\u0159i ve svalech museli po probuzen\u00ed ur\u010do c\u00edtit TOP tvrd\u00fd Zli\u010d\u00edn, v\u00e9vodila disciplinovan\u00e1 rozcvi\u010dka a po n\u00ed n\u00e1sledn\u00fd p\u0159esun na &#8222;sv\u011btovou&#8220; tra\u0165 do Nov\u00e9ho M\u011bsta na Morav\u011b! Ta je sice aktu\u00e1ln\u011b je\u0161t\u011b poseta pok\u00e1cen\u00fdmi smrky pravd\u011bpodobn\u011b je\u0161te v r\u00e1mci zimn\u00ed t\u011b\u017eby, ale i tak n\u011bkter\u00e9 tradi\u010dn\u00ed extr\u00e9mn\u00ed tra\u0165ov\u00e9 pas\u00e1\u017ee na\u0161i naj\u00ed\u017ed\u011bli, by\u0165 s v\u011bdom\u00edm, \u017ee v\u011bt\u0161ina z nich do boj\u016f v r\u00e1mci MTB mistrovstv\u00ed sv\u011bta na \u00fap\u0159elomu \u010dervna a \u010dervence tohoto roku nezas\u00e1hne&#8230; A v\u011b\u0159te, \u017ea naj\u00ed\u017ed\u011bli velmi zdatn\u011b! Faz\u00f3na formy na\u0161ich je na tuto ro\u010dn\u00ed doby nezvykle vysoko a douf\u00e1m, \u017ee je ve st\u0159ehu s na\u0161\u00ed v\u00fdkonnost\u00ed je i repre tren\u00e9r Viktor Zapletal, a \u017ee v l\u00e9t\u011b p\u0159i posledn\u00edm z\u00e1vod\u011b p\u0159ed LOH v Rio de Janeiro nez\u016fstane v r\u00e1mci nominace na bikov\u00e9 MS jen u p\u0159edpokl\u00e1dan\u00e9 \u00fa\u010dasti Ad\u00e9ly \u0160af\u00e1\u0159ov\u00e9&#8230; Jen spr\u00e1vn\u00fd tren\u00e9r dok\u00e1\u017ee ud\u011blat ne\u010dekan\u00fd, p\u0159ekvapiv\u00fd nomina\u010dn\u00ed tah a nasadit n\u011bkdy konkurenci zcela nezn\u00e1m\u00e9, &#8222;\u010dern\u00e9 kon\u011b&#8220;&#8230; A j\u00e1 jsem ze srdce p\u0159esv\u011bd\u010den, \u017ee Viktor takov\u00fdm tren\u00e9rem je! Uvid\u00edme&#8230;<\/p>\n<figure id=\"attachment_3884\" aria-describedby=\"caption-attachment-3884\" style=\"width: 861px\" class=\"wp-caption alignnone\"><a href=\"http:\/\/www.moravecteam.cz\/?attachment_id=3884\" rel=\"attachment wp-att-3884\"><img decoding=\"async\" loading=\"lazy\" class=\" wp-image-3884\" alt=\"DCIM100MEDIA\" src=\"http:\/\/www.moravecteam.cz\/wp-content\/uploads\/2016\/03\/FILE0111.jpg\" width=\"861\" height=\"782\" srcset=\"https:\/\/www.moravecteam.cz\/wp-content\/uploads\/2016\/03\/FILE0111.jpg 861w, https:\/\/www.moravecteam.cz\/wp-content\/uploads\/2016\/03\/FILE0111-300x272.jpg 300w\" sizes=\"(max-width: 861px) 100vw, 861px\" \/><\/a><figcaption id=\"caption-attachment-3884\" class=\"wp-caption-text\">Ani &#8222;Velk\u00fd Jarda&#8220; Rock and roll&#8220; by takhle nedal&#8230;. Dominik Prudek se olympijsk\u00e9mu v\u00edt\u011bzi z Lond\u00fdna 2012 p\u0159ibli\u017euje krok za krokem&#8230;<\/figcaption><\/figure>\n<p style=\"text-align: justify;\">Ale poj\u010fme zp\u011bt do d\u011bn\u00ed posledn\u00ed b\u0159eznov\u00e9 ned\u011ble 2016 v r\u00e1mci MORAVCE na \u010ceskomaorvsk\u00e9 Vrchovin\u011b. Na\u0161i nejen \u017ee dok\u00e1zali potr\u00e9novat na, dnes u\u017e legend\u00e1rn\u00ed, bikov\u00e9, novom\u011bstsk\u00e9 trati, ale dok\u00e1zali podle pl\u00e1nu v pln\u00e9 sestav\u011b dojet z Nov\u00e9ho M\u011bsta na Morav\u011b na c\u00edlovou z\u00e1kladnu &#8211; do Lysic! Klobouk dol\u016f, p\u0159ed jejich sou\u010dasnou v\u00fdkonnost\u00ed! \u017de v\u0161e zvl\u00e1dli bez v\u011bt\u0161\u00edch probl\u00e9m\u016f jen potvrzuje, \u017ee n\u00e1\u0161 opatrn\u00fd optimismis na za\u010d\u00e1tku sez\u00f3ny je v celku &#8211; legitimn\u00ed&#8230; Zde omrkn\u011bte <strong><a href=\"http:\/\/moravecteam.rajce.idnes.cz\/2016.03.27_Trenink_Nove_Mesto_na_Morave\/\">komentovanou fotogalerii<\/a><\/strong>.<\/p>\n","protected":false},"excerpt":{"rendered":"<p>V\u00edkend elitn\u00edch snajpr\u016f MORAVCE byl skute\u010dn\u011b hutn\u00fd a na v\u00edc &#8211; pro mnoh\u00e9 z nich \u00a0&#8211; je\u0161t\u011b prodlou\u017een\u00fd o vydatnou pond\u011bln\u00ed turistiku&#8230; Ale poj\u010fme po-po\u0159ad\u011b. Byl to n\u00e1pad \u00a0tat\u00ednka na\u0161ich \u010derstv\u00fdch leto\u0161n\u00edch vydatn\u00fdch (v\u00edc t\u011bch p\u0159\u00edvlastk\u016f asi ned\u00e1m) posil Honzy a Romana \u0160indel\u00e1\u0159ov\u00fdch, Honzy \u0160indel\u00e1\u0159ovic star\u0161\u00edho, aby se na\u0161e \u00faderka z MTB Pra\u017esk\u00e9ho poh\u00e1ru p\u0159esunula &hellip; <a href=\"https:\/\/www.moravecteam.cz\/?p=3877\" class=\"more-link\">Pokra\u010dov\u00e1n\u00ed textu <span class=\"screen-reader-text\">Ned\u011ble na Vyso\u010din\u011b!<\/span> <span class=\"meta-nav\">&rarr;<\/span><\/a><\/p>\n","protected":false},"author":3,"featured_media":3883,"comment_status":"open","ping_status":"closed","sticky":false,"template":"","format":"standard","meta":[],"categories":[9],"tags":[],"_links":{"self":[{"href":"https:\/\/www.moravecteam.cz\/index.php?rest_route=\/wp\/v2\/posts\/3877"}],"collection":[{"href":"https:\/\/www.moravecteam.cz\/index.php?rest_route=\/wp\/v2\/posts"}],"about":[{"href":"https:\/\/www.moravecteam.cz\/index.php?rest_route=\/wp\/v2\/types\/post"}],"author":[{"embeddable":true,"href":"https:\/\/www.moravecteam.cz\/index.php?rest_route=\/wp\/v2\/users\/3"}],"replies":[{"embeddable":true,"href":"https:\/\/www.moravecteam.cz\/index.php?rest_route=%2Fwp%2Fv2%2Fcomments&post=3877"}],"version-history":[{"count":10,"href":"https:\/\/www.moravecteam.cz\/index.php?rest_route=\/wp\/v2\/posts\/3877\/revisions"}],"predecessor-version":[{"id":3891,"href":"https:\/\/www.moravecteam.cz\/index.php?rest_route=\/wp\/v2\/posts\/3877\/revisions\/3891"}],"wp:featuredmedia":[{"embeddable":true,"href":"https:\/\/www.moravecteam.cz\/index.php?rest_route=\/wp\/v2\/media\/3883"}],"wp:attachment":[{"href":"https:\/\/www.moravecteam.cz\/index.php?rest_route=%2Fwp%2Fv2%2Fmedia&parent=3877"}],"wp:term":[{"taxonomy":"category","embeddable":true,"href":"https:\/\/www.moravecteam.cz\/index.php?rest_route=%2Fwp%2Fv2%2Fcategories&post=3877"},{"taxonomy":"post_tag","embeddable":true,"href":"https:\/\/www.moravecteam.cz\/index.php?rest_route=%2Fwp%2Fv2%2Ftags&post=3877"}],"curies":[{"name":"wp","href":"https:\/\/api.w.org\/{rel}","templated":true}]}}