{"id":3892,"date":"2016-03-28T23:20:55","date_gmt":"2016-03-28T21:20:55","guid":{"rendered":"http:\/\/www.moravecteam.cz\/?p=3892"},"modified":"2016-03-29T22:04:47","modified_gmt":"2016-03-29T20:04:47","slug":"velikonocni-turistika","status":"publish","type":"post","link":"https:\/\/www.moravecteam.cz\/?p=3892","title":{"rendered":"Velikono\u010dn\u00ed turistika."},"content":{"rendered":"<p style=\"text-align: justify;\"><strong><span style=\"color: #800000;\">S<\/span><\/strong><span style=\"color: #800000;\"><strong>kv\u011bl\u00fd n\u00e1pad od Rady star\u0161\u00edch biker\u016f MORAVCE m\u011bl jedinou vadu: sraz byl v p\u0159\u00edli\u0161 brzkou hodinu&#8230; Ale to do p\u0159\u00ed\u0161t\u011b MORAVCI ur\u010do vypiluj\u00ed, proto\u017ee turistika tohoto typu a v tento sv\u00e1te\u010dn\u00ed den bude v\u017edy v\u00edtan\u00e1 a pevn\u011b v\u011b\u0159\u00edm, \u017ee v r\u00e1mci odd\u00edlu se tato akce stane v p\u0159\u00ed\u0161t\u00edch letech tradi\u010dn\u00ed!<\/strong><\/span><\/p>\n<figure id=\"attachment_3900\" aria-describedby=\"caption-attachment-3900\" style=\"width: 4608px\" class=\"wp-caption alignnone\"><a href=\"http:\/\/www.moravecteam.cz\/?attachment_id=3900\" rel=\"attachment wp-att-3900\"><img decoding=\"async\" loading=\"lazy\" class=\" wp-image-3900\" alt=\"DSCN7349\" src=\"http:\/\/www.moravecteam.cz\/wp-content\/uploads\/2016\/03\/DSCN7349.jpg\" width=\"4608\" height=\"2592\" srcset=\"https:\/\/www.moravecteam.cz\/wp-content\/uploads\/2016\/03\/DSCN7349.jpg 4608w, https:\/\/www.moravecteam.cz\/wp-content\/uploads\/2016\/03\/DSCN7349-300x168.jpg 300w, https:\/\/www.moravecteam.cz\/wp-content\/uploads\/2016\/03\/DSCN7349-1024x576.jpg 1024w\" sizes=\"(max-width: 4608px) 100vw, 4608px\" \/><\/a><figcaption id=\"caption-attachment-3900\" class=\"wp-caption-text\">Spole\u010dn\u00e9 foto nad &#8222;Bob\u0159\u00ed z\u00e1tokou&#8220;&#8230; Pro\u010d Bob\u0159\u00ed z\u00e1toka? Studujte d\u00e1le text, omrkn\u011bte v\u0161echny fotky&#8230;<\/figcaption><\/figure>\n<p style=\"text-align: justify;\">Po kr\u00e1tk\u00e9m \u00favodn\u00edm &#8222;cestovn\u00edm p\u0159edstartovn\u00edm depu&#8220; v m\u00edst\u011b se\u0159adi\u0161t\u011b po v\u0161ech str\u00e1nk\u00e1ch erudovan\u00fd horsk\u00fd v\u016fdce <span style=\"color: #800000;\"><strong>Milan \u0160af\u00e1\u0159<\/strong><\/span>\u00a0ov\u011b\u0159il v\u00fdkonnostn\u011b sestavu bezm\u00e1la t\u0159ic\u00edtky Velikono\u010dn\u00edch turist\u016f MORAVCE a hned p\u0159esn\u011b v\u011bd\u011bl co a jak&#8230; Vyrazili jsme po startu &#8211; samoz\u0159ejm\u011b do kopc\u016f&#8230; Kdy\u017e se chcete n\u011bkam hnout z \u00fadoln\u00edch Boskovic, ani to jinak dost dob\u0159e nejde&#8230; Po bystr\u00e9m vydatn\u00e9m stoup\u00e1n\u00ed jsme p\u0159es n\u00e1m dob\u0159e zn\u00e1m\u00e9 Doubravy dorazili na b\u0159eh vodn\u00ed n\u00e1dr\u017ee B\u011bl\u00e1 ze sm\u011bru, kter\u00fd n\u00e1m byl po v\u011bt\u0161inou nezn\u00e1m\u00fd a o to v\u011bt\u0161\u00ed byla &#8222;kocha\u010dka&#8220; nad klidnou vodn\u00ed masou s jej\u00edmi doprovodn\u00fdmi jevy (na b\u0159ez\u00edch se ut\u00e1bo\u0159ili bob\u0159i &#8211; viz mrkn\u011bte na fotky!)&#8230;<\/p>\n<figure id=\"attachment_3901\" aria-describedby=\"caption-attachment-3901\" style=\"width: 3809px\" class=\"wp-caption alignnone\"><a href=\"http:\/\/www.moravecteam.cz\/?attachment_id=3901\" rel=\"attachment wp-att-3901\"><img decoding=\"async\" loading=\"lazy\" class=\" wp-image-3901\" alt=\"DSCN7377\" src=\"http:\/\/www.moravecteam.cz\/wp-content\/uploads\/2016\/03\/DSCN7377.jpg\" width=\"3809\" height=\"2588\" srcset=\"https:\/\/www.moravecteam.cz\/wp-content\/uploads\/2016\/03\/DSCN7377.jpg 3809w, https:\/\/www.moravecteam.cz\/wp-content\/uploads\/2016\/03\/DSCN7377-300x203.jpg 300w, https:\/\/www.moravecteam.cz\/wp-content\/uploads\/2016\/03\/DSCN7377-1024x695.jpg 1024w\" sizes=\"(max-width: 3809px) 100vw, 3809px\" \/><\/a><figcaption id=\"caption-attachment-3901\" class=\"wp-caption-text\">&#8222;BIG&#8220; depo p\u0159ed Hr\u00e1dkovem na\u010dasoval n\u00e1\u0161 Velikono\u010dn\u00ed horsk\u00fd v\u016fdce velmi p\u0159esn\u011b&#8230;<\/figcaption><\/figure>\n<p style=\"text-align: justify;\">Hr\u00e1z region\u00e1ln\u011b zn\u00e1m\u00e9ho vodn\u00edho d\u00edla novinkou ani tak moc nebyla, ale panoramata z pastviny naproti obci Hr\u00e1dkov u\u017e zase jo! Hrad, hr\u00e1z B\u011bl\u00e9, Mal\u00fd Chlum &#8211; t\u00edm v\u0161\u00edm jsme se odsud, z do\u010dasn\u00e9ho sva\u010dinov\u00e9ho depa, mohli kochat&#8230; \u017de na\u0161e cesta do kopc\u016f pokra\u010dovala a\u017e nad Valchov, se dalo \u010dekat, a \u017ee jsme nad Valchovem registrovali i v na\u0161ich \u0159ad\u00e1ch jednoho &#8222;mrtv\u00e9ho&#8220;, m\u016f\u017eete vysledovat op\u011bt z fotek&#8230; Se\u0161up k Novib\u0159e po klasick\u00e9 \u00a0&#8211; pro mnoh\u00e9 ne p\u0159\u00edli\u0161 zn\u00e1m\u00e9 &#8211; &#8222;Saf\u00e1\u0159ovic stezce&#8220; byl pro turisty ur\u010do snaz\u0161\u00ed ne\u017e pro bikery, ale za to logicky pomalej\u0161\u00ed&#8230; C\u00edlov\u00e1 rovinka do Boskovic pak u\u017e jen dotvrdila distanc 12,5 km, kterou jsme v r\u00e1mci Velikono\u010dn\u00edho pond\u011bl\u00ed na\u0161lapali ani\u017e bychom si toho n\u011bjak v\u0161imli&#8230; Beze sporu jsme zapo\u010dali novou tradici odd\u00edlov\u00fdch po\u010din\u016f, jenom oproti leto\u0161ku s t\u00edm rozd\u00edlem, \u017ee se budeme &#8211; jak jsem si v z\u00e1hlav\u00ed t\u00e9to zpr\u00e1vy dovolil avizovat &#8211; sch\u00e1zet na start o dv\u011b h\u010fky pozd\u011bjc&#8230; V\u00fdb\u011br fotek z Velikono\u010dn\u00edho v\u00fd\u0161lapu\u00a0<strong><a href=\"http:\/\/moravecteam.rajce.idnes.cz\/2016.03.28._Velikonocni_turistika\/\">omrkn\u011bte zde<\/a><\/strong>&#8230;<\/p>\n","protected":false},"excerpt":{"rendered":"<p>Skv\u011bl\u00fd n\u00e1pad od Rady star\u0161\u00edch biker\u016f MORAVCE m\u011bl jedinou vadu: sraz byl v p\u0159\u00edli\u0161 brzkou hodinu&#8230; Ale to do p\u0159\u00ed\u0161t\u011b MORAVCI ur\u010do vypiluj\u00ed, proto\u017ee turistika tohoto typu a v tento sv\u00e1te\u010dn\u00ed den bude v\u017edy v\u00edtan\u00e1 a pevn\u011b v\u011b\u0159\u00edm, \u017ee v r\u00e1mci odd\u00edlu se tato akce stane v p\u0159\u00ed\u0161t\u00edch letech tradi\u010dn\u00ed! Po kr\u00e1tk\u00e9m \u00favodn\u00edm &#8222;cestovn\u00edm p\u0159edstartovn\u00edm &hellip; <a href=\"https:\/\/www.moravecteam.cz\/?p=3892\" class=\"more-link\">Pokra\u010dov\u00e1n\u00ed textu <span class=\"screen-reader-text\">Velikono\u010dn\u00ed turistika.<\/span> <span class=\"meta-nav\">&rarr;<\/span><\/a><\/p>\n","protected":false},"author":3,"featured_media":3898,"comment_status":"open","ping_status":"closed","sticky":false,"template":"","format":"standard","meta":[],"categories":[13],"tags":[],"_links":{"self":[{"href":"https:\/\/www.moravecteam.cz\/index.php?rest_route=\/wp\/v2\/posts\/3892"}],"collection":[{"href":"https:\/\/www.moravecteam.cz\/index.php?rest_route=\/wp\/v2\/posts"}],"about":[{"href":"https:\/\/www.moravecteam.cz\/index.php?rest_route=\/wp\/v2\/types\/post"}],"author":[{"embeddable":true,"href":"https:\/\/www.moravecteam.cz\/index.php?rest_route=\/wp\/v2\/users\/3"}],"replies":[{"embeddable":true,"href":"https:\/\/www.moravecteam.cz\/index.php?rest_route=%2Fwp%2Fv2%2Fcomments&post=3892"}],"version-history":[{"count":10,"href":"https:\/\/www.moravecteam.cz\/index.php?rest_route=\/wp\/v2\/posts\/3892\/revisions"}],"predecessor-version":[{"id":3915,"href":"https:\/\/www.moravecteam.cz\/index.php?rest_route=\/wp\/v2\/posts\/3892\/revisions\/3915"}],"wp:featuredmedia":[{"embeddable":true,"href":"https:\/\/www.moravecteam.cz\/index.php?rest_route=\/wp\/v2\/media\/3898"}],"wp:attachment":[{"href":"https:\/\/www.moravecteam.cz\/index.php?rest_route=%2Fwp%2Fv2%2Fmedia&parent=3892"}],"wp:term":[{"taxonomy":"category","embeddable":true,"href":"https:\/\/www.moravecteam.cz\/index.php?rest_route=%2Fwp%2Fv2%2Fcategories&post=3892"},{"taxonomy":"post_tag","embeddable":true,"href":"https:\/\/www.moravecteam.cz\/index.php?rest_route=%2Fwp%2Fv2%2Ftags&post=3892"}],"curies":[{"name":"wp","href":"https:\/\/api.w.org\/{rel}","templated":true}]}}