{"id":3907,"date":"2016-03-28T23:54:12","date_gmt":"2016-03-28T21:54:12","guid":{"rendered":"http:\/\/www.moravecteam.cz\/?p=3907"},"modified":"2016-03-29T22:01:30","modified_gmt":"2016-03-29T20:01:30","slug":"co-se-bude-dit-st13","status":"publish","type":"post","link":"https:\/\/www.moravecteam.cz\/?p=3907","title":{"rendered":"Co se bude d\u00edt? (ST13)"},"content":{"rendered":"<h5><span style=\"color: #800000;\"><strong>\u00dater\u00fd 29.3. 2016<\/strong><\/span><\/h5>\n<p style=\"text-align: justify;\">V r\u00e1mci p\u0159etrv\u00e1vaj\u00edc\u00ed fini\u0161uj\u00edc\u00ed zimn\u00ed p\u0159\u00edpravy\u00a0od 18.00 hodin\u00a0cvi\u010den\u00ed v t\u011blocvi\u010dn\u011b pro \u00a0MORAVCE \u2013 hlavn\u011b d\u011bti ve v\u011bku do 18 let (mr\u0148ata)&#8230; Atletick\u00e1 t\u00edlka V\u00e1m (i sob\u011b) \u00a0 prot\u00e1hne Petr. P\u0159ij\u010fte v hojn\u00e9m po\u010dtu!<\/p>\n<h5><span style=\"color: #800000;\">P\u00e1tek 1.4. 2016<\/span><\/h5>\n<p style=\"text-align: justify;\">Od 17.00 hodin v restauraci Morava Bene\u0161ov &#8211; slavnostn\u00ed zah\u00e1jen\u00ed sez\u00f3ny. Krom\u011b d\u016fle\u017eit\u00fdch informac\u00ed pro z\u00e1vodn\u00ed rok 2016 V\u00e1m budou slavnostn\u011b p\u0159ed\u00e1ny dresy, \u010dlen\u016fm &#8222;A&#8220; t\u00fdmu licence a pro v\u0161echny, co budou za MORAVEC letos na z\u00e1vodch prol\u00e9vat pot a n\u011bkdy mo\u017en\u00e1 i krev, je p\u0159ipraveno mal\u00e9 p\u0159ekvapen\u00ed&#8230; Ofici\u00e1ln\u00edho p\u0159edstaven\u00ed se do\u010dkaj\u00ed i nov\u00e1\u010dci v na\u0161ich \u0159ad\u00e1ch pro sez\u00f3nu 2016&#8230; Douf\u00e1m tedy, \u017ee nebude chyb\u011bt nikdo, koho se tento odstavec t\u00fdk\u00e1&#8230;.<\/p>\n<h5><span style=\"color: #800000;\">Sobota 2.4.02016<\/span><\/h5>\n<p style=\"text-align: justify;\">\u00da\u010dast MORAVEC Teamu na MTB z\u00e1vodech v rakousk\u00e9m Langenlois do kategorie junior v\u010detn\u011b. V\u0161ichni MORAVCI, kter\u00fdch se start na tomto z\u00e1vod\u011b \u00a0v tento den t\u00fdk\u00e1, potvr\u010fte svoji \u00fa\u010dast na\u0161im tren\u00e9r\u016fm (V\u00ed\u0165a Prudek &#8211; 731 180 096, Milan Tlamka &#8211; 776 108 046) <span style=\"text-decoration: underline; color: #800000;\"><strong>do st\u0159edy 30.3.2016 do 18.00 hodiny<\/strong><\/span>, aby se dala v\u010das stanovit logistka p\u0159epravy na z\u00e1vod.<\/p>\n<h5><span style=\"color: #800000;\">Ned\u011ble 3.4.02016<\/span><\/h5>\n<p style=\"text-align: justify;\">\u00da\u010dast MORAVEC Teamu na MTB z\u00e1vodech v rakousk\u00e9m Langenlois &#8211; kategorie junior.<\/p>\n<p style=\"text-align: justify;\">\n","protected":false},"excerpt":{"rendered":"<p>\u00dater\u00fd 29.3. 2016 V r\u00e1mci p\u0159etrv\u00e1vaj\u00edc\u00ed fini\u0161uj\u00edc\u00ed zimn\u00ed p\u0159\u00edpravy\u00a0od 18.00 hodin\u00a0cvi\u010den\u00ed v t\u011blocvi\u010dn\u011b pro \u00a0MORAVCE \u2013 hlavn\u011b d\u011bti ve v\u011bku do 18 let (mr\u0148ata)&#8230; Atletick\u00e1 t\u00edlka V\u00e1m (i sob\u011b) \u00a0 prot\u00e1hne Petr. P\u0159ij\u010fte v hojn\u00e9m po\u010dtu! P\u00e1tek 1.4. 2016 Od 17.00 hodin v restauraci Morava Bene\u0161ov &#8211; slavnostn\u00ed zah\u00e1jen\u00ed sez\u00f3ny. Krom\u011b d\u016fle\u017eit\u00fdch informac\u00ed pro z\u00e1vodn\u00ed &hellip; <a href=\"https:\/\/www.moravecteam.cz\/?p=3907\" class=\"more-link\">Pokra\u010dov\u00e1n\u00ed textu <span class=\"screen-reader-text\">Co se bude d\u00edt? (ST13)<\/span> <span class=\"meta-nav\">&rarr;<\/span><\/a><\/p>\n","protected":false},"author":3,"featured_media":3911,"comment_status":"open","ping_status":"closed","sticky":false,"template":"","format":"standard","meta":[],"categories":[11],"tags":[],"_links":{"self":[{"href":"https:\/\/www.moravecteam.cz\/index.php?rest_route=\/wp\/v2\/posts\/3907"}],"collection":[{"href":"https:\/\/www.moravecteam.cz\/index.php?rest_route=\/wp\/v2\/posts"}],"about":[{"href":"https:\/\/www.moravecteam.cz\/index.php?rest_route=\/wp\/v2\/types\/post"}],"author":[{"embeddable":true,"href":"https:\/\/www.moravecteam.cz\/index.php?rest_route=\/wp\/v2\/users\/3"}],"replies":[{"embeddable":true,"href":"https:\/\/www.moravecteam.cz\/index.php?rest_route=%2Fwp%2Fv2%2Fcomments&post=3907"}],"version-history":[{"count":5,"href":"https:\/\/www.moravecteam.cz\/index.php?rest_route=\/wp\/v2\/posts\/3907\/revisions"}],"predecessor-version":[{"id":3914,"href":"https:\/\/www.moravecteam.cz\/index.php?rest_route=\/wp\/v2\/posts\/3907\/revisions\/3914"}],"wp:featuredmedia":[{"embeddable":true,"href":"https:\/\/www.moravecteam.cz\/index.php?rest_route=\/wp\/v2\/media\/3911"}],"wp:attachment":[{"href":"https:\/\/www.moravecteam.cz\/index.php?rest_route=%2Fwp%2Fv2%2Fmedia&parent=3907"}],"wp:term":[{"taxonomy":"category","embeddable":true,"href":"https:\/\/www.moravecteam.cz\/index.php?rest_route=%2Fwp%2Fv2%2Fcategories&post=3907"},{"taxonomy":"post_tag","embeddable":true,"href":"https:\/\/www.moravecteam.cz\/index.php?rest_route=%2Fwp%2Fv2%2Ftags&post=3907"}],"curies":[{"name":"wp","href":"https:\/\/api.w.org\/{rel}","templated":true}]}}