{"id":3916,"date":"2016-03-29T22:28:03","date_gmt":"2016-03-29T20:28:03","guid":{"rendered":"http:\/\/www.moravecteam.cz\/?p=3916"},"modified":"2016-03-29T22:36:28","modified_gmt":"2016-03-29T20:36:28","slug":"posledni-breznova","status":"publish","type":"post","link":"https:\/\/www.moravecteam.cz\/?p=3916","title":{"rendered":"Posledn\u00ed b\u0159eznov\u00e1&#8230;"},"content":{"rendered":"<p style=\"text-align: justify;\"><span style=\"color: #800000;\"><strong>&#8230;t\u011blocvi\u010dna byla v r\u00e1mci vrchol\u00edc\u00ed zimn\u00ed p\u0159\u00edpravy odmak\u00e1na minul\u00e9 \u00fater\u00fd. Je dost mo\u017en\u00e9, \u017ee byla u\u017e \u00fapln\u011b letos na ja\u0159e posledn\u00ed, proto\u017ee ji\u017e plynule nased\u00e1me do sedel a v\u00fdhled po\u010das\u00ed tuto skute\u010dnost asi potvrd\u00ed&#8230; V\u011b\u0159te &#8211; nev\u011b\u0159te, ale od za\u010d\u00e1tku roku \u00a0r.2016 to byl u\u017e v po\u0159ad\u00ed 21. podve\u010dern\u00ed tr\u00e9nink v letit\u00e9 sportovn\u00ed hale p\u0159i Z\u0160 Bene\u0161ov. Kvantitativn\u011b tedy spln\u011bno a p\u0159ekro\u010deno, v\u011b\u0159me, \u017ee je spln\u011bno i kvalitativn\u011b&#8230;<\/strong><\/span><\/p>\n<figure id=\"attachment_3919\" aria-describedby=\"caption-attachment-3919\" style=\"width: 2000px\" class=\"wp-caption alignnone\"><a href=\"http:\/\/www.moravecteam.cz\/?attachment_id=3919\" rel=\"attachment wp-att-3919\"><img decoding=\"async\" loading=\"lazy\" class=\" wp-image-3919\" alt=\"DSCN7423\" src=\"http:\/\/www.moravecteam.cz\/wp-content\/uploads\/2016\/03\/DSCN7423.jpg\" width=\"2000\" height=\"1391\" srcset=\"https:\/\/www.moravecteam.cz\/wp-content\/uploads\/2016\/03\/DSCN7423.jpg 2000w, https:\/\/www.moravecteam.cz\/wp-content\/uploads\/2016\/03\/DSCN7423-300x208.jpg 300w, https:\/\/www.moravecteam.cz\/wp-content\/uploads\/2016\/03\/DSCN7423-1024x712.jpg 1024w\" sizes=\"(max-width: 2000px) 100vw, 2000px\" \/><\/a><figcaption id=\"caption-attachment-3919\" class=\"wp-caption-text\">Kapit\u00e1ni obou \u00fatern\u00edch do\u010dasn\u00fdch fotbalov\u00fdch t\u00fdm\u016f, Lucinka s Matou\u0161kem p\u0159i vzorov\u00e9 poz\u00e1pasov\u00e9 gratulova\u010dce.<\/figcaption><\/figure>\n<p style=\"text-align: justify;\">State\u010dn\u00fdch nebylo sedm, ale o jednoho (&#8222;pistoln\u00edka&#8220;) v\u00edc. Po rozb\u011bh\u00e1n\u00ed p\u0159i\u0161la na \u0159adu rozcvi\u010dka, kter\u00e1 byla sice o n\u011bco zkr\u00e1cen\u00e1, zato jsme si p\u0159i stre\u010dinkov\u00fdch prvc\u00edch ov\u011b\u0159ili na\u0161i aktu\u00e1ln\u00ed ohebnost i rozh\u00fdbanost z\u00e1rove\u0148. Po relaxa\u010dn\u00ed vybi\u0161ce a ryb\u00e1\u0159\u00edch p\u0159i\u0161el na \u0159adu &#8211; letos prvn\u011b &#8211; fotb\u00e1lek! Nab\u00edzelo se to. Poskl\u00e1dali jsme dva \u010dty\u0159\u010dlenn\u00e9 t\u00fdmy (Sk\u0159\u00edpov -Bene\u0161ov) a zapo\u010dali l\u00edt\u00fd ma\u010d, kter\u00fd p\u0159\u00edtomn\u00e9 na tolik zaujal, \u017ee jsme fotbalov\u00e9mu s\u00e1lov\u00e9mu m\u00ed\u010di nedali pokoj a\u017e do konce cvi\u010den\u00ed! Jak\u00fd byl v\u00fdsledek je v celku vedlej\u0161\u00ed, pot\u011b\u0161ilo havn\u011b vzorn\u00e9 nasazen\u00ed v\u0161ech hr\u00e1\u010d\u016f. P\u0159esto: prvn\u00ed ma\u010d vyhr\u00e1la Sk\u0159\u00edpovsk\u00e1 parta 4:2 a v z\u00e1pase &#8222;kdo d\u00e1 g\u00f3l, ten vyhr\u00e1&#8220; se \u0161t\u011bst\u00ed op\u011bt p\u0159iklonilo ke Sk\u0159\u00edpovsk\u00fdm. Po skon\u010den\u00ed jsme neopom\u011bli zopakovat lekci z fair-play a proto\u017ee jsme si nebyli jist\u00ed, zda se je\u0161t\u011b v nejbl\u00ed\u017e\u0161\u00ed dob\u011b v t\u011blocvi\u010dn\u011b potk\u00e1me, dali jsme si z\u00e1le\u017eet na z\u00e1v\u011bre\u010dn\u00fdch spole\u010dn\u00fdch fotk\u00e1ch&#8230; <strong><a href=\"http:\/\/moravecteam.rajce.idnes.cz\/2016.03.29._Cviceni_v_telocvicne\">Zde je s p\u0159\u00edslu\u0161n\u00fdm koment\u00e1\u0159em posu\u010fte a omrkn\u011bte<\/a><\/strong>&#8230;<\/p>\n","protected":false},"excerpt":{"rendered":"<p>&#8230;t\u011blocvi\u010dna byla v r\u00e1mci vrchol\u00edc\u00ed zimn\u00ed p\u0159\u00edpravy odmak\u00e1na minul\u00e9 \u00fater\u00fd. Je dost mo\u017en\u00e9, \u017ee byla u\u017e \u00fapln\u011b letos na ja\u0159e posledn\u00ed, proto\u017ee ji\u017e plynule nased\u00e1me do sedel a v\u00fdhled po\u010das\u00ed tuto skute\u010dnost asi potvrd\u00ed&#8230; V\u011b\u0159te &#8211; nev\u011b\u0159te, ale od za\u010d\u00e1tku roku \u00a0r.2016 to byl u\u017e v po\u0159ad\u00ed 21. podve\u010dern\u00ed tr\u00e9nink v letit\u00e9 sportovn\u00ed hale p\u0159i &hellip; <a href=\"https:\/\/www.moravecteam.cz\/?p=3916\" class=\"more-link\">Pokra\u010dov\u00e1n\u00ed textu <span class=\"screen-reader-text\">Posledn\u00ed b\u0159eznov\u00e1&#8230;<\/span> <span class=\"meta-nav\">&rarr;<\/span><\/a><\/p>\n","protected":false},"author":3,"featured_media":3918,"comment_status":"open","ping_status":"closed","sticky":false,"template":"","format":"standard","meta":[],"categories":[9],"tags":[],"_links":{"self":[{"href":"https:\/\/www.moravecteam.cz\/index.php?rest_route=\/wp\/v2\/posts\/3916"}],"collection":[{"href":"https:\/\/www.moravecteam.cz\/index.php?rest_route=\/wp\/v2\/posts"}],"about":[{"href":"https:\/\/www.moravecteam.cz\/index.php?rest_route=\/wp\/v2\/types\/post"}],"author":[{"embeddable":true,"href":"https:\/\/www.moravecteam.cz\/index.php?rest_route=\/wp\/v2\/users\/3"}],"replies":[{"embeddable":true,"href":"https:\/\/www.moravecteam.cz\/index.php?rest_route=%2Fwp%2Fv2%2Fcomments&post=3916"}],"version-history":[{"count":6,"href":"https:\/\/www.moravecteam.cz\/index.php?rest_route=\/wp\/v2\/posts\/3916\/revisions"}],"predecessor-version":[{"id":3924,"href":"https:\/\/www.moravecteam.cz\/index.php?rest_route=\/wp\/v2\/posts\/3916\/revisions\/3924"}],"wp:featuredmedia":[{"embeddable":true,"href":"https:\/\/www.moravecteam.cz\/index.php?rest_route=\/wp\/v2\/media\/3918"}],"wp:attachment":[{"href":"https:\/\/www.moravecteam.cz\/index.php?rest_route=%2Fwp%2Fv2%2Fmedia&parent=3916"}],"wp:term":[{"taxonomy":"category","embeddable":true,"href":"https:\/\/www.moravecteam.cz\/index.php?rest_route=%2Fwp%2Fv2%2Fcategories&post=3916"},{"taxonomy":"post_tag","embeddable":true,"href":"https:\/\/www.moravecteam.cz\/index.php?rest_route=%2Fwp%2Fv2%2Ftags&post=3916"}],"curies":[{"name":"wp","href":"https:\/\/api.w.org\/{rel}","templated":true}]}}