{"id":3926,"date":"2016-03-31T07:32:33","date_gmt":"2016-03-31T05:32:33","guid":{"rendered":"http:\/\/www.moravecteam.cz\/?p=3926"},"modified":"2016-03-31T07:41:59","modified_gmt":"2016-03-31T05:41:59","slug":"mezi-vinice","status":"publish","type":"post","link":"https:\/\/www.moravecteam.cz\/?p=3926","title":{"rendered":"Mezi vinice!"},"content":{"rendered":"<p style=\"text-align: justify;\"><span style=\"color: #800000;\"><strong>Jak maj\u00ed ly\u017ea\u0159i &#8211; sjezda\u0159i zpravidla prvn\u00ed &#8222;\u0161taci&#8220; v sez\u00f3n\u011b na tradi\u010dn\u00edm m\u00edst\u011b (francouzsk\u00e9 Val d\u00b4Isere), tak i bike\u0159i u\u017e po l\u00e9ta startuj\u00ed sez\u00f3nu t\u00e9\u017e v m\u00edst\u011b obvykl\u00e9m. A t\u00edm je rakousk\u00e9 p\u0159\u00edhrani\u010dn\u00ed, vinicemi obj\u00edman\u00e9\u00a0m\u011bste\u010dko Langenlois. O prvn\u00edm dubnov\u00e9m v\u00edkendu leto\u0161n\u00edho roku se sem sjede sv\u011btov\u00e1 \u0161pi\u010dka z\u00e1vodn\u00edk\u016f cross country a kdy\u017e \u0159\u00edk\u00e1m sv\u011btov\u00e1 \u0161pi\u010dka, je jasn\u00e9, \u017ee MORAVEC Team\u00a0nem\u016f\u017ee chyb\u011bt&#8230;<\/strong><\/span><\/p>\n<p style=\"text-align: justify;\">Do Langenlois jezd\u00edme u\u017e l\u00e9ta, do z\u00e1vodu v\u017edy &#8222;vl\u00edtnem&#8220; z pln\u00e9 zimn\u00ed p\u0159\u00edpravy s v\u011bdom\u00edm, \u017ee v\u00fdsledky zpravidla nejsou logicky takov\u00e9, jako v dal\u0161\u00edm pr\u016fb\u011bhu sez\u00f3ny. Zdej\u0161\u00ed trat\u011b sice nejsou nijak zvl\u00e1\u0161\u0165 technick\u00e9, ale vyzna\u010duj\u00ed se fyzickou n\u00e1ro\u010dnost\u00ed a tento fakt je pro v\u0161echny startuj\u00edc\u00ed v\u017edy objektivn\u00edm m\u011b\u0159\u00edtkem stavu tr\u00e9novanosti po zimn\u00edm p\u0159\u00edpravn\u00e9m obdob\u00ed. Z\u00e1kladn\u00ed pokyny pro v\u0161echny \u00fa\u010dastn\u00edky leto\u0161n\u00edho druh\u00e9ho ostr\u00e9ho v\u00fdsadku (volac\u00ed znak <strong><span style=\"color: #800000;\">TATRMAN<\/span><\/strong>), jsou tyto:<\/p>\n<ul>\n<li>\n<div style=\"text-align: justify;\">Startovac\u00ed z\u00e1kladnou je Bene\u0161ov, sraz je v sobotu 2.4.2016 v 7.00 hodin u restaurace Morava. dal\u0161\u00edm postupn\u00fdm n\u00e1stupi\u0161t\u011bm bude Blansko. Pojede se dv\u011bma dod\u00e1vkov\u00fdmi vozidly jej\u00edmi\u017e \u0159idi\u010di-veliteli budou <span style=\"color: #800000;\"><strong>Milan Tlamka <\/strong><span style=\"color: #000000;\">(776 108 046)<\/span>\u00a0<\/span>a <span style=\"color: #800000;\"><strong>Honza \u0160indel\u00e1\u0159<\/strong> <\/span>st.(731 076 981).<\/div>\n<\/li>\n<li style=\"text-align: justify;\">V\u0161ichni, kdo jedou do Langenlois, <span style=\"color: #ff0000;\"><strong>p\u0159ivezou svoje kola na z\u00e1vod p\u0159i p\u0159\u00edle\u017eitosti slavnostn\u00edho zah\u00e1jen\u00ed sez\u00f3ny MORAVEC Teamu u\u017e v p\u00e1tek 1.4.2016 v 17.00 hodin<\/strong><\/span>, a tato budou ji\u017e nalo\u017eena s denn\u00edm p\u0159edstihem do jednoho z dod\u00e1vkov\u00fdch vozidel tak, aby v sobotu r\u00e1no nebylo s jejich nakl\u00e1dkou ji\u017e \u017e\u00e1dn\u00e9 zdr\u017eov\u00e1n\u00ed.<\/li>\n<li style=\"text-align: justify;\"><span style=\"color: #ff0000;\"><strong>V\u0161ichni \u00fa\u010dastn\u00edci z\u00e1vodu v Langenlois si sebou vezmou platn\u00e9 poji\u0161t\u011bn\u00ed a platn\u00fd cestovn\u00ed pas!<\/strong><\/span> \u00dahrada startovn\u00e9ho je v pln\u011b v re\u017eii z\u00e1vodn\u00edk\u016f (m\u011bna v Rakousku &#8211; EURO). Dal\u0161\u00ed podrobnosti k t\u00e9to akci si \u0159ekneme v p\u00e1tek 1.4.2016, jak budeme startovat sez\u00f3nu. Zde hledejte k z\u00e1vodu <a href=\"https:\/\/www.kamptal-klassik-trophy.at\/en\/\"><strong>dal\u0161\u00ed podrobnosti<\/strong>.<\/a> Good Luck MORAVEC Team!<\/li>\n<\/ul>\n<p>&nbsp;<\/p>\n","protected":false},"excerpt":{"rendered":"<p>Jak maj\u00ed ly\u017ea\u0159i &#8211; sjezda\u0159i zpravidla prvn\u00ed &#8222;\u0161taci&#8220; v sez\u00f3n\u011b na tradi\u010dn\u00edm m\u00edst\u011b (francouzsk\u00e9 Val d\u00b4Isere), tak i bike\u0159i u\u017e po l\u00e9ta startuj\u00ed sez\u00f3nu t\u00e9\u017e v m\u00edst\u011b obvykl\u00e9m. A t\u00edm je rakousk\u00e9 p\u0159\u00edhrani\u010dn\u00ed, vinicemi obj\u00edman\u00e9\u00a0m\u011bste\u010dko Langenlois. O prvn\u00edm dubnov\u00e9m v\u00edkendu leto\u0161n\u00edho roku se sem sjede sv\u011btov\u00e1 \u0161pi\u010dka z\u00e1vodn\u00edk\u016f cross country a kdy\u017e \u0159\u00edk\u00e1m sv\u011btov\u00e1 \u0161pi\u010dka, &hellip; <a href=\"https:\/\/www.moravecteam.cz\/?p=3926\" class=\"more-link\">Pokra\u010dov\u00e1n\u00ed textu <span class=\"screen-reader-text\">Mezi vinice!<\/span> <span class=\"meta-nav\">&rarr;<\/span><\/a><\/p>\n","protected":false},"author":3,"featured_media":3930,"comment_status":"open","ping_status":"closed","sticky":false,"template":"","format":"standard","meta":[],"categories":[1],"tags":[],"_links":{"self":[{"href":"https:\/\/www.moravecteam.cz\/index.php?rest_route=\/wp\/v2\/posts\/3926"}],"collection":[{"href":"https:\/\/www.moravecteam.cz\/index.php?rest_route=\/wp\/v2\/posts"}],"about":[{"href":"https:\/\/www.moravecteam.cz\/index.php?rest_route=\/wp\/v2\/types\/post"}],"author":[{"embeddable":true,"href":"https:\/\/www.moravecteam.cz\/index.php?rest_route=\/wp\/v2\/users\/3"}],"replies":[{"embeddable":true,"href":"https:\/\/www.moravecteam.cz\/index.php?rest_route=%2Fwp%2Fv2%2Fcomments&post=3926"}],"version-history":[{"count":4,"href":"https:\/\/www.moravecteam.cz\/index.php?rest_route=\/wp\/v2\/posts\/3926\/revisions"}],"predecessor-version":[{"id":3931,"href":"https:\/\/www.moravecteam.cz\/index.php?rest_route=\/wp\/v2\/posts\/3926\/revisions\/3931"}],"wp:featuredmedia":[{"embeddable":true,"href":"https:\/\/www.moravecteam.cz\/index.php?rest_route=\/wp\/v2\/media\/3930"}],"wp:attachment":[{"href":"https:\/\/www.moravecteam.cz\/index.php?rest_route=%2Fwp%2Fv2%2Fmedia&parent=3926"}],"wp:term":[{"taxonomy":"category","embeddable":true,"href":"https:\/\/www.moravecteam.cz\/index.php?rest_route=%2Fwp%2Fv2%2Fcategories&post=3926"},{"taxonomy":"post_tag","embeddable":true,"href":"https:\/\/www.moravecteam.cz\/index.php?rest_route=%2Fwp%2Fv2%2Ftags&post=3926"}],"curies":[{"name":"wp","href":"https:\/\/api.w.org\/{rel}","templated":true}]}}