{"id":3932,"date":"2016-04-02T08:12:24","date_gmt":"2016-04-02T06:12:24","guid":{"rendered":"http:\/\/www.moravecteam.cz\/?p=3932"},"modified":"2016-04-07T07:56:39","modified_gmt":"2016-04-07T05:56:39","slug":"odstartovano-2","status":"publish","type":"post","link":"https:\/\/www.moravecteam.cz\/?p=3932","title":{"rendered":"Odstartov\u00e1no!"},"content":{"rendered":"<p style=\"text-align: justify;\"><strong><span style=\"color: #800000;\">Bylo v tom prvn\u00edm dubnov\u00e9m p\u00e1tku leto\u0161n\u00edho roku jako by trochu symboliky&#8230; Po dv\u011b t\u0159etiny dne p\u0159evl\u00e1dalo po\u0161mourn\u00e9 po\u010das\u00ed, ani de\u0161\u0165ov\u00e9 kapky nechyb\u011bly&#8230; Jakmile se ale p\u0159ibl\u00ed\u017eila hodina za\u010d\u00e1tku slavnostn\u00edho zah\u00e1jen\u00ed sez\u00f3ny MORAVEC Teamu, po\u010das\u00ed se umoud\u0159ilo a na\u0161i tradi\u010dn\u00ed akci doprov\u00e1zelo slun\u00ed\u010dko! A v jeho \u00a0podve\u010derem se ji\u017e skl\u00e1n\u011bj\u00edc\u00edch jarn\u00edch paprsc\u00edch jsme stihli v ji\u017e nov\u00fdch dresech i spole\u010dnou fotku! V\u011b\u0159me tedy, \u017ee to bylo z Nebe dobr\u00e9 znamen\u00ed, a \u017ee i cel\u00e1 sez\u00f3na 2016 bude slun\u00ed\u010dkov\u00e1 a pohodov\u00e1 stejn\u011b tak, jako bylo na\u0161e slavnostn\u00ed p\u00e1te\u010dn\u00ed setk\u00e1n\u00ed.<\/span><\/strong><\/p>\n<figure id=\"attachment_3948\" aria-describedby=\"caption-attachment-3948\" style=\"width: 4600px\" class=\"wp-caption alignnone\"><a href=\"http:\/\/www.moravecteam.cz\/?attachment_id=3948\" rel=\"attachment wp-att-3948\"><img decoding=\"async\" loading=\"lazy\" class=\" wp-image-3948\" alt=\"DSC_3363\" src=\"http:\/\/www.moravecteam.cz\/wp-content\/uploads\/2016\/04\/DSC_3363.jpg\" width=\"4600\" height=\"2241\" srcset=\"https:\/\/www.moravecteam.cz\/wp-content\/uploads\/2016\/04\/DSC_3363.jpg 4600w, https:\/\/www.moravecteam.cz\/wp-content\/uploads\/2016\/04\/DSC_3363-300x146.jpg 300w, https:\/\/www.moravecteam.cz\/wp-content\/uploads\/2016\/04\/DSC_3363-1024x498.jpg 1024w\" sizes=\"(max-width: 4600px) 100vw, 4600px\" \/><\/a><figcaption id=\"caption-attachment-3948\" class=\"wp-caption-text\">P\u016fvabn\u011bj\u0161\u00ed \u010d\u00e1st MORAVEC Teamu nemohla uniknout pozornosti fotoreport\u00e9ra.<\/figcaption><\/figure>\n<p style=\"text-align: justify;\">Od startu akce b\u011b\u017eelo v\u0161e podle stanoven\u00e9ho sc\u00e9n\u00e1\u0159e. MORAVCI dorazili v hojn\u00e9m po\u010dtu, pozv\u00e1nku na setk\u00e1n\u00ed na\u0161t\u011bst\u00ed nepojali jako prvoapr\u00edlov\u00fd \u017eert&#8230; Za\u010dalo to tak trochu &#8222;po cyk\u00e1nsku&#8220;: v\u00fddejem dres\u016f pro leto\u0161n\u00ed sez\u00f3nu a obl\u00e9k\u00e1n\u00ed se do nich&#8230; Zm\u011bna dodavatele byla moudr\u00fdm rozhodnut\u00edm. V\u017edy\u0165 kdy v minul\u00fdch letech jsme byli p\u0159ed \u00a0tradi\u010dn\u00edm, prvn\u00edm z\u00e1vodem v Langenlois, kompletn\u011b od\u011bni? \u00a0Zde pat\u0159\u00ed velk\u00fd d\u00edk a vyseknout poklonu odd\u00edlov\u00e9 m\u00edstop\u0159edsedkyni Lence Tlamkov\u00e9, kter\u00e1 tuto v\u011bc bezchybn\u011b ve spolupr\u00e1ci s firmou ATEX &#8222;o\u0161\u00e9fovala&#8220;&#8230; D\u00edky Lenko!<\/p>\n<figure id=\"attachment_3946\" aria-describedby=\"caption-attachment-3946\" style=\"width: 2665px\" class=\"wp-caption alignnone\"><a href=\"http:\/\/www.moravecteam.cz\/?attachment_id=3946\" rel=\"attachment wp-att-3946\"><img decoding=\"async\" loading=\"lazy\" class=\" wp-image-3946\" alt=\"DSC_3366\" src=\"http:\/\/www.moravecteam.cz\/wp-content\/uploads\/2016\/04\/DSC_3366.jpg\" width=\"2665\" height=\"2044\" srcset=\"https:\/\/www.moravecteam.cz\/wp-content\/uploads\/2016\/04\/DSC_3366.jpg 2665w, https:\/\/www.moravecteam.cz\/wp-content\/uploads\/2016\/04\/DSC_3366-300x230.jpg 300w, https:\/\/www.moravecteam.cz\/wp-content\/uploads\/2016\/04\/DSC_3366-1024x785.jpg 1024w\" sizes=\"(max-width: 2665px) 100vw, 2665px\" \/><\/a><figcaption id=\"caption-attachment-3946\" class=\"wp-caption-text\">Dresy se l\u00edbily, a brzy po vyd\u00e1n\u00ed jsme je mohli obdivovat na na\u0161ich vesm\u011bs atletick\u00fdch t\u00edlk\u00e1ch&#8230;<\/figcaption><\/figure>\n<p style=\"text-align: justify;\">Kdy\u017e se dostavil domluven\u00fd dvorn\u00ed fotograf akce, m\u00edstn\u00ed p. Alois Krkavec, za\u010dal si Petr volat jednotliv\u00e9 z\u00e1vo\u010f\u00e1ky a p\u0159i kr\u00e1tk\u00e9m kontaktu, kdy byla snaha vym\u011bnit si p\u00e1r vz\u00e1jemn\u00fdch duchap\u0159\u00edtomn\u00fdch v\u011bt, jim krom\u011b p\u0159\u00e1n\u00ed z\u00e1vodn\u00edho zdaru v sez\u00f3n\u011b 2016 p\u0159edal i mal\u00fd d\u00e1rek: samolepky se jejich jm\u00e9ny, kter\u00e9 budou zdobit r\u00e1my jejich bik\u016f a jejich z\u00e1vodnick\u00e9 p\u0159ilby (v\u00fdborn\u00fd n\u00e1pad dua Libor Barto\u0161 &#8211; Milan Tlamka &#8211; d\u00edky ho\u0161i!). Proto\u017ee byl Petr p\u0159i konverzac\u00edch zase m\u00edsty zbyte\u010dn\u011b ukecan\u00fd, a proto\u017ee Lojza Krkavec, jako fotograf, alternoval je\u0161t\u011b na dal\u0161\u00ed obecn\u00ed akci (Noc s Andersenem) a musel se na ur\u010ditou dobu vzd\u00e1lit od n\u00e1s, byla slavnostn\u00ed &#8222;inaugurace&#8220; na\u0161i rajdr\u016f oproti &#8222;letov\u00e9mu pl\u00e1nu&#8220; p\u0159eru\u0161ena. Mezi\u010das &#8222;sp\u00edkr&#8220; vyu\u017eil Petr ke sd\u011blen\u00ed d\u016fle\u017eit\u00fdch vnitroodd\u00edlov\u00fdch informac\u00ed:<\/p>\n<ul>\n<li style=\"text-align: justify;\">P\u0159edstavil Radu star\u0161\u00edch biker\u016f MORAVCE, kter\u00e1 pracuje letos ve slo\u017een\u00ed Petr Koudelka (p\u0159edseda &#8211; kontakt se sponzory), Lenka Tlamkov\u00e1 (m\u00edstop\u0159edsedkyn\u011b &#8211; ekonomka), V\u00ed\u0165a Prudek (\u0161\u00e9ftren\u00e9r), Milan \u0160af\u00e1\u0159 (\u0161\u00e9fmechanik) se zd\u016frazn\u011bn\u00edm, \u017ee z\u00e1kladn\u00edm zdrojem vnitroodd\u00edlov\u00fdch informac\u00ed jsou odd\u00edlov\u00e9 webov\u00e9 str\u00e1nky &#8211; www.moravecteam.cz, a \u017ee se v\u0161ichni \u010dlenov\u00e9 MORAVCE v p\u0159\u00edpad\u011b jak\u00fdchkoli p\u0159ipom\u00ednek k chodu odd\u00edlu m\u016f\u017eou bez ostychu na v\u00fd\u0161e uv\u00e1d\u011bn\u00fd &#8222;qartet&#8220; obracet.<\/li>\n<li style=\"text-align: justify;\">P\u0159edstavil tren\u00e9rsk\u00fd tandem &#8211; V\u00ed\u0165a Prudek (elitn\u00ed jezdci MORAVCE), Milan Tlamka (jezdci &#8222;druh\u00e9 vlny&#8220; MORAVCE). Na oba borce, fundovan\u00e9 ve sv\u00e9m oboru, \u00a0se zase m\u016f\u017eou v z\u00e1vo\u010f\u00e1ci nebo rodi\u010de obracet v \u00a0p\u0159\u00edpad\u011b jak\u00fdchkoli p\u0159ipom\u00ednek v souvislosti s tr\u00e9ninkem.<\/li>\n<li style=\"text-align: justify;\">Zaapeloval na disciplinovanost a profesion\u00e1ln\u00ed p\u0159\u00edstup \u010dlen\u016f na\u0161ich elitn\u00edch z\u00e1vodn\u00edk\u016f (nejen) p\u0159i v\u00fdjezdech na (nejen) z\u00e1vody \u010desk\u00e9ho poh\u00e1ru. P\u0159edev\u0161\u00edm n\u011bkdy a\u017e chorobn\u00e1 soustavn\u00e1 z\u00e1vislost sou\u010dasn\u00e9 mlad\u00e9 generace na mobiln\u00edch komunika\u010dn\u00edch aplikac\u00edch, n\u00e1s znerv\u00f3z\u0148uje a v na\u0161ich podm\u00ednk\u00e1ch je \u010dasto t\u00edmto naru\u0161ov\u00e1na harmonie v r\u00e1mci v\u00fdjezd\u016f na sledovan\u00e9 z\u00e1vody. Ti, kter\u00fdm Petr tato slova sm\u011b\u0159oval, sl\u00edbili p\u0159ede v\u0161emi v s\u00e1le \u00a0v t\u00e9to v\u011bci pro leto\u0161ek vy\u0161\u0161\u00ed m\u00edru disciplinovanosti a profesion\u00e1ln\u00edho p\u0159\u00edstupu.<\/li>\n<li style=\"text-align: justify;\">Vyzval \u00a0k aktivn\u00ed dobrovoln\u00e9 pomoci na dal\u0161\u00edch akc\u00edch, na kter\u00fdch se MORAVEC pravideln\u011b pod\u00edl\u00ed: Poh\u00e1r Drahansk\u00e9 vrchoviny, Boskovick\u00e9 b\u011bhy, P\u016flmaraton Moravsk\u00fdm krasem, Sport Life Run Brno a Mistrovstv\u00ed sv\u011bta z\u00e1vod\u016f horsk\u00fdch kol v Nov\u00e9m M\u011bst\u011b na Morav\u011b. Dobrovoln\u00edci se na jmenovan\u00e9 akce, jejich\u017e p\u0159esn\u00fd sc\u00e9n\u00e1\u0159 bude postupn\u011b up\u0159es\u0148ov\u00e1n, se m\u016f\u017eou hl\u00e1sit u\u017e te\u010f na Petrovo 605 0J\u00e1gr 0Nagano.<\/li>\n<li style=\"text-align: justify;\">Nast\u00ednil nejbli\u017e\u0161\u00ed program, kdy krom\u011b zn\u00e1m\u00fdch \u00a0term\u00edn\u016f nejbli\u017e\u0161\u00edch z\u00e1vod\u016f (2.4. Langenlois, 9.4. Praha, 30.4. Teplice + Valchov) zapomn\u011bl p\u0159\u00edtomn\u00e9 informovat o bilater\u00e1ln\u00ed n\u00e1v\u0161t\u011bv\u011b 9.4. 2016 v Brn\u011b Kohoutovic\u00edch v r\u00e1mci zah\u00e1jen\u00ed sez\u00f3ny s Vlastou MORAVCEM a m\u00edstn\u00edmi &#8222;Kohouty&#8220;. V tomto podbod\u011b programu byl stanoven i term\u00edn historicky prvn\u00ed slavnostn\u00ed M\u0161e Svat\u00e9 za MORAVEC Team (sejdeme se 7.4. 2016 v 16.00 v Pavlovsk\u00e9 kapli, m\u0161i nezi\u0161tn\u011b inicioval a s bene\u0161ovsk\u00fdm panem far\u00e1\u0159em Koutn\u00edkem domluvil Dominik Vi\u010dar &#8211; D\u00edky Domi!).<\/li>\n<li style=\"text-align: justify;\">Zd\u016fraznil, \u017ee MORAVEC Team preferuje i nad\u00e1le (mimo jin\u00e9) kola Merida. Proti nov\u00fdm odd\u00edlov\u00fdm pr\u016fkazk\u00e1m m\u016f\u017eou na\u0161i \u010dlenov\u00e9 \u0159e\u0161it jak\u00e9koli v\u011bt\u0161\u00ed investice do velotechniky (my\u0161leno jako n\u00e1kup nov\u00fdch kol)\u00a0v prodejn\u011b Lubom\u00edra Kassaie v Boskovic\u00edch, kde jim bude poskytnuta p\u0159i n\u00e1kupu sleva.\u00a0\u00a0S v\u00fdb\u011brem nov\u00e9ho kola\u00a0Merida V\u00e1m r\u00e1do pom\u016f\u017ee\u00a0trio na\u0161ich technick\u00fdch specialist\u016f &#8211; V\u00ed\u0165a Prudek, Milan Tlamka, Milan \u0160af\u00e1\u0159, ve v\u011bci p\u0159\u00edpadn\u00e9 vlastn\u00ed popt\u00e1vky na nov\u00e9 kolo zn. Merida se obracejte s d\u016fv\u011brou na Petra Koudelku (605 0J\u00e1gr 0Nagano).<\/li>\n<li style=\"text-align: justify;\">Vyzval tak\u00e9 n\u00e1sledn\u011b k diskusi, podan\u00e9 informace byly ale pravd\u011bpodobn\u011b natolik vy\u010derp\u00e1vaj\u00edc\u00ed (nebo natolik v\u0161echny vy\u010derpaly), \u017ee se do dal\u0161\u00ed debaty u\u017e nikdo nepustil&#8230; To ale v\u016fbec nevadilo, proto\u017ee&#8230;<\/li>\n<\/ul>\n<p style=\"text-align: justify;\">&#8230;s n\u00e1vratem fotografa pokra\u010dovalo defil\u00e9 z\u00e1vo\u010f\u00e1k\u016f MORAVCE, kdy tentokr\u00e1t byli postupn\u011b zv\u00e1ni i na\u0161i elitn\u00ed i snajp\u0159i. \u017de dialogov\u011b to byla s n\u011bkter\u00fdmi docela &#8222;fu\u0161ka&#8220; je pro Petra sign\u00e1l, \u017ee je t\u0159eba na t\u00e9to v\u011bci v budoucnu nen\u00e1siln\u011b zapracovat&#8230;<\/p>\n<figure id=\"attachment_3945\" aria-describedby=\"caption-attachment-3945\" style=\"width: 2556px\" class=\"wp-caption alignnone\"><a href=\"http:\/\/www.moravecteam.cz\/?attachment_id=3945\" rel=\"attachment wp-att-3945\"><img decoding=\"async\" loading=\"lazy\" class=\" wp-image-3945\" alt=\"DSC_3367\" src=\"http:\/\/www.moravecteam.cz\/wp-content\/uploads\/2016\/04\/DSC_3367.jpg\" width=\"2556\" height=\"2247\" srcset=\"https:\/\/www.moravecteam.cz\/wp-content\/uploads\/2016\/04\/DSC_3367.jpg 2556w, https:\/\/www.moravecteam.cz\/wp-content\/uploads\/2016\/04\/DSC_3367-300x263.jpg 300w, https:\/\/www.moravecteam.cz\/wp-content\/uploads\/2016\/04\/DSC_3367-1024x900.jpg 1024w\" sizes=\"(max-width: 2556px) 100vw, 2556px\" \/><\/a><figcaption id=\"caption-attachment-3945\" class=\"wp-caption-text\">Opory chlapeck\u00e9 \u010d\u00e1sti MORAVEC Teamu u\u017e taky v nov\u00e9m od\u011bn\u00ed.<\/figcaption><\/figure>\n<p style=\"text-align: justify;\">Po &#8222;inauguraci&#8220; p\u0159i\u0161li na \u0159adu nov\u00e1\u010dci&#8230; Hned t\u0159i jsme v r\u00e1mci slavnostn\u00edho podve\u010dera mezi n\u00e1mi p\u0159iv\u00edtali a v\u016fbec n\u00e1m nevad\u00ed jejich zna\u010dn\u00fd v\u011bkov\u00fd rozptyl: od ne je\u0161t\u011b \u0161kolou povinn\u00e9 ko\u0159e\u0148a\u010dky Verunky Kudov\u00e9, p\u0159es olomu\u010dansk\u00e9ho kadeta K\u00e1ju Vinick\u00e9ho a\u017e po juniora Vojtu Lepku ze Svit\u00e1vky! Podle improvizovan\u00fdch dialog\u016f s nimi a s jejich rodi\u010di (prarodi\u010di), nasv\u011bd\u010duje v\u0161e tomu, \u017ee nov\u00e1\u010dci jsou &#8222;na\u0161\u00ed krevn\u00ed skupiny&#8220;, a \u017ee se tud\u00ed\u017e d\u00e1 o\u010dek\u00e1vat bezprobl\u00e9mov\u00e1 spolupr\u00e1ce. Dal\u0161\u00edm pl\u00e1novan\u00fdm bodem programu bylo focen\u00ed v nov\u00fdch dresech. P\u0159ed docela po\u010detnou komunitou fotograf\u016f \u00a0jsme m\u011bli pocit skute\u010dn\u00fdch &#8222;prof\u00edk\u016f&#8220; a co na tom, \u017ee na\u0161\u00edm pozv\u00e1n\u00edm pohrdli z\u00e1stupci region\u00e1ln\u00edho tisku, kter\u00e9 Petr v\u0161echny op\u011bt poctiv\u011b pozval? Nemrzelo by to, kdyby \u010das od \u010dasu velice p\u0159i\u010dinliv\u011b ne\u010derpali info pro sv\u00e9 pl\u00e1tky z na\u0161ich www&#8230;<\/p>\n<figure id=\"attachment_3943\" aria-describedby=\"caption-attachment-3943\" style=\"width: 2224px\" class=\"wp-caption alignnone\"><a href=\"http:\/\/www.moravecteam.cz\/?attachment_id=3943\" rel=\"attachment wp-att-3943\"><img decoding=\"async\" loading=\"lazy\" class=\" wp-image-3943\" alt=\"DSC_3453\" src=\"http:\/\/www.moravecteam.cz\/wp-content\/uploads\/2016\/04\/DSC_3453.jpg\" width=\"2224\" height=\"1482\" srcset=\"https:\/\/www.moravecteam.cz\/wp-content\/uploads\/2016\/04\/DSC_3453.jpg 2224w, https:\/\/www.moravecteam.cz\/wp-content\/uploads\/2016\/04\/DSC_3453-300x199.jpg 300w, https:\/\/www.moravecteam.cz\/wp-content\/uploads\/2016\/04\/DSC_3453-1024x682.jpg 1024w\" sizes=\"(max-width: 2224px) 100vw, 2224px\" \/><\/a><figcaption id=\"caption-attachment-3943\" class=\"wp-caption-text\">Ta nejcenn\u011bj\u0161\u00ed tekutina je v d\u00e1rkov\u00e9m bal\u00ed\u010dku uprost\u0159ed. Kytka je v barv\u00e1ch MORAVCE a ve tvaru bikov\u00e9ho kola (p\u0159edn\u00edho)&#8230;<\/figcaption><\/figure>\n<p style=\"text-align: justify;\">No a to nejlep\u0161\u00ed jsme si nechali &#8211; logicky &#8211; \u00a0na konec. Tak jako na\u0161e p\u00e1te\u010dn\u00ed slavnostn\u00ed zah\u00e1jen\u00ed sez\u00f3ny nebylo apr\u00edlem, tak ani p\u0159ed n\u011bkolika m\u00e1lo l\u00e9ty nebylo apr\u00edlem narozen\u00ed jedn\u00e9 z na\u0161ich \u010dlenek, bez kter\u00e9 si lze MORAVEC jen t\u011b\u017eko p\u0159edstavit: narozky slavila stejn\u011b skv\u011bl\u00e1 p\u00e1te\u010dn\u00ed cvi\u010ditelka, jako stejn\u011b skv\u011bl\u00e1 bikerka, Ivana Prudkov\u00e1! K jej\u00edmu slavnostn\u00edmu dni jsme samoz\u0159ejm\u011b neopomn\u011bli p\u0159isp\u011bchat s p\u0159\u00e1n\u00ed\u010dkem, kyti\u010dkou, d\u00e1re\u010dky&#8230; A pod\u011bkov\u00e1n\u00edm, za jej\u00ed pov\u011bstn\u00e9 tr\u00e9ninkov\u00e9 kapky! A \u017ee i leto\u0161n\u00ed zimu byly hutn\u00e9 a velmi \u00fa\u010dinn\u00e9, o tom sv\u011bd\u010d\u00ed n\u011bkolik p\u0159\u00edklad\u016f, kter\u00e9 u\u017e potvrdily jejich blahod\u00e1rn\u00e9 \u00fa\u010dinky! A\u017e kolem dvac\u00e1t\u00e9 hodiny byl onen prvn\u00ed dubnov\u00fd den leto\u0161n\u00edho roku ze slavnostn\u00edho zah\u00e1jen\u00ed sez\u00f3ny MORAVEC Teamu rozchod&#8230; Musel b\u00fdt, v\u017edy\u0165 v\u011bt\u0161ina \u00fa\u010dastn\u00fdch u\u017e byla duchem asi mezi rakousk\u00fdmi vinicemi&#8230; Zde u\u017e m\u016f\u017eete okukovat <strong><a href=\"http:\/\/moravecteam.rajce.idnes.cz\/2016.04.01_Zahajeni_sezony_a_predavani_dresu\/\">fotogalerii<\/a><\/strong> z d\u00edlny Libora Tesa\u0159e a Aloise Krkavce.<\/p>\n<p style=\"text-align: justify;\">\n","protected":false},"excerpt":{"rendered":"<p>Bylo v tom prvn\u00edm dubnov\u00e9m p\u00e1tku leto\u0161n\u00edho roku jako by trochu symboliky&#8230; Po dv\u011b t\u0159etiny dne p\u0159evl\u00e1dalo po\u0161mourn\u00e9 po\u010das\u00ed, ani de\u0161\u0165ov\u00e9 kapky nechyb\u011bly&#8230; Jakmile se ale p\u0159ibl\u00ed\u017eila hodina za\u010d\u00e1tku slavnostn\u00edho zah\u00e1jen\u00ed sez\u00f3ny MORAVEC Teamu, po\u010das\u00ed se umoud\u0159ilo a na\u0161i tradi\u010dn\u00ed akci doprov\u00e1zelo slun\u00ed\u010dko! A v jeho \u00a0podve\u010derem se ji\u017e skl\u00e1n\u011bj\u00edc\u00edch jarn\u00edch paprsc\u00edch jsme stihli v &hellip; <a href=\"https:\/\/www.moravecteam.cz\/?p=3932\" class=\"more-link\">Pokra\u010dov\u00e1n\u00ed textu <span class=\"screen-reader-text\">Odstartov\u00e1no!<\/span> <span class=\"meta-nav\">&rarr;<\/span><\/a><\/p>\n","protected":false},"author":3,"featured_media":3939,"comment_status":"open","ping_status":"closed","sticky":false,"template":"","format":"standard","meta":[],"categories":[13],"tags":[],"_links":{"self":[{"href":"https:\/\/www.moravecteam.cz\/index.php?rest_route=\/wp\/v2\/posts\/3932"}],"collection":[{"href":"https:\/\/www.moravecteam.cz\/index.php?rest_route=\/wp\/v2\/posts"}],"about":[{"href":"https:\/\/www.moravecteam.cz\/index.php?rest_route=\/wp\/v2\/types\/post"}],"author":[{"embeddable":true,"href":"https:\/\/www.moravecteam.cz\/index.php?rest_route=\/wp\/v2\/users\/3"}],"replies":[{"embeddable":true,"href":"https:\/\/www.moravecteam.cz\/index.php?rest_route=%2Fwp%2Fv2%2Fcomments&post=3932"}],"version-history":[{"count":10,"href":"https:\/\/www.moravecteam.cz\/index.php?rest_route=\/wp\/v2\/posts\/3932\/revisions"}],"predecessor-version":[{"id":4006,"href":"https:\/\/www.moravecteam.cz\/index.php?rest_route=\/wp\/v2\/posts\/3932\/revisions\/4006"}],"wp:featuredmedia":[{"embeddable":true,"href":"https:\/\/www.moravecteam.cz\/index.php?rest_route=\/wp\/v2\/media\/3939"}],"wp:attachment":[{"href":"https:\/\/www.moravecteam.cz\/index.php?rest_route=%2Fwp%2Fv2%2Fmedia&parent=3932"}],"wp:term":[{"taxonomy":"category","embeddable":true,"href":"https:\/\/www.moravecteam.cz\/index.php?rest_route=%2Fwp%2Fv2%2Fcategories&post=3932"},{"taxonomy":"post_tag","embeddable":true,"href":"https:\/\/www.moravecteam.cz\/index.php?rest_route=%2Fwp%2Fv2%2Ftags&post=3932"}],"curies":[{"name":"wp","href":"https:\/\/api.w.org\/{rel}","templated":true}]}}