{"id":3966,"date":"2016-04-03T20:07:49","date_gmt":"2016-04-03T18:07:49","guid":{"rendered":"http:\/\/www.moravecteam.cz\/?p=3966"},"modified":"2016-04-03T21:40:59","modified_gmt":"2016-04-03T19:40:59","slug":"i-nedele-spesna","status":"publish","type":"post","link":"https:\/\/www.moravecteam.cz\/?p=3966","title":{"rendered":"I ned\u011ble \u00fasp\u011b\u0161n\u00e1!"},"content":{"rendered":"<p style=\"text-align: justify;\"><span style=\"color: #800000;\"><strong>Zat\u00edm co sobota b\u00fdv\u00e1 na Kamptal Klassik Trophy v rakousk\u00e9m Langenlois ve znamen\u00ed start\u016f ml\u00e1de\u017enick\u00fdch a hobby kategori\u00ed, v ned\u011bli u\u017e startuj\u00ed od juniorsk\u00fdcg kategori\u00ed v\u00fdhradn\u011b nejlep\u0161\u00ed z nejlep\u0161\u00edch. Neb\u00fdvalo v minulosti p\u0159\u00edli\u0161 zvykem, aby n\u00e1s ned\u011bln\u00ed z\u00e1vod z hlediska \u00fa\u010dasti rajdr\u016f MORAVCE n\u011bjak interesoval. Letos tomu bylo ale jinak. V na\u0161lapan\u00e9 kategorii junior\u016f n\u00e1s reprezentoval Dominik Prudek a palc jsme dr\u017eeli i na\u0161\u00ed odchovankyni Ad\u00e9le \u0160af\u00e1\u0159ov\u00e9ve stejn\u00e9 kategorii d\u00edvek.<\/strong><\/span><\/p>\n<p style=\"text-align: justify;\"><a href=\"http:\/\/www.moravecteam.cz\/?attachment_id=3974\" rel=\"attachment wp-att-3974\"><img decoding=\"async\" loading=\"lazy\" class=\"size-full wp-image-3974 alignleft\" title=\"Dominik Prudk v Rakousku potvrdil, \u017ee jeho postupn\u00fd posun do u\u017e\u0161\u00ed \u010desk\u00e9 juniorsk\u00e9 \u0161pi\u010dky je soustavn\u00fd.\" alt=\"DSC_3430a\" src=\"http:\/\/www.moravecteam.cz\/wp-content\/uploads\/2016\/04\/DSC_3430a.jpg\" width=\"197\" height=\"300\" \/><\/a>K na\u0161\u00ed velk\u00e9 radosti nav\u00e1zal Dom\u010da v\u00fdkonem i v\u00fdsledkem na v\u00fdborn\u00e9 v\u00fdkony sv\u00fdch mlad\u0161\u00edch t\u00fdmov\u00fdch koleg\u016f a kolegy\u0148. V c\u00edli fini\u0161oval <span style=\"color: #800000;\"><strong>Dominik Prudek<\/strong><\/span> na v\u00fdborn\u00e9m 14. m\u00edst\u011b, kdy\u017e na v\u00edt\u011bzn\u00e9ho \u010decha Jarom\u00edra Sk\u00e1lu (\u010cS Specialized) ztratil n\u011bco m\u00e1lo p\u0159es p\u011bt minut. Brovo Domi a d\u00edky za vzorn\u00e9 repre MORAVCE! Z\u00e1vod junior\u016f, kter\u00fdch sa na startu se\u0161lo bez m\u00e1la pades\u00e1t, ovl\u00e1dli suver\u00e9nn\u011b z\u00e1bodn\u00edci z \u010ceska, kte\u0159\u00ed obsadili hned prvn\u00ed \u010dty\u0159i m\u00edsta! To dokladuje vysokou kvalitu \u010desk\u00e9 cyklistiky a zd\u00e1 se, \u017ee Jardovi Kulhav\u00e9m rostou d\u016fstojn\u00ed n\u00e1stupci.<\/p>\n<p style=\"text-align: justify;\">I o Langenlois z\u00fast\u00e1v\u00e1 na mezin\u00e1rodn\u00ed sc\u00e9n\u011b nepora\u017eena <strong><span style=\"color: #800000;\">Ad\u00e9la<a href=\"http:\/\/www.moravecteam.cz\/?attachment_id=3976\" rel=\"attachment wp-att-3976\"><img decoding=\"async\" loading=\"lazy\" class=\"size-full wp-image-3976 alignright\" title=\"Slun\u00ed\u010dkov\u00fd \u00fasm\u011bv Ad\u00e9ly \u0160af\u00e1\u0159ov\u00e9 je na za\u010d\u00e1tku sez\u00f3ny zcela legitimn\u00ed. A ur\u010dit\u011b zdobil jej\u00ed tv\u00e1\u0159 po vyda\u0159en\u00e9m z\u00e1vod\u011b v Langenlois.\" alt=\"DSC_3363a\" src=\"http:\/\/www.moravecteam.cz\/wp-content\/uploads\/2016\/04\/DSC_3363a.jpg\" width=\"250\" height=\"300\" \/><\/a> \u0160af\u00e1\u0159ov\u00e1<\/span><\/strong>, kter\u00e1 suver\u00e9nn\u011b, s v\u00edce jak \u010dty\u0159minutov\u00fdm n\u00e1skokem ovl\u00e1dla kategorii juniorek. I zde byla zn\u00e1t dominance d\u00edvek z \u010cech: Za Ad\u00e9lou dojella na st\u00edbrn\u00e9m stup\u00ednku Sofie Joannidu (BIKE 2000), kterou si dob\u0159e pamatujeme i ze z\u00e1vod\u016f Poh\u00e1ru Drahansk\u00e9 vrchoviny. Ad\u00e9lce blahop\u0159ejeme s p\u0159\u00e1n\u00edm, aby j\u00ed forma vydr\u017eela , by kulminolava na v \u010dervnu \/ \u010dervenci na sv\u011btov\u00e9m \u0161ampion\u00e1tu v Nov\u00e9m M\u011bst\u011b na Morav\u011b. Zb\u00fdv\u00e1 je\u0161t\u011b doplnit v\u00fdsledek na\u0161eho kamar\u00e1da <span style=\"color: #800000;\"><strong>Jirky \u0160t\u011bpan\u00edka<\/strong><\/span>, kter\u00fd si &#8222;st\u0159ihl&#8220; z\u00e1vod m\u016f\u017e\u016f ELITE a obsadil v n\u011bm 71. m\u00edsto. V\u00fdkony a v\u00fdsledky v Langenlois na\u0161ich po oba dny potvrdily, \u017ee na prvn\u00ed z\u00e1vod MTB \u010cesk\u00e9ho poh\u00e1ru za t\u00fdden do Prahy m\u016f\u017eeme vyrazit s pat\u0159i\u010dnou m\u00edrou zdrav\u00e9ho sebev\u011bdom\u00ed! Zde je z bikov\u00e9ho v\u00edkendu \u00a0k dispozici ji\u017e <strong><a href=\"https:\/\/www.kamptal-klassik-trophy.at\/en\/service\/results\/\">kompletn\u00ed v\u00fdsledkov\u00fd servis<\/a><\/strong>.<\/p>\n<p style=\"text-align: justify;\">\n","protected":false},"excerpt":{"rendered":"<p>Zat\u00edm co sobota b\u00fdv\u00e1 na Kamptal Klassik Trophy v rakousk\u00e9m Langenlois ve znamen\u00ed start\u016f ml\u00e1de\u017enick\u00fdch a hobby kategori\u00ed, v ned\u011bli u\u017e startuj\u00ed od juniorsk\u00fdcg kategori\u00ed v\u00fdhradn\u011b nejlep\u0161\u00ed z nejlep\u0161\u00edch. Neb\u00fdvalo v minulosti p\u0159\u00edli\u0161 zvykem, aby n\u00e1s ned\u011bln\u00ed z\u00e1vod z hlediska \u00fa\u010dasti rajdr\u016f MORAVCE n\u011bjak interesoval. Letos tomu bylo ale jinak. V na\u0161lapan\u00e9 kategorii junior\u016f n\u00e1s &hellip; <a href=\"https:\/\/www.moravecteam.cz\/?p=3966\" class=\"more-link\">Pokra\u010dov\u00e1n\u00ed textu <span class=\"screen-reader-text\">I ned\u011ble \u00fasp\u011b\u0161n\u00e1!<\/span> <span class=\"meta-nav\">&rarr;<\/span><\/a><\/p>\n","protected":false},"author":3,"featured_media":3970,"comment_status":"open","ping_status":"closed","sticky":false,"template":"","format":"standard","meta":[],"categories":[1],"tags":[],"_links":{"self":[{"href":"https:\/\/www.moravecteam.cz\/index.php?rest_route=\/wp\/v2\/posts\/3966"}],"collection":[{"href":"https:\/\/www.moravecteam.cz\/index.php?rest_route=\/wp\/v2\/posts"}],"about":[{"href":"https:\/\/www.moravecteam.cz\/index.php?rest_route=\/wp\/v2\/types\/post"}],"author":[{"embeddable":true,"href":"https:\/\/www.moravecteam.cz\/index.php?rest_route=\/wp\/v2\/users\/3"}],"replies":[{"embeddable":true,"href":"https:\/\/www.moravecteam.cz\/index.php?rest_route=%2Fwp%2Fv2%2Fcomments&post=3966"}],"version-history":[{"count":7,"href":"https:\/\/www.moravecteam.cz\/index.php?rest_route=\/wp\/v2\/posts\/3966\/revisions"}],"predecessor-version":[{"id":3977,"href":"https:\/\/www.moravecteam.cz\/index.php?rest_route=\/wp\/v2\/posts\/3966\/revisions\/3977"}],"wp:featuredmedia":[{"embeddable":true,"href":"https:\/\/www.moravecteam.cz\/index.php?rest_route=\/wp\/v2\/media\/3970"}],"wp:attachment":[{"href":"https:\/\/www.moravecteam.cz\/index.php?rest_route=%2Fwp%2Fv2%2Fmedia&parent=3966"}],"wp:term":[{"taxonomy":"category","embeddable":true,"href":"https:\/\/www.moravecteam.cz\/index.php?rest_route=%2Fwp%2Fv2%2Fcategories&post=3966"},{"taxonomy":"post_tag","embeddable":true,"href":"https:\/\/www.moravecteam.cz\/index.php?rest_route=%2Fwp%2Fv2%2Ftags&post=3966"}],"curies":[{"name":"wp","href":"https:\/\/api.w.org\/{rel}","templated":true}]}}