{"id":3978,"date":"2016-04-02T08:54:42","date_gmt":"2016-04-02T06:54:42","guid":{"rendered":"http:\/\/www.moravecteam.cz\/?p=3978"},"modified":"2016-04-03T22:51:28","modified_gmt":"2016-04-03T20:51:28","slug":"v-sobotu-po-ranu","status":"publish","type":"post","link":"https:\/\/www.moravecteam.cz\/?p=3978","title":{"rendered":"V sobotu po r\u00e1nu&#8230;"},"content":{"rendered":"<p style=\"text-align: justify;\"><span style=\"color: #800000;\"><strong>V\u011bt\u0161ina skute\u010dn\u00fdch a pravov\u011brn\u00fdch cyklist\u016f m\u00e1 velmi bl\u00edzk\u00fd vztah k p\u0159\u00edrod\u011b a ke zv\u00ed\u0159\u00e1tk\u016fm, kter\u00e9 dozdobuj\u00ed ji a na\u0161e nejbli\u017e\u0161\u00ed okol\u00ed v\u010detn\u011b na\u0161ich p\u0159\u00edbytk\u016f. MORAVCI samoz\u0159ejm\u011b nejsou vyj\u00edmkou, sp\u00ed\u0161e naopak, ve v\u011bci l\u00e1sky ke zv\u00ed\u0159at\u016fm m\u016f\u017eeme b\u00fdt uv\u00e1d\u011bni za p\u0159\u00edklad. A by\u0165 to je\u0161t\u011b nem\u00e1me na na\u0161i www ofici\u00e1ln\u011b ps\u00e1no, je jasn\u00e9, kte\u0159\u00ed \u017ee to jsou aktu\u00e1ln\u011b \u010dty\u0159i odd\u00edlov\u00ed pejsci a kter\u00e9 \u017ee to jsou dv\u011b odd\u00edlov\u00e9 kozi\u010dky&#8230;<\/strong><\/span><\/p>\n<figure id=\"attachment_3982\" aria-describedby=\"caption-attachment-3982\" style=\"width: 2000px\" class=\"wp-caption alignnone\"><a href=\"http:\/\/www.moravecteam.cz\/?attachment_id=3982\" rel=\"attachment wp-att-3982\"><img decoding=\"async\" loading=\"lazy\" class=\" wp-image-3982\" alt=\"DSCN7507\" src=\"http:\/\/www.moravecteam.cz\/wp-content\/uploads\/2016\/04\/DSCN7507.jpg\" width=\"2000\" height=\"1389\" srcset=\"https:\/\/www.moravecteam.cz\/wp-content\/uploads\/2016\/04\/DSCN7507.jpg 2000w, https:\/\/www.moravecteam.cz\/wp-content\/uploads\/2016\/04\/DSCN7507-300x208.jpg 300w, https:\/\/www.moravecteam.cz\/wp-content\/uploads\/2016\/04\/DSCN7507-1024x711.jpg 1024w\" sizes=\"(max-width: 2000px) 100vw, 2000px\" \/><\/a><figcaption id=\"caption-attachment-3982\" class=\"wp-caption-text\">Sn\u011bhurka a Zrzka jsou zat\u00edm &#8222;pracovn\u00ed&#8220; jm\u00e9na dal\u0161\u00edch dvou holek u Koudelk\u016f.<\/figcaption><\/figure>\n<p style=\"text-align: justify;\">A pr\u00e1v\u011b jedna ze t\u011bchto dvou kozi\u010dek, Koudelkovic B\u011blka, p\u0159ivedla na sv\u011bt v sobotu 2. dubna v 7.30 hodin dv\u011b k\u016fzl\u00e1tka. V jej\u00edm p\u0159\u00edpad\u011b se jednalo o potomky s po\u0159adov\u00fdm \u010d\u00edslem 5 a 6. Doposud se j\u00ed da\u0159ili v\u00fdhradn\u011b kluci, tentokr\u00e1t jsou to ale dv\u011b holky! T\u011b\u0161\u00ed se v\u00fdborn\u00e9 kondici a jsou \u00fam\u011brn\u011b sv\u00e9mu rann\u00e9mu ml\u00e1d\u00ed p\u0159im\u011b\u0159en\u011b hladn\u00e9 a \u017e\u00edzniv\u00e9 z\u00e1rove\u0148. Zde je jejich <strong><a href=\"http:\/\/moravecteam.rajce.idnes.cz\/2016.04.03._Kuzlata_oddilove_kozy_Belky\/\">prvn\u00ed fotogalerie<\/a><\/strong>. V sou\u010dasnosti nap\u0159\u00ed\u010d odd\u00edlem distribuovan\u00e9 ml\u00e9ko je tud\u00ed\u017e od druh\u00e9 Koudelkovic kozy &#8211; Strelky. Pozorn\u00fd \u010dten\u00e1\u0159 ji ve fotogalerii snadno identifikuje podle skute\u010dnosti, \u017ee si nerada myje u\u0161i&#8230; Jak holky porostou, budou se postupn\u011b jejich fotky do galerie dopl\u0148ovat. D\u0159\u00edv nebo pozd\u011bji budou m\u00edt odd\u00edlov\u00e1 zv\u00ed\u0159\u00e1tka i svoje \u010destn\u00e9 m\u00edsto na na\u0161ich www. Krom\u011b koz Strelky a B\u011blky to budou ur\u010do \u010dty\u0159i pejsci, kte\u0159\u00ed n\u00e1s nejv\u00edc na na\u0161ich akc\u00edch (hlavn\u011b t\u011bch turistick\u00fdch) doprov\u00e1zej\u00ed: Prudkovic Bad\u00edk a Majda, Tlamkovic End\u017e\u00ednka a Zem\u00e1nkovic Moby. A na dal\u0161\u00ed odd\u00edlov\u00e1 zv\u00ed\u0159\u00e1tka (ko\u010dky, kocourky, pt\u00e1\u010dky, ove\u010dky, ber\u00e1nky&#8230;) ur\u010do vyp\u00ed\u0161eme n\u011bjakou sout\u011b\u017e!<\/p>\n","protected":false},"excerpt":{"rendered":"<p>V\u011bt\u0161ina skute\u010dn\u00fdch a pravov\u011brn\u00fdch cyklist\u016f m\u00e1 velmi bl\u00edzk\u00fd vztah k p\u0159\u00edrod\u011b a ke zv\u00ed\u0159\u00e1tk\u016fm, kter\u00e9 dozdobuj\u00ed ji a na\u0161e nejbli\u017e\u0161\u00ed okol\u00ed v\u010detn\u011b na\u0161ich p\u0159\u00edbytk\u016f. MORAVCI samoz\u0159ejm\u011b nejsou vyj\u00edmkou, sp\u00ed\u0161e naopak, ve v\u011bci l\u00e1sky ke zv\u00ed\u0159at\u016fm m\u016f\u017eeme b\u00fdt uv\u00e1d\u011bni za p\u0159\u00edklad. A by\u0165 to je\u0161t\u011b nem\u00e1me na na\u0161i www ofici\u00e1ln\u011b ps\u00e1no, je jasn\u00e9, kte\u0159\u00ed \u017ee to &hellip; <a href=\"https:\/\/www.moravecteam.cz\/?p=3978\" class=\"more-link\">Pokra\u010dov\u00e1n\u00ed textu <span class=\"screen-reader-text\">V sobotu po r\u00e1nu&#8230;<\/span> <span class=\"meta-nav\">&rarr;<\/span><\/a><\/p>\n","protected":false},"author":3,"featured_media":3983,"comment_status":"open","ping_status":"closed","sticky":false,"template":"","format":"standard","meta":[],"categories":[13],"tags":[],"_links":{"self":[{"href":"https:\/\/www.moravecteam.cz\/index.php?rest_route=\/wp\/v2\/posts\/3978"}],"collection":[{"href":"https:\/\/www.moravecteam.cz\/index.php?rest_route=\/wp\/v2\/posts"}],"about":[{"href":"https:\/\/www.moravecteam.cz\/index.php?rest_route=\/wp\/v2\/types\/post"}],"author":[{"embeddable":true,"href":"https:\/\/www.moravecteam.cz\/index.php?rest_route=\/wp\/v2\/users\/3"}],"replies":[{"embeddable":true,"href":"https:\/\/www.moravecteam.cz\/index.php?rest_route=%2Fwp%2Fv2%2Fcomments&post=3978"}],"version-history":[{"count":7,"href":"https:\/\/www.moravecteam.cz\/index.php?rest_route=\/wp\/v2\/posts\/3978\/revisions"}],"predecessor-version":[{"id":3992,"href":"https:\/\/www.moravecteam.cz\/index.php?rest_route=\/wp\/v2\/posts\/3978\/revisions\/3992"}],"wp:featuredmedia":[{"embeddable":true,"href":"https:\/\/www.moravecteam.cz\/index.php?rest_route=\/wp\/v2\/media\/3983"}],"wp:attachment":[{"href":"https:\/\/www.moravecteam.cz\/index.php?rest_route=%2Fwp%2Fv2%2Fmedia&parent=3978"}],"wp:term":[{"taxonomy":"category","embeddable":true,"href":"https:\/\/www.moravecteam.cz\/index.php?rest_route=%2Fwp%2Fv2%2Fcategories&post=3978"},{"taxonomy":"post_tag","embeddable":true,"href":"https:\/\/www.moravecteam.cz\/index.php?rest_route=%2Fwp%2Fv2%2Ftags&post=3978"}],"curies":[{"name":"wp","href":"https:\/\/api.w.org\/{rel}","templated":true}]}}