{"id":4288,"date":"2016-05-06T14:53:51","date_gmt":"2016-05-06T12:53:51","guid":{"rendered":"http:\/\/www.moravecteam.cz\/?p=4288"},"modified":"2016-05-06T16:23:25","modified_gmt":"2016-05-06T14:23:25","slug":"odstartovalo-bikove-me","status":"publish","type":"post","link":"https:\/\/www.moravecteam.cz\/?p=4288","title":{"rendered":"Odstartovalo bikov\u00e9 ME!"},"content":{"rendered":"<p style=\"text-align: justify;\"><span style=\"color: #800000;\"><strong>Ve \u0161v\u00e9dsk\u00e9m m\u011bste\u010dku, kter\u00e9 sv\u00fdm n\u00e1zvem evokuje bu\u010f v\u016fni \u010derstv\u011b pok\u00e1cen\u00fdch lesn\u00edch velik\u00e1n\u016f nebo v\u016fni (?) sp\u00e1len\u00e9ho benz\u00ednu s p\u0159\u00edslu\u0161nou d\u00e1vkou motorov\u00e9ho oleje, odstartovalo ve \u010dtvrtek 5. kv\u011btna 2016 bikov\u00e9 Mistrovstv\u00ed Evropy z\u00e1vodem \u0161tafet. D\u00edk na\u0161\u00ed odchovankyni, juniorce Ad\u00e9le \u0160af\u00e1\u0159ov\u00e9 (Nurend Specialized) jsou MORAVCI ve st\u0159ehu. Jej\u00ed start je \u00a0na programu v sobotu 7. kv\u011btna. Ten den budeme dr\u017eet palce jak j\u00ed, tak na\u0161im borc\u016fm a bork\u00e1m na Valchovsk\u00e9m Drti\u010di.<\/strong><\/span><\/p>\n<figure id=\"attachment_4301\" aria-describedby=\"caption-attachment-4301\" style=\"width: 769px\" class=\"wp-caption alignnone\"><a href=\"http:\/\/www.moravecteam.cz\/?attachment_id=4301\" rel=\"attachment wp-att-4301\"><img decoding=\"async\" loading=\"lazy\" class=\" wp-image-4301\" alt=\"teplice013 (1)\" src=\"http:\/\/www.moravecteam.cz\/wp-content\/uploads\/2016\/05\/teplice013-1.jpg\" width=\"769\" height=\"737\" srcset=\"https:\/\/www.moravecteam.cz\/wp-content\/uploads\/2016\/05\/teplice013-1.jpg 769w, https:\/\/www.moravecteam.cz\/wp-content\/uploads\/2016\/05\/teplice013-1-25x25.jpg 25w, https:\/\/www.moravecteam.cz\/wp-content\/uploads\/2016\/05\/teplice013-1-300x287.jpg 300w\" sizes=\"(max-width: 769px) 100vw, 769px\" \/><\/a><figcaption id=\"caption-attachment-4301\" class=\"wp-caption-text\">Ad\u00e9la \u0160af\u00e1\u0159ov\u00e1 je ji\u017e zku\u0161en\u00e1 &#8222;Evropanka&#8220;. Loni v italsk\u00e9m Alpagu dojela 13. Jak to dopadne letos?<\/figcaption><\/figure>\n<p style=\"text-align: justify;\">Budeme v\u016fbec tento v\u00edkend dost ak\u010dn\u00ed&#8230; V ned\u011bli se jede v P\u0159erov\u011b nav\u00edc d\u011btsk\u00e1 \u0160ela a premi\u00e9ru na velk\u00e9m z\u00e1vod\u011b tam bude letos m\u00edt v\u00fdb\u011br na\u0161ich mlad\u00fdch pu\u0161ek pod taktovkou sv\u00e9ho tren\u00e9ra, Milana Tlamky. Ale vra\u0165me se k juniorsk\u00e9mu Mistrovstv\u00ed Evropy ve \u0160v\u00e9dsk\u00e9 Huskvarn\u011b. Dosavadn\u00ed leto\u0161n\u00ed forma a v\u00fdsledky &#8222;Adys&#8220; sv\u00e1d\u00ed k opatrn\u00e9mu optimismu, hovo\u0159it ale o placen\u00ed, dokud hostinsk\u00fd nep\u0159edlo\u017eil \u00fa\u010det, je v\u017edy o\u0161idn\u00e9. Leto\u0161n\u00ed bikov\u00e1 Evropa je ale pro Ad\u00e9lu \u0160af\u00e1\u0159ovou ur\u010dit\u011b dal\u0161\u00ed z postupn\u00fdch kr\u016f\u010dk\u016f touto sez\u00f3nou, jej\u00ed\u017e vrcholem bude na po\u010d\u00e1tku \u010dervence v Nov\u00e9m M\u011bst\u011b na Morav\u011b p\u0159i Mistrovstv\u00ed sv\u011bta. Hlavn\u011b na tento z\u00e1vod ur\u010dit\u011b \u010dasuje formu sv\u00fdch sv\u011b\u0159enc\u016f tren\u00e9r &#8222;Rud\u00fdch \u010e\u00e1bl\u016f&#8220; a n\u00e1rodn\u00edho v\u00fdb\u011bru, Viktor Zapletal. Jen je\u0161t\u011b dopln\u00edm: v &#8222;Husquarn\u011b&#8220; to v\u010dera neza\u010dalo v\u016fbec \u0161patn\u011b. &#8222;Brambora&#8220;, kterou vykutala ze \u0161v\u00e9dsk\u00e9 \u017euly na\u0161e \u0161tafeta je sice nevd\u011b\u010dn\u00e1, ale kdy\u017e uv\u00e1\u017e\u00edme nekompletnost \u010desk\u00e9ho t\u00fdmu, m\u00e1 tento v\u00fdsledek ur\u010dit\u011b svoji cenu! Zde jsou <strong><a href=\"http:\/\/mtbs.cz\/clanek\/cesi-se-rvali-jako-lvi-me-zahajili-ctvrtym-mistem\/kategorie\/mistrovstvi-evropy-xc\">podrobnosti ze z\u00e1vodu \u0161tafet<\/a><\/strong> a z\u00edtra mocn\u011b zm\u00e1\u010dkn\u011bte Ad\u00e9lce palce: <strong><a href=\"http:\/\/mtbs.cz\/clanek\/bikery-ceka-netradicne-brzo-me-do-svedska-odjizdi-uz-pristi-tyden\/kategorie\/mistrovstvi-evropy-xc\">na tra\u0165 vyraz\u00ed v p\u016fl jeden\u00e1ct\u00e9<\/a><\/strong>! Co \u0161ustne na ME je <strong><a href=\"http:\/\/mtbs.cz\/\">zde podchyceno<\/a><\/strong>.<\/p>\n","protected":false},"excerpt":{"rendered":"<p>Ve \u0161v\u00e9dsk\u00e9m m\u011bste\u010dku, kter\u00e9 sv\u00fdm n\u00e1zvem evokuje bu\u010f v\u016fni \u010derstv\u011b pok\u00e1cen\u00fdch lesn\u00edch velik\u00e1n\u016f nebo v\u016fni (?) sp\u00e1len\u00e9ho benz\u00ednu s p\u0159\u00edslu\u0161nou d\u00e1vkou motorov\u00e9ho oleje, odstartovalo ve \u010dtvrtek 5. kv\u011btna 2016 bikov\u00e9 Mistrovstv\u00ed Evropy z\u00e1vodem \u0161tafet. D\u00edk na\u0161\u00ed odchovankyni, juniorce Ad\u00e9le \u0160af\u00e1\u0159ov\u00e9 (Nurend Specialized) jsou MORAVCI ve st\u0159ehu. Jej\u00ed start je \u00a0na programu v sobotu 7. kv\u011btna. &hellip; <a href=\"https:\/\/www.moravecteam.cz\/?p=4288\" class=\"more-link\">Pokra\u010dov\u00e1n\u00ed textu <span class=\"screen-reader-text\">Odstartovalo bikov\u00e9 ME!<\/span> <span class=\"meta-nav\">&rarr;<\/span><\/a><\/p>\n","protected":false},"author":3,"featured_media":4300,"comment_status":"open","ping_status":"closed","sticky":false,"template":"","format":"standard","meta":[],"categories":[1],"tags":[],"_links":{"self":[{"href":"https:\/\/www.moravecteam.cz\/index.php?rest_route=\/wp\/v2\/posts\/4288"}],"collection":[{"href":"https:\/\/www.moravecteam.cz\/index.php?rest_route=\/wp\/v2\/posts"}],"about":[{"href":"https:\/\/www.moravecteam.cz\/index.php?rest_route=\/wp\/v2\/types\/post"}],"author":[{"embeddable":true,"href":"https:\/\/www.moravecteam.cz\/index.php?rest_route=\/wp\/v2\/users\/3"}],"replies":[{"embeddable":true,"href":"https:\/\/www.moravecteam.cz\/index.php?rest_route=%2Fwp%2Fv2%2Fcomments&post=4288"}],"version-history":[{"count":12,"href":"https:\/\/www.moravecteam.cz\/index.php?rest_route=\/wp\/v2\/posts\/4288\/revisions"}],"predecessor-version":[{"id":4303,"href":"https:\/\/www.moravecteam.cz\/index.php?rest_route=\/wp\/v2\/posts\/4288\/revisions\/4303"}],"wp:featuredmedia":[{"embeddable":true,"href":"https:\/\/www.moravecteam.cz\/index.php?rest_route=\/wp\/v2\/media\/4300"}],"wp:attachment":[{"href":"https:\/\/www.moravecteam.cz\/index.php?rest_route=%2Fwp%2Fv2%2Fmedia&parent=4288"}],"wp:term":[{"taxonomy":"category","embeddable":true,"href":"https:\/\/www.moravecteam.cz\/index.php?rest_route=%2Fwp%2Fv2%2Fcategories&post=4288"},{"taxonomy":"post_tag","embeddable":true,"href":"https:\/\/www.moravecteam.cz\/index.php?rest_route=%2Fwp%2Fv2%2Ftags&post=4288"}],"curies":[{"name":"wp","href":"https:\/\/api.w.org\/{rel}","templated":true}]}}