{"id":4304,"date":"2016-05-08T09:03:23","date_gmt":"2016-05-08T07:03:23","guid":{"rendered":"http:\/\/www.moravecteam.cz\/?p=4304"},"modified":"2016-05-08T09:23:06","modified_gmt":"2016-05-08T07:23:06","slug":"adela-sesta-v-evrope","status":"publish","type":"post","link":"https:\/\/www.moravecteam.cz\/?p=4304","title":{"rendered":"Ad\u00e9la \u0161est\u00e1 v Evrop\u011b!"},"content":{"rendered":"<p style=\"text-align: justify;\"><span style=\"color: #800000;\"><strong>P\u0159episov\u00e1n\u00ed odd\u00edlov\u00fdch d\u011bjin pokra\u010duje! Dosavadn\u00ed v\u00fdsledkov\u00e9 maximum z bikov\u00e9ho Mistrovstv\u00ed Evropy borce a borky z MORAVCE bylo &#8211; pokud m\u011b pam\u011b\u0165 neklame &#8211; z r. 2011. Tehdy se jel kontinent\u00e1ln\u00ed \u0161ampion\u00e1t ve slovensk\u00fdch Doh\u0148anech. Nikola Hlubinkov\u00e1 se zde um\u00edstnila na 9. a Radim Kov\u00e1\u0159 \u00a0tehdy dojel 11. Po prvn\u00ed kv\u011btnov\u00e9 sobot\u011b r.2016 je ale v\u0161echno jinak&#8230;<\/strong><\/span><\/p>\n<figure id=\"attachment_4309\" aria-describedby=\"caption-attachment-4309\" style=\"width: 290px\" class=\"wp-caption alignleft\"><a href=\"http:\/\/www.moravecteam.cz\/?attachment_id=4309\" rel=\"attachment wp-att-4309\"><img decoding=\"async\" loading=\"lazy\" class=\"size-full wp-image-4309 \" title=\"Ad\u00e9la \u0160af\u00e1\u0159ov\u00e1 na trati kontinent\u00e1ln\u00edho \u0161ampion\u00e1tu ve \u0161v\u00e9dsk\u00e9ho Huskvarn\u011b.\" alt=\"me-mtb-2016-xco-sobota-adela-safarova\" src=\"http:\/\/www.moravecteam.cz\/wp-content\/uploads\/2016\/05\/me-mtb-2016-xco-sobota-adela-safarova.jpg\" width=\"290\" height=\"426\" srcset=\"https:\/\/www.moravecteam.cz\/wp-content\/uploads\/2016\/05\/me-mtb-2016-xco-sobota-adela-safarova.jpg 290w, https:\/\/www.moravecteam.cz\/wp-content\/uploads\/2016\/05\/me-mtb-2016-xco-sobota-adela-safarova-204x300.jpg 204w\" sizes=\"(max-width: 290px) 100vw, 290px\" \/><\/a><figcaption id=\"caption-attachment-4309\" class=\"wp-caption-text\">Ad\u00e9la \u0160af\u00e1\u0159ov\u00e1 na trati kontinent\u00e1ln\u00edho \u0161ampion\u00e1tu ve \u0161v\u00e9dsk\u00e9 Huskvarn\u011b.<\/figcaption><\/figure>\n<p style=\"text-align: justify;\">\u0160ikvn\u00e1 juniorka Ad\u00e9la \u0160af\u00e1\u0159ov\u00e1, , \u00a0(za m\u011bs\u00edc j\u00ed bude osmn\u00e1ct let) zajela na bikov\u00e9m ME ve \u0161v\u00e9dsk\u00e9m m\u011bst\u011b Husquarn\u011b fantastick\u00fd z\u00e1vod a sv\u00fdm \u00a0\u0161est\u00fdm m\u00edstem v c\u00edi znovu potvrdila, \u017ee kr\u016f\u010dek za kr\u016f\u010dkem pokra\u010duje na cest\u011b do absolutn\u00ed \u017eensk\u00e9 bikov\u00e9 \u0161pi\u010dky evropsk\u00e9, ale t\u00e9\u017e \u00a0i sv\u011btov\u00e9. Kdo v\u00ed, jak by z\u00e1vod dopadl, kdyby se j\u00ed jen o trochu l\u00e9pe vyda\u0159il a startovn\u00ed sekvence&#8230;. Dvac\u00e1t\u00e1 po startovn\u00ed pozice nebyla pro Ad\u00e9lu v konkurenci \u0161tat\u0159iceti na\u017ehaven\u00fdch borek zrovna optim\u00e1ln\u00ed&#8230; Ale pr\u00e1v\u011b v tomto okam\u017eiku uk\u00e1zala mladi\u010dk\u00e1 bikertka svoji s\u00edlu a charakter typick\u00e9ho &#8222;hon\u00edc\u00edho psa&#8220;! Postupn\u011b se nezadr\u017eiteln\u011b posouvala grandi\u00f3zn\u011b vp\u0159ed, nech\u00e1vaj\u00edc za sebou jednu spoupe\u0159ku za druhou&#8230; Fin\u00e1ln\u00ed &#8222;sixth place&#8220; je j\u00ed zaslou\u017eenou odm\u011bnou, ztr\u00e1ta p\u011bti minut na v\u00edt\u011bzku nestoj\u00ed za \u0159e\u010d&#8230; Blahop\u0159ejeme! Jen tak d\u00e1l Ady! U\u017e se t\u011b\u0161\u00edme do Nov\u00e9ho M\u011bsta! Zde mrkn\u011bte na <strong><a href=\"http:\/\/mtbs.cz\/clanek\/sobotni-program-na-me-vynesl-cechum-ctyri-top-ten-umisteni\/kategorie\/mistrovstvi-evropy-xc\">report ze z\u00e1vodu<\/a>, <\/strong>a zde na kompletn\u00ed <strong><a href=\"http:\/\/mtbs.cz\/clanek\/me-huskvarna-2016-vysledky-xco-juniorky\/kategorie\/bleskovka-zavody\">okulob\u00fd v\u00fdsledkov\u00fd servis<\/a>.<\/strong><\/p>\n","protected":false},"excerpt":{"rendered":"<p>P\u0159episov\u00e1n\u00ed odd\u00edlov\u00fdch d\u011bjin pokra\u010duje! Dosavadn\u00ed v\u00fdsledkov\u00e9 maximum z bikov\u00e9ho Mistrovstv\u00ed Evropy borce a borky z MORAVCE bylo &#8211; pokud m\u011b pam\u011b\u0165 neklame &#8211; z r. 2011. Tehdy se jel kontinent\u00e1ln\u00ed \u0161ampion\u00e1t ve slovensk\u00fdch Doh\u0148anech. Nikola Hlubinkov\u00e1 se zde um\u00edstnila na 9. a Radim Kov\u00e1\u0159 \u00a0tehdy dojel 11. Po prvn\u00ed kv\u011btnov\u00e9 sobot\u011b r.2016 je ale v\u0161echno &hellip; <a href=\"https:\/\/www.moravecteam.cz\/?p=4304\" class=\"more-link\">Pokra\u010dov\u00e1n\u00ed textu <span class=\"screen-reader-text\">Ad\u00e9la \u0161est\u00e1 v Evrop\u011b!<\/span> <span class=\"meta-nav\">&rarr;<\/span><\/a><\/p>\n","protected":false},"author":3,"featured_media":4308,"comment_status":"open","ping_status":"closed","sticky":false,"template":"","format":"standard","meta":[],"categories":[1],"tags":[],"_links":{"self":[{"href":"https:\/\/www.moravecteam.cz\/index.php?rest_route=\/wp\/v2\/posts\/4304"}],"collection":[{"href":"https:\/\/www.moravecteam.cz\/index.php?rest_route=\/wp\/v2\/posts"}],"about":[{"href":"https:\/\/www.moravecteam.cz\/index.php?rest_route=\/wp\/v2\/types\/post"}],"author":[{"embeddable":true,"href":"https:\/\/www.moravecteam.cz\/index.php?rest_route=\/wp\/v2\/users\/3"}],"replies":[{"embeddable":true,"href":"https:\/\/www.moravecteam.cz\/index.php?rest_route=%2Fwp%2Fv2%2Fcomments&post=4304"}],"version-history":[{"count":8,"href":"https:\/\/www.moravecteam.cz\/index.php?rest_route=\/wp\/v2\/posts\/4304\/revisions"}],"predecessor-version":[{"id":4314,"href":"https:\/\/www.moravecteam.cz\/index.php?rest_route=\/wp\/v2\/posts\/4304\/revisions\/4314"}],"wp:featuredmedia":[{"embeddable":true,"href":"https:\/\/www.moravecteam.cz\/index.php?rest_route=\/wp\/v2\/media\/4308"}],"wp:attachment":[{"href":"https:\/\/www.moravecteam.cz\/index.php?rest_route=%2Fwp%2Fv2%2Fmedia&parent=4304"}],"wp:term":[{"taxonomy":"category","embeddable":true,"href":"https:\/\/www.moravecteam.cz\/index.php?rest_route=%2Fwp%2Fv2%2Fcategories&post=4304"},{"taxonomy":"post_tag","embeddable":true,"href":"https:\/\/www.moravecteam.cz\/index.php?rest_route=%2Fwp%2Fv2%2Ftags&post=4304"}],"curies":[{"name":"wp","href":"https:\/\/api.w.org\/{rel}","templated":true}]}}