{"id":4315,"date":"2016-05-08T20:47:48","date_gmt":"2016-05-08T18:47:48","guid":{"rendered":"http:\/\/www.moravecteam.cz\/?p=4315"},"modified":"2016-05-17T14:01:55","modified_gmt":"2016-05-17T12:01:55","slug":"moravec-drtil-konkurenci","status":"publish","type":"post","link":"https:\/\/www.moravecteam.cz\/?p=4315","title":{"rendered":"MORAVEC drtil&#8230;"},"content":{"rendered":"<p style=\"text-align: justify;\"><span style=\"color: #800000;\"><strong>&#8230;soupe\u0159e na jubilejn\u00edm, p\u00e1t\u00e9m ro\u010dn\u00edku MTB maratonu Valchovsk\u00fd Drti\u010d! Z deseti kategori\u00ed jsme jich opanovali rovnou polovinu a p\u0159ed t\u0159et\u00edm pokra\u010dov\u00e1n\u00edm n\u00e1rodn\u00edho cross country poh\u00e1ru v Kutn\u00e9 Ho\u0159e borci MORAVEC Teamu znovu potvrdili vysokou v\u00fdkonnost! V\u00fdborn\u00e9 v\u00fdsledky na\u0161ich nijak nesni\u017euje slab\u0161\u00ed \u00fa\u010dast, kter\u00e1 je na tak v\u017edy v\u00fdborn\u011b \u00a0zorganizovan\u00e9m z\u00e1vodu u\u017e dost t\u011b\u017eko k pochopen\u00ed&#8230; Loni se zde \u00fa\u010dastnicky kone\u010dn\u011b zabl\u00fdskalo na \u010dasy a j\u00e1 progn\u00f3zoval \u0159editeli z\u00e1vodu, Pepovi Bar\u00e1kovi v po\u010dtu z\u00fa\u010dastn\u011bn\u00fdch letos dal\u0161\u00ed v\u00fdrazn\u00fd rekordn\u00ed posun. Bohu\u017eel, nev\u00edm pro\u010d, jsem se tentokr\u00e1t zm\u00fdlil&#8230;<\/strong><\/span><\/p>\n<figure id=\"attachment_4327\" aria-describedby=\"caption-attachment-4327\" style=\"width: 692px\" class=\"wp-caption alignnone\"><a href=\"http:\/\/www.moravecteam.cz\/?attachment_id=4327\" rel=\"attachment wp-att-4327\"><img decoding=\"async\" loading=\"lazy\" class=\" wp-image-4327\" alt=\"P1050961\" src=\"http:\/\/www.moravecteam.cz\/wp-content\/uploads\/2016\/05\/P1050961.jpg\" width=\"692\" height=\"701\" srcset=\"https:\/\/www.moravecteam.cz\/wp-content\/uploads\/2016\/05\/P1050961.jpg 692w, https:\/\/www.moravecteam.cz\/wp-content\/uploads\/2016\/05\/P1050961-25x25.jpg 25w, https:\/\/www.moravecteam.cz\/wp-content\/uploads\/2016\/05\/P1050961-296x300.jpg 296w\" sizes=\"(max-width: 692px) 100vw, 692px\" \/><\/a><figcaption id=\"caption-attachment-4327\" class=\"wp-caption-text\">Tenhle pohled m\u00e1me nejrad\u0161i&#8230; \u017de by vzor pro foto z MTB z\u00e1vodu \u017een na letn\u00edch olympijsk\u00fdch v roce 2024 (eventu\u00e1ln\u011b 2028)?<\/figcaption><\/figure>\n<p style=\"text-align: justify;\">\u201ePrezidente, co ste mi to tu pripravili za <strong>torturu<\/strong>?\u201c Tuto ot\u00e1zku mi polo\u017eil kr\u00e1tce po sv\u00e9m dojezdu do c\u00edle typick\u00fdm ostravsk\u00fdm dialektem fenomen\u00e1ln\u00ed biker, master-veter\u00e1n a n\u00e1\u010deln\u00edk Severomoravsk\u00fdch cyklistick\u00fdch \u201ekmen\u016f\u201c, Martin \u0160\u00edma. Snad nejl\u00e9pe vystihl n\u00e1ro\u010dnost &#8222;Drti\u010dov\u00e9&#8220; trat\u011b, kter\u00e1 byla m\u00edsty vskutku mu\u010div\u00e1, a na kter\u00e9 skute\u010dn\u011b nechyb\u011blo nic:\u00a0\u00a0nekone\u010dn\u00e9 a m\u00edsty docela prudk\u00e9 v\u00fdjezdy, stejn\u011b jako sjezdy\u2026 Rychl\u00e9 lesn\u00ed \u00faseky a\u0165 u\u017e po povrchem hladk\u00fdch, kamenit\u00fdch, \u010di veskrze m\u011bkk\u00fdch , podm\u00e1\u010den\u00fdch lesn\u00edch cest\u00e1ch. Nechyb\u011bl ani klasick\u00fd, prakticky nezdolateln\u00fd brod, a p\u0159es aktu\u00e1ln\u011b such\u00e9 po\u010das\u00ed dal\u0161\u00ed n\u00e1ro\u010dn\u00e9 bl\u00e1tiv\u00e9 \u201etal\u00ed\u0159ky\u201c, vratk\u00e9 lesn\u00ed, jen zt\u011b\u017e\u00ed zvl\u00e1dnuteln\u00e9, p\u0159\u00edkr\u00e9 \u017elaby\u2026 Tak\u017ee kdy\u017e jsem na 23. kilometru, po 110 minut\u00e1ch bezprecedentn\u00edho \u00fasil\u00ed na hranici sebezni\u010den\u00ed po dlouh\u00e9 dob\u011b uvid\u011bl p\u0159ed o\u010dima klasick\u00e9, pov\u011bstn\u00e9 m\u017eitky (a asi nejen j\u00e1), byl to dal\u0161\u00ed d\u016fkaz, \u017ee leto\u0161n\u00ed Drti\u010d byl z hlediska n\u00e1ro\u010dnosti opravdu TOP! O to cenn\u011bj\u0161\u00ed jsou v\u00fdborn\u00e9 v\u00fdsledky MORAVC\u016e, kte\u0159\u00ed do toho \u0161li a jejich\u017e pozoruhdn\u00fd &#8222;Drti\u010dov\u00fd&#8220; sum\u00e1\u0159 je tento:<\/p>\n<ul>\n<li>HOBBY 25 km \u2013 \u017eeny: <span style=\"color: #ff9900;\"><strong>1. Kate\u0159ina Gottwaldov\u00e1<\/strong><\/span><\/li>\n<li><span style=\"line-height: 1.5;\">HOBBY 25 km \u2013 mu\u017ei: <span style=\"color: #ff9900;\"><strong>1. Luk\u00e1\u0161\u00a0<\/strong><\/span><\/span><span style=\"color: #ff9900;\"><strong><span style=\"line-height: 1.5;\">Gregor<\/span><\/strong><\/span><\/li>\n<li><span style=\"line-height: 1.5;\">MU\u017dI 25 km \u2013 M18:\u00a0<strong><span style=\"color: #ff9900;\">1.\u00a0<\/span><\/strong><\/span><span style=\"line-height: 1.5;\"><strong><span style=\"color: #ff9900;\">Prudek Dominik<\/span><\/strong>,\u00a0<\/span><strong><span style=\"color: #993300; line-height: 1.5;\">3. Karel Vinick\u00fd<\/span><\/strong><\/li>\n<li><span style=\"line-height: 1.5;\">\u017dENY 25 km \u2013 Z18: <strong><span style=\"color: #ff9900;\">1. Jana\u00a0Tesa\u0159ov\u00e1<\/span><\/strong>, <span style=\"color: #808080;\"><strong>2. Anna\u00a0Zem\u00e1nkov\u00e1,\u00a0<\/strong><\/span><\/span><span style=\"color: #993300;\"><span style=\"line-height: 1.5;\"><strong>3. Krist\u00fdna\u00a0<\/strong><\/span><strong style=\"line-height: 1.5;\"><span style=\"line-height: 1.5;\">Haasov\u00e1<\/span><\/strong><\/span><\/li>\n<li><span style=\"line-height: 1.33333;\">\u017dENY 50\u00a0km \u2013\u00a0Z40+: <span style=\"color: #ff9900;\"><strong>1. Radka\u00a0<\/strong><\/span><\/span><span style=\"color: #ff9900;\"><strong><span style=\"line-height: 1.5;\">Haasov\u00e1<\/span><\/strong><\/span><\/li>\n<li><span style=\"line-height: 1.5;\">MU\u017dI 50 km \u2013\u00a0M50+: <span style=\"color: #993300;\"><strong>3. V\u00ed\u0165a\u00a0<\/strong><\/span><\/span><span style=\"line-height: 1.5;\"><span style=\"color: #993300;\"><strong>Prudek<\/strong><\/span>\u00a0<\/span><\/li>\n<\/ul>\n<p style=\"text-align: justify;\">Medailist\u016fm blahop\u0159ejeme, a v\u0161em, kte\u0159\u00ed n\u00e1ro\u010dnou tra\u0165 vyzvali pak beze zbytku d\u00edky za vzorn\u00e9 repre MORAVCE a &#8222;podlahov\u00fd&#8220; v\u00fdkon! K z\u00e1vodu samotn\u00e9mu je\u0161t\u011b dv\u011b pozn\u00e1mky: prvn\u00ed je \u00fasm\u011bvn\u00e1 a\u00a0v\u00e1\u017ee se k vyhla\u0161ov\u00e1n\u00ed v\u00fdsledku z\u00e1vodu mu\u017e\u016f na 50km kategorie M49 (de facto Masters II, borci ve v\u011bku 40-49 let). Na t\u0159et\u00edm m\u00edst\u011b dojel p. Stod\u016flka z odd\u00edlu CK Skivelo Nesly\u0161\u00edc\u00edch OL (Olomouc), kter\u00fd je (nazna\u010duje to u\u017e jeho t\u00fdmov\u00e1 p\u0159\u00edslu\u0161nost) &#8211; bohu\u017eel nesly\u0161\u00edc\u00ed. Logicky tedy p\u0159i vyhla\u0161ov\u00e1n\u00ed v\u00fdsledk\u016f chvilku trvalo ne\u017e se jmenovan\u00fd dozv\u011bd\u011bl, \u017ee je zv\u00e1n na stupn\u011b nejlep\u0161\u00edch&#8230; Pro organiza\u010dn\u00ed t\u00fdm Poh\u00e1ru Drahansk\u00e9 vrchoviny to neznamen\u00e1 nic jin\u00e9ho, ne\u017e \u017ee mus\u00edme vycvi\u010dit p\u0159ekladatele znakov\u00e9 \u0159e\u010d\u00ed pro nesly\u0161\u00edc\u00ed. T\u00edm sp\u00ed\u0161e, kdy\u017e handicapovan\u00ed borci z CK Skivelo se st\u00e1vaj\u00ed st\u00e1le \u010dast\u011bj\u0161\u00edmi \u00fa\u010dastn\u00edky z\u00e1vod\u016f &#8222;Vrchoviny&#8220;.<\/p>\n<figure id=\"attachment_4326\" aria-describedby=\"caption-attachment-4326\" style=\"width: 750px\" class=\"wp-caption alignnone\"><a href=\"http:\/\/www.moravecteam.cz\/?attachment_id=4326\" rel=\"attachment wp-att-4326\"><img decoding=\"async\" loading=\"lazy\" class=\" wp-image-4326\" alt=\"P1050965\" src=\"http:\/\/www.moravecteam.cz\/wp-content\/uploads\/2016\/05\/P1050965.jpg\" width=\"750\" height=\"782\" srcset=\"https:\/\/www.moravecteam.cz\/wp-content\/uploads\/2016\/05\/P1050965.jpg 750w, https:\/\/www.moravecteam.cz\/wp-content\/uploads\/2016\/05\/P1050965-25x25.jpg 25w, https:\/\/www.moravecteam.cz\/wp-content\/uploads\/2016\/05\/P1050965-287x300.jpg 287w\" sizes=\"(max-width: 750px) 100vw, 750px\" \/><\/a><figcaption id=\"caption-attachment-4326\" class=\"wp-caption-text\">I v kategor\u00ed\u00ed M18 na trati 25 km dominovali MORAVCI: jmenovit\u011b Dominik Prudek s Karlem Vinick\u00fdm!<\/figcaption><\/figure>\n<p style=\"text-align: justify;\">Druhou raritou byla celodenn\u00ed sm\u016fla na\u0161eho Mat\u011bje Maz\u00e1nka, kter\u00fd hned dvakr\u00e1t(!) p\u0159etrhl na trati \u0159et\u011bz&#8230; Za\u017eil jsem na MTB maratonu trojn\u00e1sobn\u00fd defekt pneu&#8230; Ale dvakr\u00e1t po sob\u011b opakovanou &#8222;frakturu \u0159et\u011bzu&#8220; v pr\u016fb\u011bhu jednoho z\u00e1vodu, s t\u00edm jsem se v\u011bru setkal poprv\u00e9&#8230; Tato Mat\u011bjova sm\u016fla je jen dal\u0161\u00edm d\u016fkazem, jak jsou na\u0161i rajd\u0159i neskute\u010dn\u011b \u00a0od tren\u00e9r\u016f &#8222;nabu\u0161en\u00ed&#8220; co se s\u00edly v nohou t\u00fd\u010de! A pro na\u0161e mechaniky je tato skute\u010dnost sign\u00e1lem, \u017ee Mat\u011bjovi je t\u0159eba nasadit na jeho bik \u0159et\u011bz bu\u010f zes\u00edlen\u00fd, nebo nejak zdvojen\u00fd a nebo ze speci\u00e1ln\u00edho, \u00a0odoln\u00e9ho kovomateri\u00e1lu (nejl\u00e9pe z toho materi\u00e1lu, co pou\u017e\u00edv\u00e1 NASA)&#8230; Zde je\u00a0<strong><a style=\"line-height: 1.5;\" href=\"http:\/\/moravecteam.rajce.idnes.cz\/2016.05.07_Valchovsky_Drtic_2016\/\">bohat\u00e1 fotogalerie<\/a><\/strong><span style=\"line-height: 1.5;\">\u00a0<\/span><span style=\"line-height: 1.5;\">\u00a0z d\u00edlny skv\u011bl\u00fdch fotograf\u016f Karla Vinick\u00e9ho, Libora Tesa\u0159e a Karla V\u0161etuly&#8230; (kam se na n\u011b hrabe K\u00e1ja Saudek, kter\u00fd snad v \u017eivot\u011b cyklistu nesvedl vyfotit..?). Tu\u0165 pak monitorujte okulib\u00e9\u00a0<strong><a href=\"http:\/\/www.pohardrahanskevrchoviny.cz\/drtic-drtil\/\">v\u00fdsledky<\/a><\/strong>&#8230;<\/span><\/p>\n<p style=\"text-align: justify;\">\n","protected":false},"excerpt":{"rendered":"<p>&#8230;soupe\u0159e na jubilejn\u00edm, p\u00e1t\u00e9m ro\u010dn\u00edku MTB maratonu Valchovsk\u00fd Drti\u010d! Z deseti kategori\u00ed jsme jich opanovali rovnou polovinu a p\u0159ed t\u0159et\u00edm pokra\u010dov\u00e1n\u00edm n\u00e1rodn\u00edho cross country poh\u00e1ru v Kutn\u00e9 Ho\u0159e borci MORAVEC Teamu znovu potvrdili vysokou v\u00fdkonnost! V\u00fdborn\u00e9 v\u00fdsledky na\u0161ich nijak nesni\u017euje slab\u0161\u00ed \u00fa\u010dast, kter\u00e1 je na tak v\u017edy v\u00fdborn\u011b \u00a0zorganizovan\u00e9m z\u00e1vodu u\u017e dost t\u011b\u017eko k pochopen\u00ed&#8230; &hellip; <a href=\"https:\/\/www.moravecteam.cz\/?p=4315\" class=\"more-link\">Pokra\u010dov\u00e1n\u00ed textu <span class=\"screen-reader-text\">MORAVEC drtil&#8230;<\/span> <span class=\"meta-nav\">&rarr;<\/span><\/a><\/p>\n","protected":false},"author":3,"featured_media":4325,"comment_status":"open","ping_status":"closed","sticky":false,"template":"","format":"standard","meta":[],"categories":[1],"tags":[],"_links":{"self":[{"href":"https:\/\/www.moravecteam.cz\/index.php?rest_route=\/wp\/v2\/posts\/4315"}],"collection":[{"href":"https:\/\/www.moravecteam.cz\/index.php?rest_route=\/wp\/v2\/posts"}],"about":[{"href":"https:\/\/www.moravecteam.cz\/index.php?rest_route=\/wp\/v2\/types\/post"}],"author":[{"embeddable":true,"href":"https:\/\/www.moravecteam.cz\/index.php?rest_route=\/wp\/v2\/users\/3"}],"replies":[{"embeddable":true,"href":"https:\/\/www.moravecteam.cz\/index.php?rest_route=%2Fwp%2Fv2%2Fcomments&post=4315"}],"version-history":[{"count":13,"href":"https:\/\/www.moravecteam.cz\/index.php?rest_route=\/wp\/v2\/posts\/4315\/revisions"}],"predecessor-version":[{"id":4408,"href":"https:\/\/www.moravecteam.cz\/index.php?rest_route=\/wp\/v2\/posts\/4315\/revisions\/4408"}],"wp:featuredmedia":[{"embeddable":true,"href":"https:\/\/www.moravecteam.cz\/index.php?rest_route=\/wp\/v2\/media\/4325"}],"wp:attachment":[{"href":"https:\/\/www.moravecteam.cz\/index.php?rest_route=%2Fwp%2Fv2%2Fmedia&parent=4315"}],"wp:term":[{"taxonomy":"category","embeddable":true,"href":"https:\/\/www.moravecteam.cz\/index.php?rest_route=%2Fwp%2Fv2%2Fcategories&post=4315"},{"taxonomy":"post_tag","embeddable":true,"href":"https:\/\/www.moravecteam.cz\/index.php?rest_route=%2Fwp%2Fv2%2Ftags&post=4315"}],"curies":[{"name":"wp","href":"https:\/\/api.w.org\/{rel}","templated":true}]}}