{"id":436,"date":"2015-04-27T23:53:54","date_gmt":"2015-04-27T21:53:54","guid":{"rendered":"http:\/\/www.moravecteam.cz\/?p=436"},"modified":"2015-04-28T00:09:05","modified_gmt":"2015-04-27T22:09:05","slug":"vrchovina-odstartovala","status":"publish","type":"post","link":"https:\/\/www.moravecteam.cz\/?p=436","title":{"rendered":"Vrchovina odstartovala!"},"content":{"rendered":"<p style=\"text-align: justify;\"><strong>\u010ctrn\u00e1ct\u00fd ro\u010dn\u00edk, dnes u\u017e v pravd\u011b kultovn\u00ed, region\u00e1ln\u00ed MTB s\u00e9rie, m\u00e1 za sebou prvn\u00ed ze t\u0159in\u00e1cti leto\u0161n\u00edch d\u00edl\u016f. Premi\u00e9rov\u00fdm hostitelem biker\u016f byla Okrouhl\u00e1, obec to horsk\u00fdm kol\u016fm vpravd\u011b zasl\u00edben\u00e1, kter\u00e1 se m\u016f\u017ee z ne tak ned\u00e1vn\u00e9 minulosti chlubit dvojn\u00e1sobn\u00fdm po\u0159adatelstv\u00edm z\u00e1vodu \u010cesk\u00e9ho poh\u00e1ru MTB XCO.\u00a0<\/strong><\/p>\n<p style=\"text-align: justify;\">A overtura to byla posledn\u00ed dubnovou ned\u011bli na zdej\u0161\u00edch mistrovsk\u00fdch okruz\u00edch jak se pat\u0159\u00ed&#8230; Tradi\u010dn\u011b bezchybn\u00fdm po\u0159adatel\u016fm, kte\u0159\u00ed oproti lo\u0148sku v ur\u010dit\u00fdch nianc\u00edch op\u011bt vylep\u0161ili trat\u011b ve smyslu dal\u0161\u00edho decentn\u00edho nav\u00fd\u0161en\u00ed jejich n\u00e1ro\u010dnosti (m\u00e1m te\u010f na mysli p\u0159edev\u0161\u00edm hlavn\u00ed okruh), se odvd\u011b\u010dili bike\u0159i napr\u016fm\u011brnou \u00fa\u010dast\u00ed, kdy\u017e p\u0159edev\u0161\u00edm hlavn\u00ed odpoledn\u00ed starty byly po\u010detn\u011b opravdu &#8222;hutn\u00e9&#8220;. \u00a0A kdy\u017e u\u017e tak technicky obt\u00ed\u017en\u00e9 trat\u011b je\u0161t\u011b &#8222;oko\u0159enila&#8220; de\u0161\u0165ov\u00e1 p\u0159eh\u00e1\u0148ka, kter\u00e1 odpoledn\u00edmu startu hlavn\u00edch kategori\u00ed p\u0159edch\u00e1zela, nem\u011bli div\u00e1ci o dramatick\u00e9 okam\u017eiky v pr\u016fb\u011bhu z\u00e1vodu nouzi&#8230;<\/p>\n<p style=\"text-align: justify;\">MORAVEC Team, kter\u00fd m\u00e1 za sebou u\u017e &#8222;ostrou st\u0159elbu&#8220; z poh\u00e1rov\u00fdch Teplic, se &#8222;U pazderny&#8220; p\u0159edstavil \u00a0tak\u0159ka se v\u0161emi sv\u00fdmi hv\u011bzdami i hv\u011bzdi\u010dkmi a na\u0161i beze zbytku potvrdili poctiv\u00fdmi v\u00fdkony i kvalitn\u00edmi v\u00fdsledky, co nazna\u010dily Teplice. Na u\u010debnicov\u00fd v\u00edt\u011bzn\u00fd z\u00e1v\u011br z\u00e1vodu <strong>Barunky Tlamkov\u00e9<\/strong> (o sv\u00e9m v\u00edt\u011bzstv\u00ed v kategorii d\u00edvek 7-8 let rozhodla m\u00e1lo v\u00eddan\u00fdm p\u0159edj\u00ed\u017ed\u011bc\u00edm man\u00e9vrem po vn\u011bj\u0161\u00ed stran\u011b posledn\u00ed zat\u00e1\u010dky p\u0159ed c\u00edlem) nav\u00e1zala bronzem po bojovn\u00e9m v\u00fdkonu p\u0159i sv\u00e9m premi\u00e9rov\u00e9m startu mezi d\u00edvkami \u0161ikovn\u00e1 <strong>Ani\u010dka Smutn\u00e1 <\/strong>a do zlat\u00e9ho opojen\u00ed<strong>\u00a0<\/strong>n\u00e1s n\u00e1sledn\u011b vr\u00e1til ve stejn\u00e9 kateegorii chlapc\u016f \u0161ikovn\u00fd\u00a0<strong>Jakub Tesa\u0159.\u00a0<\/strong>O\u010dek\u00e1van\u00e9 medailov\u00e9 \u017en\u011b n\u00e1m pak p\u0159inesli \u017e\u00e1kovsk\u00e9 kategorie, kde <strong>Tererzka Obo\u0159ilov\u00e1<\/strong> ziskem st\u0159\u00edbra nazna\u010dila, \u017ee zdravotn\u00ed trable jsou ji\u017e p\u0159ekon\u00e1ny a mezi chlapci se p\u0159ed soupe\u0159i suver\u00e9nn\u011b prosadila favorizovan\u00e1 dvojice na\u0161ich &#8222;snajpr\u016f&#8220; <strong>Tom\u00e1\u0161 Tlamka &#8222;Contador&#8220;<\/strong> &#8211; <strong>Michla \u0160m\u00edda. <\/strong>V\u00a0t\u00e9to presti\u017en\u00ed kategorii jsme d\u00edk jmenovan\u00fdm chlapc\u016fm tedy brali cenn\u00e9 &#8222;double&#8220;! \u00a0Ne mnoho chyb\u011blo a na kluky nav\u00e1zali na\u0161e kadetky: Aktu\u00e1ln\u00ed formu na technick\u00e9m okrouhleck\u00e9m okruhu potvrdila v c\u00edli jasn\u011b prvn\u00ed <strong>Jana Tesa\u0159ov\u00e1\u00a0<\/strong>a na dom\u00e1c\u00ed trati si vedla v\u00fdborn\u011b i ve fini\u0161i bronzov\u00e1\u00a0<strong>Monika Kone\u010dn\u00e1.\u00a0<\/strong>Medailov\u00fd \u00fa\u010det MORAVEC Teamu zavr\u0161ili ziskem st\u0159\u00edbra junior <strong>Patrik Kol\u00e1\u0159\u00a0<\/strong>a ve slu\u0161n\u011b obsazen\u00e9m z\u00e1vod\u011b \u017een ELITE i <strong>Eva Zem\u00e1nkov\u00e1,\u00a0<\/strong>aby zaltou te\u010dku ud\u011blal za na\u0161\u00edm sympatick\u00fd vystoupen\u00edm z\u00e1vod od z\u00e1vodu se lep\u0161\u00edc\u00ed <strong>Radim Kov\u00e1\u0159. J<\/strong>menovan\u00fdm medailist\u016fm pat\u0159\u00ed blahop\u0159\u00e1n\u00ed, v\u0161em ostatn\u00edm startuj\u00edc\u00edm v barv\u00e1ch MORAVCE pak beze zbytku velk\u00fd d\u00edk za bojovn\u00e9 v\u00fdkony &#8222;na doraz&#8220;. Komplet v\u00fdsledkov\u00fd servis najdete tradi\u010dn\u011b na\u00a0<strong><a href=\"http:\/\/www.pohardrahanskevrchoviny.cz\/\">http:\/\/www.pohardrahanskevrchoviny.cz\/<\/a>,\u00a0<\/strong>salva par\u00e1dn\u00edch je u\u017e na<a href=\"http:\/\/moravecteam.rajce.idnes.cz\/\">\u00a0<\/a><strong><a href=\"http:\/\/moravecteam.rajce.idnes.cz\/\">http:\/\/moravecteam.rajce.idnes.cz\/<\/a>.<\/strong><\/p>\n<p style=\"text-align: justify;\">Krom\u011b tituln\u00ed fotky sem &#8222;\u0161upnu&#8220; dal\u0161\u00ed fotos \u00a0nacvakan\u00e9 v ned\u011bli na m\u00e9m NIKONU z\u00edtra, a z\u00edtra zde taky najdete i dal\u0161\u00ed dva \u010dl\u00e1nky: ze sv\u011b\u0165\u00e1ku junior\u016f v Rakousku (jeli tam na\u0161i odchovanci <strong>Ad\u00e9la \u0160af\u00e1\u0159ov\u00e1<\/strong> s <strong>Dom\u010dou Prudkem<\/strong>) a z oslavy narozenin &#8222;velk\u00e9&#8220; <strong>Evy MORAVCOV\u00c9<\/strong>, kter\u00e9\u017eto jsme byli povin\u0161ovat k jej\u00edm &#8222;kulatin\u00e1m&#8220; v p\u0159edve\u010der prvn\u00edho z\u00e1vodu Poh\u00e1ru Drahansk\u00e9 vrchoviny na Okrouhl\u00e9.<\/p>\n","protected":false},"excerpt":{"rendered":"<p>\u010ctrn\u00e1ct\u00fd ro\u010dn\u00edk, dnes u\u017e v pravd\u011b kultovn\u00ed, region\u00e1ln\u00ed MTB s\u00e9rie, m\u00e1 za sebou prvn\u00ed ze t\u0159in\u00e1cti leto\u0161n\u00edch d\u00edl\u016f. Premi\u00e9rov\u00fdm hostitelem biker\u016f byla Okrouhl\u00e1, obec to horsk\u00fdm kol\u016fm vpravd\u011b zasl\u00edben\u00e1, kter\u00e1 se m\u016f\u017ee z ne tak ned\u00e1vn\u00e9 minulosti chlubit dvojn\u00e1sobn\u00fdm po\u0159adatelstv\u00edm z\u00e1vodu \u010cesk\u00e9ho poh\u00e1ru MTB XCO.\u00a0 A overtura to byla posledn\u00ed dubnovou ned\u011bli na zdej\u0161\u00edch mistrovsk\u00fdch &hellip; <a href=\"https:\/\/www.moravecteam.cz\/?p=436\" class=\"more-link\">Pokra\u010dov\u00e1n\u00ed textu <span class=\"screen-reader-text\">Vrchovina odstartovala!<\/span> <span class=\"meta-nav\">&rarr;<\/span><\/a><\/p>\n","protected":false},"author":3,"featured_media":443,"comment_status":"closed","ping_status":"open","sticky":false,"template":"","format":"standard","meta":[],"categories":[1],"tags":[],"_links":{"self":[{"href":"https:\/\/www.moravecteam.cz\/index.php?rest_route=\/wp\/v2\/posts\/436"}],"collection":[{"href":"https:\/\/www.moravecteam.cz\/index.php?rest_route=\/wp\/v2\/posts"}],"about":[{"href":"https:\/\/www.moravecteam.cz\/index.php?rest_route=\/wp\/v2\/types\/post"}],"author":[{"embeddable":true,"href":"https:\/\/www.moravecteam.cz\/index.php?rest_route=\/wp\/v2\/users\/3"}],"replies":[{"embeddable":true,"href":"https:\/\/www.moravecteam.cz\/index.php?rest_route=%2Fwp%2Fv2%2Fcomments&post=436"}],"version-history":[{"count":6,"href":"https:\/\/www.moravecteam.cz\/index.php?rest_route=\/wp\/v2\/posts\/436\/revisions"}],"predecessor-version":[{"id":442,"href":"https:\/\/www.moravecteam.cz\/index.php?rest_route=\/wp\/v2\/posts\/436\/revisions\/442"}],"wp:featuredmedia":[{"embeddable":true,"href":"https:\/\/www.moravecteam.cz\/index.php?rest_route=\/wp\/v2\/media\/443"}],"wp:attachment":[{"href":"https:\/\/www.moravecteam.cz\/index.php?rest_route=%2Fwp%2Fv2%2Fmedia&parent=436"}],"wp:term":[{"taxonomy":"category","embeddable":true,"href":"https:\/\/www.moravecteam.cz\/index.php?rest_route=%2Fwp%2Fv2%2Fcategories&post=436"},{"taxonomy":"post_tag","embeddable":true,"href":"https:\/\/www.moravecteam.cz\/index.php?rest_route=%2Fwp%2Fv2%2Ftags&post=436"}],"curies":[{"name":"wp","href":"https:\/\/api.w.org\/{rel}","templated":true}]}}