{"id":4688,"date":"2016-06-21T00:45:18","date_gmt":"2016-06-20T22:45:18","guid":{"rendered":"http:\/\/www.moravecteam.cz\/?p=4688"},"modified":"2016-06-21T10:04:43","modified_gmt":"2016-06-21T08:04:43","slug":"co-se-bude-dit-st","status":"publish","type":"post","link":"https:\/\/www.moravecteam.cz\/?p=4688","title":{"rendered":"Co se bude d\u00edt? (ST25)"},"content":{"rendered":"<h5><span style=\"color: #800000;\">St\u0159eda 22.6. 2016<\/span><\/h5>\n<p style=\"text-align: justify;\">Spole\u010dn\u00fd tr\u00e9nink skupin tren\u00e9r\u016f V\u00edti Prudka a Milana Tlamky. Sraz v 17.00 hodin na trat\u00edch dal\u0161\u00edho z\u00e1vodu PDV ve \u017d\u010f\u00e1rn\u00e9.<\/p>\n<h5><span style=\"color: #800000;\">P\u00e1tek 24.6. 2016<\/span><\/h5>\n<p style=\"text-align: justify;\">Od 17.00 hodin tr\u00e9nink MORAVC\u016e na trat\u00edch 7. z\u00e1vodu MTB Poh\u00e1ru Drahansk\u00e9 vrchoviny, ve \u017d\u010f\u00e1rn\u00e9. P\u0159ij\u010fte pokud mo\u017eno v\u0161ichni, proto\u017ee od 18.30 zde prob\u011bhne pro MORAVEC \u0161kolen\u00ed prvn\u00ed pomoci pro p\u0159\u00edpad \u00faraz\u016f na kole. \u00a0Jinak ur\u010den\u00ed z\u00e1stupci MORAVEC Teamu (sraz v prostoru startu a c\u00edle\u00a0tak\u00e9 v 17.00 hodin) dolad\u00ed s\u00a0m\u00edstn\u00edmi \u00a0po\u0159adateli v\u0161e pot\u0159ebn\u00e9 na sobotn\u00ed z\u00e1vod MTB XCO.<\/p>\n<h5><span style=\"color: #800000;\">Sobota 25.6. 2016<\/span><\/h5>\n<p style=\"text-align: justify;\">Sedm\u00fd z\u00e1vod 15. ro\u010dn\u00edku MTB Poh\u00e1ru Drahansk\u00e9 Vrchoviny ve \u017d\u010f\u00e1rn\u00e9. Sraz MORAVC\u016e, kte\u0159\u00ed budou pom\u00e1hat s organizac\u00ed z\u00e1vodu, je v 7.45 hodin v prostoru startu a c\u00edle z\u00e1vodu (u m\u00edstn\u00ed sportovn\u00ed haly). \u00da\u010dast a dopravu si na z\u00e1vod zaji\u0161\u0165uje ka\u017ed\u00fd individu\u00e1ln\u011b.\u00a0\u00a0Zde studujte\u00a0<strong><a href=\"http:\/\/www.pohardrahanskevrchoviny.cz\/novinky-ve-zdarne\/\">propozice a pl\u00e1nky trat\u00ed<\/a><\/strong>.<\/p>\n<h5><\/h5>\n","protected":false},"excerpt":{"rendered":"<p>St\u0159eda 22.6. 2016 Spole\u010dn\u00fd tr\u00e9nink skupin tren\u00e9r\u016f V\u00edti Prudka a Milana Tlamky. Sraz v 17.00 hodin na trat\u00edch dal\u0161\u00edho z\u00e1vodu PDV ve \u017d\u010f\u00e1rn\u00e9. P\u00e1tek 24.6. 2016 Od 17.00 hodin tr\u00e9nink MORAVC\u016e na trat\u00edch 7. z\u00e1vodu MTB Poh\u00e1ru Drahansk\u00e9 vrchoviny, ve \u017d\u010f\u00e1rn\u00e9. P\u0159ij\u010fte pokud mo\u017eno v\u0161ichni, proto\u017ee od 18.30 zde prob\u011bhne pro MORAVEC \u0161kolen\u00ed prvn\u00ed pomoci &hellip; <a href=\"https:\/\/www.moravecteam.cz\/?p=4688\" class=\"more-link\">Pokra\u010dov\u00e1n\u00ed textu <span class=\"screen-reader-text\">Co se bude d\u00edt? (ST25)<\/span> <span class=\"meta-nav\">&rarr;<\/span><\/a><\/p>\n","protected":false},"author":3,"featured_media":4693,"comment_status":"open","ping_status":"closed","sticky":false,"template":"","format":"standard","meta":[],"categories":[11],"tags":[],"_links":{"self":[{"href":"https:\/\/www.moravecteam.cz\/index.php?rest_route=\/wp\/v2\/posts\/4688"}],"collection":[{"href":"https:\/\/www.moravecteam.cz\/index.php?rest_route=\/wp\/v2\/posts"}],"about":[{"href":"https:\/\/www.moravecteam.cz\/index.php?rest_route=\/wp\/v2\/types\/post"}],"author":[{"embeddable":true,"href":"https:\/\/www.moravecteam.cz\/index.php?rest_route=\/wp\/v2\/users\/3"}],"replies":[{"embeddable":true,"href":"https:\/\/www.moravecteam.cz\/index.php?rest_route=%2Fwp%2Fv2%2Fcomments&post=4688"}],"version-history":[{"count":5,"href":"https:\/\/www.moravecteam.cz\/index.php?rest_route=\/wp\/v2\/posts\/4688\/revisions"}],"predecessor-version":[{"id":4694,"href":"https:\/\/www.moravecteam.cz\/index.php?rest_route=\/wp\/v2\/posts\/4688\/revisions\/4694"}],"wp:featuredmedia":[{"embeddable":true,"href":"https:\/\/www.moravecteam.cz\/index.php?rest_route=\/wp\/v2\/media\/4693"}],"wp:attachment":[{"href":"https:\/\/www.moravecteam.cz\/index.php?rest_route=%2Fwp%2Fv2%2Fmedia&parent=4688"}],"wp:term":[{"taxonomy":"category","embeddable":true,"href":"https:\/\/www.moravecteam.cz\/index.php?rest_route=%2Fwp%2Fv2%2Fcategories&post=4688"},{"taxonomy":"post_tag","embeddable":true,"href":"https:\/\/www.moravecteam.cz\/index.php?rest_route=%2Fwp%2Fv2%2Ftags&post=4688"}],"curies":[{"name":"wp","href":"https:\/\/api.w.org\/{rel}","templated":true}]}}